{"id":545202,"date":"2026-06-18T17:28:22","date_gmt":"2026-06-18T17:28:22","guid":{"rendered":"https:\/\/www.europesays.com\/it\/545202\/"},"modified":"2026-06-18T17:28:22","modified_gmt":"2026-06-18T17:28:22","slug":"in-portogallo-tutti-contro-cristiano-ronaldo-in-campo-cammina-e-i-numeri-preoccupano","status":"publish","type":"post","link":"https:\/\/www.europesays.com\/it\/545202\/","title":{"rendered":"In Portogallo tutti contro Cristiano Ronaldo: \u00abIn campo cammina\u00bb. E i numeri preoccupano"},"content":{"rendered":"<p>    di<br \/>\n    Nicol\u00f2 Franceschin<\/p>\n<p class=\"summary-art is-line-h-12\">Quante polemiche intorno al capitano: Henry lo critica, gli avversari lo sottovalutano. E i dubbi sul suo ruolo aumentano<\/p>\n<p class=\"chapter-paragraph\">\u00abL\u2019ultimo ballo di Lionel Messi e Cristiano Ronaldo\u00bb. Per uno si \u00e8 trasformato in una mondiale celebrazione del suo eterno talento. Per l\u2019altro in un potenziale incubo. Un inizio di Coppa del Mondo agli antipodi per i due campioni. Leo ha rispettato, o forse superato, le attese.<b> CR7 ha deluso tutti. <\/b>Quella <a href=\"https:\/\/www.corriere.it\/sport\/calcio\/mondiali\/diretta-live\/26_giugno_17\/mondiali-2026-partite-oggi-risultato-diretta-portogallo-inghilterra-croazia.shtml\" rel=\"nofollow noopener\" target=\"_blank\">contro il Congo <\/a>sembrava essere la partita perfetta per rispondere alla <a href=\"https:\/\/www.corriere.it\/sport\/calcio\/mondiali\/26_giugno_17\/sette-record-messi-9c18b4c4-72b7-44b5-bb53-018bae56axlk.shtml\" rel=\"nofollow noopener\" target=\"_blank\">prestazione da record <\/a>dell\u2019eterno rivale argentino. Ma \u00e8 andata diversamente. <b>\u00abNon \u00e8 pi\u00f9 lo stesso\u00bb, \u00abInsufficiente\u00bb, \u00abCammina in campo\u00bb, \u00abEgoista\u00bb.<\/b> Non perdete tempo a trovare qualche una nuova critica, con ogni probabilit\u00e0 ci ha gi\u00e0 pensato qualche testata giornalistica, opinionista o tifoso. Il capitano del Portogallo \u00e8 stato individuato da (quasi) tutti come <b>il colpevole principale del pareggio<\/b> nella gara di debutto di questo Mondiale. E i numeri e le immagini della partita non aiutano a scagionarlo.<\/p>\n<p>\n    &#13;<br \/>\n&#13;<br \/>\n&#13;<br \/>\n&#13;<br \/>\n&#13;<br \/>\n&#13;<br \/>\n&#13;<br \/>\n&#13;<br \/>\n&#13;<br \/>\n&#13;<br \/>\n&#13;<br \/>\n&#13;<br \/>\n&#13;<br \/>\n&#13;<br \/>\n&#13;<br \/>\n&#13;<br \/>\n&#13;<br \/>\n&#13;<br \/>\n&#13;<br \/>\n&#13;<br \/>\n&#13;<br \/>\n&#13;<br \/>\n&#13;<br \/>\n&#13;<br \/>\n&#13;<br \/>\n&#13;<br \/>\n&#13;<br \/>\n&#13;<br \/>\n&#13;<br \/>\n&#13;<br \/>\n&#13;<br \/>\n&#13;<br \/>\n&#13;<br \/>\n&#13;<br \/>\n&#13;<br \/>\n&#13;<br \/>\n&#13;<br \/>\n&#13;<br \/>\n&#13;<br \/>\n&#13;<br \/>\n&#13;<br \/>\n&#13;<br \/>\n&#13;<br \/>\n&#13;<br \/>\n&#13;<br \/>\n&#13;<br \/>\n&#13;<br \/>\n&#13;<br \/>\n&#13;<br \/>\n&#13;<br \/>\n&#13;<br \/>\n&#13;<br \/>\n&#13;<br \/>\n[an error occurred while processing this directive]\n<\/p>\n<p class=\"chapter-paragraph\">Ma facciamo un passo indietro. Le perplessit\u00e0 sulla sua funzionalit\u00e0 e il suo ruolo erano gi\u00e0 sorte dopo l\u2019ultima amichevole prima del viaggio negli Usa. Tanti errori, pochi palloni toccati. Lui aveva tranquillizzato tutti: \u00ab<b>Fisicamente? Sto bene, non avete visto le partite?<\/b>\u00bb. Poi \u00e8 arrivato il Mondiale. E la situazione \u00e8 peggiorata. 0 gol, due occasioni sbagliati, meno palloni toccati del suo portiere, primo per momenti passati camminando in campo. E, fischiata la fine del match, le critiche non si sono risparmiate. La prima, a sorpresa, \u00e8 arrivata dal giocatore della Repubblica Democratica del Congo Mukau: \u00ab<b>A essere sinceri, non abbiamo preparato alcuna strategia speciale per Cristiano Ronaldo.<\/b> Sappiamo che non \u00e8 pi\u00f9 quello di una volta, \u00e8 un po\u2019 pi\u00f9 vecchio\u00bb. Poi ci ha pensato Henry a rincarare la dose: \u00abPoich\u00e9 Ronaldo vuole essere lui a segnare, incrocia la strada di Bruno Fernandes e sbaglia un gol facile\u00bb. E poi le testate nazionali. Il giudizio di A Bola e Record \u00e8 chiaro: \u00ab<b>Cos\u00ec non va<\/b>\u00bb. Critiche che sono piovute anche <b>su c.t. Martinez, colpevole di non avere il coraggio di sostituire il suo capitano<\/b>. E se non bastasse, nelle ultime ore si parla di nuove polemiche nate da un like della sorella di CR7 a un post che criticava Bruno Fernandes o per video che mostrano l\u2019attaccante che prova a evitare il saluto con i giocatori del Congo a match finito. Una brutta fotografia.    &#13;<br \/>\n&#13;<br \/>\n&#13;<br \/>\n&#13;<br \/>\n&#13;<br \/>\n&#13;<br \/>\n&#13;<br \/>\n&#13;<br \/>\n&#13;<br \/>\n&#13;<br \/>\n&#13;<br \/>\n&#13;<br \/>\n&#13;<br \/>\n&#13;<br \/>\n&#13;<br \/>\n&#13;<br \/>\n&#13;<br \/>\n&#13;<br \/>\n&#13;<br \/>\n&#13;<br \/>\n&#13;<br \/>\n&#13;<br \/>\n&#13;<br \/>\n&#13;<br \/>\n&#13;<br \/>\n&#13;<br \/>\n&#13;<br \/>\n&#13;<br \/>\n&#13;<br \/>\n&#13;<br \/>\n&#13;<br \/>\n&#13;<br \/>\n&#13;<br \/>\n&#13;<br \/>\n&#13;<br \/>\n&#13;<br \/>\n&#13;<br \/>\n&#13;<br \/>\n&#13;<br \/>\n&#13;<br \/>\n&#13;<br \/>\n&#13;<br \/>\n&#13;<br \/>\n&#13;<br \/>\n&#13;<br \/>\n&#13;<br \/>\n&#13;<br \/>\n&#13;<br \/>\n&#13;<br \/>\n&#13;<br \/>\n&#13;<br \/>\n&#13;<br \/>\n&#13;\n<\/p>\n<p>\n    &#13;<br \/>\n&#13;<br \/>\n&#13;<br \/>\n&#13;<br \/>\n&#13;<br \/>\n&#13;<br \/>\n&#13;<br \/>\n&#13;<br \/>\n&#13;<br \/>\n&#13;<br \/>\n&#13;<br \/>\n&#13;<br \/>\n&#13;<br \/>\n&#13;<br \/>\n&#13;<br \/>\n&#13;<br \/>\n&#13;<br \/>\n&#13;<br \/>\n&#13;<br \/>\n&#13;<br \/>\n&#13;<br \/>\n&#13;<br \/>\n&#13;<br \/>\n&#13;<br \/>\n&#13;<br \/>\n&#13;<br \/>\n&#13;<br \/>\n&#13;<br \/>\n&#13;<br \/>\n&#13;<br \/>\n&#13;<br \/>\n&#13;<br \/>\n&#13;<br \/>\n&#13;<br \/>\n&#13;<br \/>\n&#13;<br \/>\n&#13;<br \/>\n&#13;<br \/>\n&#13;<br \/>\n&#13;<br \/>\n&#13;<br \/>\n&#13;<br \/>\n&#13;<br \/>\n&#13;<br \/>\n&#13;<br \/>\n&#13;<br \/>\n&#13;<br \/>\n&#13;<br \/>\n&#13;<br \/>\n&#13;<br \/>\n&#13;<br \/>\n&#13;<br \/>\n&#13;<br \/>\n[an error occurred while processing this directive]\n<\/p>\n<p class=\"chapter-paragraph\">Se doveva essere il Mondiale di Messi e Ronaldo, l\u2019inizio sembra raccontare una storia diversa. Si riassume tutto nell\u2019ultima immagine di Cristiano sul campo dello Houston Stadium. Il capitano cammina da solo verso gli spogliatoi, accompagnato dal coro dei tifosi avversari \u00ab<b>Messi, Messi, Messi<\/b>\u00bb. Lui ci \u00e8 abituato, ma questa volta \u00e8 diversa dalle altre. Lui ha steccato, Leo no. <b>La risposta del portoghese \u00e8 un applauso polemico verso gli spalti. <\/b>Gi\u00e0, polemico. Come ogni commento che lo riguarder\u00f2 nelle ore successive.\u00a0<\/p>\n<p class=\"is-last-update\" datetime=\"2026-06-18T15:51:06+02:00\">18 giugno 2026<\/p>\n<p class=\"is-copyright\">\n            \u00a9 RIPRODUZIONE RISERVATA\n        <\/p>\n","protected":false},"excerpt":{"rendered":"di Nicol\u00f2 Franceschin Quante polemiche intorno al capitano: Henry lo critica, gli avversari lo sottovalutano. E i dubbi&hellip;\n","protected":false},"author":3,"featured_media":545203,"comment_status":"","ping_status":"","sticky":false,"template":"","format":"standard","meta":{"footnotes":"","_share_on_mastodon":"0"},"categories":[176],"tags":[8449,10100,181227,110991,921,8230,7022,16220,6101,6140,14335,9182,2729,24905,181222,1976,9165,1302,1537,90,89,12606,1894,59,300157,1353,1294,22330,300306,1290,23,15266,215917,17294,3421,1956,245,244],"class_list":["post-545202","post","type-post","status-publish","format-standard","has-post-thumbnail","category-sport","tag-avversari","tag-bruno","tag-bruno-fernandes","tag-cammina","tag-campo","tag-capitano","tag-colpevole","tag-congo","tag-cristiano","tag-cristiano-ronaldo","tag-critica","tag-critiche","tag-diversa","tag-eterno","tag-fernandes","tag-gol","tag-henry","tag-inizio","tag-it","tag-italia","tag-italy","tag-leo","tag-match","tag-messi","tag-messi-messi","tag-mondiale","tag-numeri","tag-palloni","tag-palloni-toccati","tag-partita","tag-pensato","tag-polemiche","tag-polemico","tag-portogallo","tag-record","tag-ronaldo","tag-sport","tag-sports"],"share_on_mastodon":{"url":"https:\/\/pubeurope.com\/@it\/116772294428574595","error":""},"_links":{"self":[{"href":"https:\/\/www.europesays.com\/it\/wp-json\/wp\/v2\/posts\/545202","targetHints":{"allow":["GET"]}}],"collection":[{"href":"https:\/\/www.europesays.com\/it\/wp-json\/wp\/v2\/posts"}],"about":[{"href":"https:\/\/www.europesays.com\/it\/wp-json\/wp\/v2\/types\/post"}],"author":[{"embeddable":true,"href":"https:\/\/www.europesays.com\/it\/wp-json\/wp\/v2\/users\/3"}],"replies":[{"embeddable":true,"href":"https:\/\/www.europesays.com\/it\/wp-json\/wp\/v2\/comments?post=545202"}],"version-history":[{"count":0,"href":"https:\/\/www.europesays.com\/it\/wp-json\/wp\/v2\/posts\/545202\/revisions"}],"wp:featuredmedia":[{"embeddable":true,"href":"https:\/\/www.europesays.com\/it\/wp-json\/wp\/v2\/media\/545203"}],"wp:attachment":[{"href":"https:\/\/www.europesays.com\/it\/wp-json\/wp\/v2\/media?parent=545202"}],"wp:term":[{"taxonomy":"category","embeddable":true,"href":"https:\/\/www.europesays.com\/it\/wp-json\/wp\/v2\/categories?post=545202"},{"taxonomy":"post_tag","embeddable":true,"href":"https:\/\/www.europesays.com\/it\/wp-json\/wp\/v2\/tags?post=545202"}],"curies":[{"name":"wp","href":"https:\/\/api.w.org\/{rel}","templated":true}]}}