{"id":545316,"date":"2026-06-18T19:14:27","date_gmt":"2026-06-18T19:14:27","guid":{"rendered":"https:\/\/www.europesays.com\/it\/545316\/"},"modified":"2026-06-18T19:14:27","modified_gmt":"2026-06-18T19:14:27","slug":"che-fine-fara-caterpillar-radio-2-lo-sfogo-dei-conduttori-e-la-replica-della-rai-nessuna-chiusura","status":"publish","type":"post","link":"https:\/\/www.europesays.com\/it\/545316\/","title":{"rendered":"Che fine far\u00e0 Caterpillar Radio 2? Lo sfogo dei conduttori e la replica della Rai: \u00abNessuna chiusura\u00bb"},"content":{"rendered":"<p>La trasmissione \u00e8 in onda da oltre 29 anni. Ieri lo sfogo di Massimo Cirri, che conduce con Sara Zambotti: \u00abCi sarebbe piaciuto dire agli ascoltatori qualcosa del futuro di Caterpillar. Ci sembrava corretto\u00bb<\/p>\n<p>\t\t\t<a href=\"https:\/\/google.com\/preferences\/source?q=open.online\" target=\"_blank\" rel=\"nofollow noopener\"><img loading=\"lazy\" decoding=\"async\" src=\"https:\/\/www.europesays.com\/it\/wp-content\/uploads\/2026\/05\/gps@2x.png\" alt=\"Google Preferred Site\" width=\"200\" height=\"63\"\/><\/a><\/p>\n<p class=\"wp-block-paragraph\">\u00abLeggiamo con stupore della possibile chiusura della trasmissione\u00a0Caterpillar, <strong>\u00e8 una notizia priva di fondamento<\/strong>. La direzione di Radio2 sta lavorando ai nuovi palinsesti che verranno comunicati nei tempi e nei modi consueti\u00bb. Questa la risposta Rai sull\u2019incertezza finora emersa sulla storica trasmissione di Radio 2. Ieri, con un post sui social, il conduttore <strong>Massimo Cirri<\/strong> che lavora con la collega <strong>Sara Zambotti<\/strong>, aveva denunciato:  \u00ab\u201dLe ascoltatrici e gli ascoltatori di Caterpillar Radio2 hanno diritto alla massima chiarezza\u201d. Cos\u00ec mercoled\u00ec 17 giugno, sul finire della puntata, con <strong>Sara Zambotti <\/strong>abbiamo detto questo\u00bb. \u00ab<strong>Ci sarebbe piaciuto dire qualcosa del futuro di Caterpillar. Ci sembrava corretto.<\/strong> L\u20198 maggio e di nuovo il 4 giugno abbiamo chiesto alle Direzioni: \u201cChe sar\u00e0 di Caterpillar?\u201d. Non abbiamo ricevuto risposta. C\u2019\u00e8 chi dice che la mancata risposta di un potere \u00e8 gi\u00e0 una risposta di quel potere. Secondo altri \u00e8, semplicemente, una cafonata. Rara, in Rai, ma pu\u00f2 capitare. Altri di noi avrebbero preferito ricevere un cenno: <strong>il classico \u201cVi faremo sapere\u201d o il pi\u00f9 virile \u201cFottetevi\u201d. Invece niente<\/strong>\u00bb, spiega Cirri. <\/p>\n<p class=\"wp-block-paragraph\">Oggi, sottolinea il conduttore, saranno a Vicenza per il <strong>Caterraduno<\/strong>, al Lumen Festival. \u00abIn questi 29 anni sei mesi e un giorno di onda \u2013 ricorda \u2013 <strong>pi\u00f9 di 70mila persone hanno detto qualcosa in onda<\/strong>. Di s\u00e9 e del mondo. Sempre con intelligenza, piacevolezza e precise parole. Stando al gioco, facendo il gioco della radio pubblica. Al <strong>Caterraduno 96 coppie di ascoltatori hanno scelto di sposarsi con Caterpillar a celebrare<\/strong>. Dovevano essere 100, ma 4 maschi scapparono la notte prima. Abbiamo sentito giovani studenti e studentesse in giro per il mondo, quelli di Intercultura, e tutti sono stati al gioco, facendo il gioco della radio pubblica. E poi centinaia di ascoltatrici e ascoltatori che stavano lontano si sono messi a disposizione e sono diventati Corrispondenti. Glielo ha insegnato Antonio Luca Di Bella, un grande giornalista, a raccontare il mondo. E siamo andati in onda dal Cern di Ginevra\u00bb.<\/p>\n<p>\u00abGli ascoltatori vanno informati\u00bb<\/p>\n<p class=\"wp-block-paragraph\">\u00abE quindi secondo noi \u2013 ma siamo gente presuntuosa, abbiate piet\u00e0 \u2013 <strong>le ascoltatrici e gli ascoltatori che hanno fatto e fanno Caterpillar andrebbero resi edotti<\/strong> del loro futuro e di sicuro vanno molto molto ringraziati\u00bb, aggiunge Cirri. Dopo lo sfogo, la nota da Viale Mazzini sulle agenzie: nessuna chiusura. Ma la comunicazione interna evidentemente non c\u2019\u00e8 stata. <\/p>\n","protected":false},"excerpt":{"rendered":"La trasmissione \u00e8 in onda da oltre 29 anni. Ieri lo sfogo di Massimo Cirri, che conduce con&hellip;\n","protected":false},"author":3,"featured_media":545317,"comment_status":"","ping_status":"","sticky":false,"template":"","format":"standard","meta":{"footnotes":"","_share_on_mastodon":"0"},"categories":[1443],"tags":[23800,300375,300376,300377,300379,300373,300380,300381,300382,432,300383,300374,15948,10560,203,2024,300384,300385,300386,300387,1148,204,1537,90,89,1538,1539,9167,4061,2848,4172,45166,15839,300378],"class_list":["post-545316","post","type-post","status-publish","format-standard","has-post-thumbnail","category-musica","tag-ascoltatori","tag-ascoltatori-caterpillar","tag-ascoltatrici","tag-ascoltatrici-ascoltatori","tag-ascoltatrici-ascoltatori-caterpillar","tag-caterpillar","tag-caterpillar-sembrava","tag-caterpillar-sembrava-corretto","tag-caterraduno","tag-chiusura","tag-chiusura-trasmissione","tag-cirri","tag-conduttore","tag-corretto","tag-entertainment","tag-gioco","tag-gioco-gioco","tag-gioco-gioco-radio","tag-gioco-radio","tag-gioco-radio-pubblica","tag-giugno","tag-intrattenimento","tag-it","tag-italia","tag-italy","tag-music","tag-musica","tag-onda","tag-radio","tag-rai","tag-risposta","tag-sfogo","tag-trasmissione","tag-zambotti"],"share_on_mastodon":{"url":"","error":"Validation failed: Text character limit of 500 exceeded"},"_links":{"self":[{"href":"https:\/\/www.europesays.com\/it\/wp-json\/wp\/v2\/posts\/545316","targetHints":{"allow":["GET"]}}],"collection":[{"href":"https:\/\/www.europesays.com\/it\/wp-json\/wp\/v2\/posts"}],"about":[{"href":"https:\/\/www.europesays.com\/it\/wp-json\/wp\/v2\/types\/post"}],"author":[{"embeddable":true,"href":"https:\/\/www.europesays.com\/it\/wp-json\/wp\/v2\/users\/3"}],"replies":[{"embeddable":true,"href":"https:\/\/www.europesays.com\/it\/wp-json\/wp\/v2\/comments?post=545316"}],"version-history":[{"count":0,"href":"https:\/\/www.europesays.com\/it\/wp-json\/wp\/v2\/posts\/545316\/revisions"}],"wp:featuredmedia":[{"embeddable":true,"href":"https:\/\/www.europesays.com\/it\/wp-json\/wp\/v2\/media\/545317"}],"wp:attachment":[{"href":"https:\/\/www.europesays.com\/it\/wp-json\/wp\/v2\/media?parent=545316"}],"wp:term":[{"taxonomy":"category","embeddable":true,"href":"https:\/\/www.europesays.com\/it\/wp-json\/wp\/v2\/categories?post=545316"},{"taxonomy":"post_tag","embeddable":true,"href":"https:\/\/www.europesays.com\/it\/wp-json\/wp\/v2\/tags?post=545316"}],"curies":[{"name":"wp","href":"https:\/\/api.w.org\/{rel}","templated":true}]}}