{"id":545423,"date":"2026-06-18T20:44:15","date_gmt":"2026-06-18T20:44:15","guid":{"rendered":"https:\/\/www.europesays.com\/it\/545423\/"},"modified":"2026-06-18T20:44:15","modified_gmt":"2026-06-18T20:44:15","slug":"motogp-gp-repubblica-ceca-pronostici-e-orari-sprint-race-e-gara-dove-vederle-in-tv","status":"publish","type":"post","link":"https:\/\/www.europesays.com\/it\/545423\/","title":{"rendered":"MotoGP, GP Repubblica Ceca: pronostici e orari Sprint Race e gara, dove vederle in TV"},"content":{"rendered":"<p>Il viaggio del carrozzone della top class si sposta a Brno, dove nel weekend si correr\u00e0 l\u2019atteso Gran Premio di Repubblica Ceca. Gli appassionati hanno assistito al ritorno al successo di <strong>Marc Marquez<\/strong> nella precedente sfida del Balaton Park, centesimo trionfo in carriera nel Motomondiale, con una Aprilia che ha lanciato alle ortiche la possibilit\u00e0 di conquistare punti preziosi.<\/p>\n<p>Il primo successo stagionale di Marc Marquez \u00e8 stato favorito dalla frittata combinata da<strong> Jorge Martin<\/strong> che, alla prima curva dopo il via, ha steso i diretti rivali a causa di un errato calcolo della staccata. Dopo l\u2019operazione alla spalla e al piede destro a MM93 \u00e8 bastata una breve riabilitazione per tornare in pista e sul primo gradino del podio. L\u2019errore di Martinator ha portato al primo pesantissimo 0 in classifica di <strong>Bezzecchi.<\/strong> Nonostante lo stop in Ungheria il leader riminese ha conservato 20 punti di vantaggio in graduatoria sul teammate, mentre il minaccioso campione in carica si trova ora a -72.<\/p>\n<p>Fabio Di Giannantonio e <strong>Pedro Acosta<\/strong> sono, rispettivamente, al terzo e al quarto posto della classifica piloti. Il romano del team VR46, ancora il primo dei ducatisti con il suo -48 dalla vetta, prover\u00e0 a inserirsi nella lotta al vertice. L\u2019uomo da tenere sotto osservazione \u00e8 Marc Marquez che in un colpo solo, nel weekend ungherese, ha ridotto di 30 punti il distaccato da Bezzecchi. Lo scorso anno il numero 93 domin\u00f2 la scena ma dal punto di vista fisico sar\u00e0 pi\u00f9 impegnativa la sfida quest\u2019anno. Su una pista che gira in senso orario, quindi con prevalenza di curve a destra, lo spagnolo della <strong>Ducati<\/strong> potrebbe fare fatica.\n<\/p>\n<p>Le caratteristiche del tracciato<\/p>\n<p>Il circuito \u00e8 lungo 5.403 metri, con<strong> 14 curve<\/strong>: 8 a destra e 6 a sinistra. La Repubblica Ceca \u00e8 tornata ad accogliere il Motomondiale nel 2025 dopo quattro stagioni di assenza e lo far\u00e0 almeno fino al 2029. Il primato di vittorie in MotoGP appartiene a <a href=\"https:\/\/www.virgilio.it\/motori\/motor-sport\/moto-gp\/valentino-rossi-nuovo-enfant-prodige-vr46\/324270\/\" data-doctype=\"\" rel=\"nofollow noopener\" target=\"_blank\">Valentino Rossi<\/a> con 5 affermazioni e il 18 agosto del 1996 celebr\u00f2 il suo primo trionfo nel Motomondiale in 125. Il record della pista appartiene a<strong> Bagnaia<\/strong> su Ducati: 1:52.303 realizzato dal torinese nel 2025.<\/p>\n<p>Nuvola Rossa, seppur con un pizzico di fortuna, ha celebrato il suo terzo podio consecutivo. Il feeling con la <a href=\"https:\/\/www.virgilio.it\/motori\/motor-sport\/moto-gp\/nuova-ducati-desmosedici-gp26\/313563\/\" data-doctype=\"\" rel=\"nofollow noopener\" target=\"_blank\">Desmosedici GP26<\/a> sta migliorando, ma l\u2019ultimo \u201cback to back\u201d prima della pausa estiva ci dir\u00e0 se effettivamente il tre volte campione del mondo sia tornato a suo agio. Inoltre luned\u00ec si svolger\u00e0 anche il primo test a porte chiuse con le<strong> gomme Pirelli<\/strong> e le moto da 850cc riservato ai piloti titolari. Dal prossimo anno cambieranno le <a href=\"https:\/\/www.virgilio.it\/motori\/motor-sport\/moto-gp\/nuove-regole-cilindrata-moto-2027\/292805\/\" data-doctype=\"\" rel=\"nofollow noopener\" target=\"_blank\">regole<\/a> e c\u2019\u00e8 molta curiosit\u00e0 nel capire se effettivamente ci saranno dei passi in avanti dei costruttori giapponesi.<\/p>\n<p>Gli orari TV del GP Repubblica Ceca<\/p>\n<p>L\u2019evento di Brno verr\u00e0 trasmesso in diretta integrale da<strong> Sky Sport<\/strong> sul canale Sky Sport MotoGP (anche in mobilit\u00e0 su SkyGo) e in live streaming su NOW. <strong>TV8<\/strong> offrir\u00e0 in differita le sfide delle tre classi nella giornata di domenica. Il Gran Premio della Repubblica Ceca 2026 di MotoGP sar\u00e0 di 21 giri, mentre la Sprint Race si correr\u00e0 sulla distanza di 10 giri. Di seguito gli orari dettagliati delle trasmissioni:<\/p>\n<p><strong>Venerd\u00ec 19 giugno<\/strong><\/p>\n<ul>\n<li>FP1 Moto3: 9:00-9:35<\/li>\n<li>FP1 Moto2: 9:50-10:30<\/li>\n<li>FP1 MotoGP: 10:45-11:30<\/li>\n<li>P Moto3: 13:15-13:50<\/li>\n<li>P Moto2: 14:05-14:45<\/li>\n<li>P MotoGP: 15:00-16:00<\/li>\n<\/ul>\n<p><strong>Sabato 20 giugno<\/strong><\/p>\n<ul>\n<li>FP2 Moto3: 8:40-9:10<\/li>\n<li>FP2 Moto2: 9:25-9:55<\/li>\n<li>FP2 MotoGP: 10:10-10:40<\/li>\n<li>Qualifiche MotoGP: 10:50-11:30 (diretta su TV8)<\/li>\n<li>Qualifiche Moto3: 12:45-13:25 (diretta su TV8)<\/li>\n<li>Qualifiche Moto2: 13:40-14:20 (diretta su TV8)<\/li>\n<li>Sprint MotoGP: 15:00 (diretta su TV8)<\/li>\n<\/ul>\n<p><strong>Domenica 21 giugno<\/strong><\/p>\n<ul>\n<li>Warm-Up MotoGP: 9:40-10:50<\/li>\n<li>Gara Moto3: 11:00 (differita su TV8 alle ore 13:00)<\/li>\n<li>Gara Moto2: 12:15 (differita su TV8 alle ore 14:15)<\/li>\n<li>Gara MotoGP: 14:00 (differita su TV8 alle ore 16:00)<\/li>\n<\/ul>\n","protected":false},"excerpt":{"rendered":"Il viaggio del carrozzone della top class si sposta a Brno, dove nel weekend si correr\u00e0 l\u2019atteso Gran&hellip;\n","protected":false},"author":3,"featured_media":545424,"comment_status":"","ping_status":"","sticky":false,"template":"","format":"standard","meta":{"footnotes":"","_share_on_mastodon":"0"},"categories":[6],"tags":[3437,14,8,1537,90,89,1798,1785,7,15,82,9,83,10,245,13,11,80,84,12,81,85],"class_list":["post-545423","post","type-post","status-publish","format-standard","has-post-thumbnail","category-ultime-notizie","tag-aprilia","tag-cronaca","tag-headlines","tag-it","tag-italia","tag-italy","tag-moto-gp","tag-motogp","tag-news","tag-notizie","tag-notizie-di-cronaca","tag-notizie-principali","tag-notiziedicronaca","tag-notizieprincipali","tag-sport","tag-titoli","tag-ultime-notizie","tag-ultime-notizie-di-cronaca","tag-ultime-notizie-e-news-di-oggi","tag-ultimenotizie","tag-ultimenotiziedicronaca","tag-ultimenotizieenewsdioggi"],"share_on_mastodon":{"url":"https:\/\/pubeurope.com\/@it\/116773064889481503","error":""},"_links":{"self":[{"href":"https:\/\/www.europesays.com\/it\/wp-json\/wp\/v2\/posts\/545423","targetHints":{"allow":["GET"]}}],"collection":[{"href":"https:\/\/www.europesays.com\/it\/wp-json\/wp\/v2\/posts"}],"about":[{"href":"https:\/\/www.europesays.com\/it\/wp-json\/wp\/v2\/types\/post"}],"author":[{"embeddable":true,"href":"https:\/\/www.europesays.com\/it\/wp-json\/wp\/v2\/users\/3"}],"replies":[{"embeddable":true,"href":"https:\/\/www.europesays.com\/it\/wp-json\/wp\/v2\/comments?post=545423"}],"version-history":[{"count":0,"href":"https:\/\/www.europesays.com\/it\/wp-json\/wp\/v2\/posts\/545423\/revisions"}],"wp:featuredmedia":[{"embeddable":true,"href":"https:\/\/www.europesays.com\/it\/wp-json\/wp\/v2\/media\/545424"}],"wp:attachment":[{"href":"https:\/\/www.europesays.com\/it\/wp-json\/wp\/v2\/media?parent=545423"}],"wp:term":[{"taxonomy":"category","embeddable":true,"href":"https:\/\/www.europesays.com\/it\/wp-json\/wp\/v2\/categories?post=545423"},{"taxonomy":"post_tag","embeddable":true,"href":"https:\/\/www.europesays.com\/it\/wp-json\/wp\/v2\/tags?post=545423"}],"curies":[{"name":"wp","href":"https:\/\/api.w.org\/{rel}","templated":true}]}}