{"id":545438,"date":"2026-06-18T21:02:27","date_gmt":"2026-06-18T21:02:27","guid":{"rendered":"https:\/\/www.europesays.com\/it\/545438\/"},"modified":"2026-06-18T21:02:27","modified_gmt":"2026-06-18T21:02:27","slug":"fabri-fibra-e-la-rottura-con-la-famiglia-la-lettera-del-fratello-nesli-non-abbiamo-mai-smesso-di-amarti","status":"publish","type":"post","link":"https:\/\/www.europesays.com\/it\/545438\/","title":{"rendered":"Fabri Fibra e la rottura con\u00a0la famiglia,\u00a0la lettera del fratello\u00a0Nesli: \u201cNon abbiamo mai smesso di amarti\u201d"},"content":{"rendered":"<p>Senigallia, 17 giugno 2026 \u2013 Tutto \u00e8 iniziato trent&#8217;anni fa da <strong>Senigallia <\/strong>(Acona). <strong>Fabri Fibra<\/strong> \u00e8 partito da qui, con un talento cristallino in tasca e tantissime cose da dire. Fin da bambino ha sempre mostrato un<strong> carattere chiuso, introverso<\/strong>, mentre la sua vita scorreva tra le aule dell\u2019asilo Luigi Mercantini, della primaria Giacomo Leopardi e della secondaria Giulio Marchetti. Sullo sfondo, <strong>le sofferenze di una famiglia difficile<\/strong>: tensioni e ferite profonde che il rapper ha iniziato a raccontare fin da subito nelle sue canzoni, quando era ancora in provincia, e che con il tempo si sono fatte sempre pi\u00f9 marcate.<\/p>\n<p>Approfondisci:<\/p>\n<p><a href=\"https:\/\/www.ilrestodelcarlino.it\/rimini\/cronaca\/carlo-cracco-agriturismo-gm4j0eqq\" class=\"ArticleEmbed_article__embed__content__Jzqnz\" rel=\"nofollow noopener\" target=\"_blank\">Carlo Cracco apre l\u2019agriturismo Vistamare assieme alla moglie: 18 ettari di vigne, frutteti e campagna romagnola<img alt=\"Carlo Cracco apre l\u2019agriturismo Vistamare assieme alla moglie: 18 ettari di vigne, frutteti e campagna romagnola\" loading=\"lazy\" width=\"140\" height=\"78\" decoding=\"async\" data-nimg=\"1\" style=\"color:transparent\"  src=\"https:\/\/www.europesays.com\/it\/wp-content\/uploads\/2026\/06\/1781816545_139_carlo-cracco-e-la-moglie-rosa-fanti-conto-alla-rovescia-per-l-apertura-dell-agriturismo-in-romagna.w.webp\"\/><\/a><br \/>\nGli esordi a Senigallia e il treno per Milano <\/p>\n<p>Il rap \u00e8 sempre stato la sua grande passione, <strong>un&#8217;ossessione tale da tenerlo chiuso in casa a scrivere barre <\/strong>e comporre musica insieme all&#8217;amico Nicola &#8220;Lato&#8221; Latini, con il quale aveva dato vita al gruppo Uomini di Mare. Poi, la svolta decisiva: la scelta di salire su quel treno con destinazione Milano. All&#8217;ombra della Madonnina il rapper ha trovato chi ha creduto davvero nel suo potenziale. <strong>Nei primi anni 2000 \u00e8 arrivato il grande successo<\/strong> di pubblico, consacrato da una pioggia di <strong>dischi d&#8217;oro e di platino<\/strong>.<\/p>\n<p> <img alt=\"Le vecchie foto di famiglia postate su Instagram da Nesli, insieme alla lettera per il fratello Fabri Fibra\" loading=\"lazy\" width=\"1600\" height=\"900\" decoding=\"async\" data-nimg=\"1\" style=\"color:transparent;max-width:100%;height:auto\"   src=\"https:\/\/www.europesays.com\/it\/wp-content\/uploads\/2026\/06\/le-vecchie-foto-di-famiglia-postate-su-instagram-da-nesli-insieme-alla-lettera-per-il-fratello-fabri.webp\"\/><\/p>\n<p>Le vecchie foto di famiglia postate su Instagram da Nesli, insieme alla lettera per il fratello Fabri Fibra<\/p>\n<p>L&#8217;addio alla Riviera e il taglio dei ponti con i familiari <\/p>\n<p>Con l&#8217;addio a Senigallia, per\u00f2, l&#8217;artista ha deciso di <strong>tagliare definitivamente i ponti con il passato<\/strong> e, progressivamente, <strong>con tutta la sua famiglia d&#8217;origine<\/strong>. Prima l&#8217;allontanamento dai genitori, poi quello dalla <strong>sorella maggiore Federica e infine la rottura con il fratello minore Francesco<\/strong>, in arte <strong>Nesli<\/strong>. L&#8217;ultima provocazione social risale al 7 gennaio 2017, quando Fibra ha postato sul suo profilo uno <strong>scatto che lo ritraeva in autostrada<\/strong>, a pochi passi dal casello di Senigallia, una citt\u00e0 dove ormai non si fa vedere da decenni.<\/p>\n<p>Approfondisci:<\/p>\n<p><a href=\"https:\/\/www.ilrestodelcarlino.it\/reggio-emilia\/cultura\/orietta-berti-matrimonio-figlio-otis-paterlini-lia-chiari-bl26g300\" class=\"ArticleEmbed_article__embed__content__Jzqnz\" rel=\"nofollow noopener\" target=\"_blank\">Orietta Berti commossa al matrimonio del figlio Otis con Lia: \u201cEra ora, hanno gi\u00e0 due bimbe meravigliose\u201d<img alt=\"Orietta Berti commossa al matrimonio del figlio Otis con Lia: \u201cEra ora, hanno gi\u00e0 due bimbe meravigliose\u201d\" loading=\"lazy\" width=\"140\" height=\"78\" decoding=\"async\" data-nimg=\"1\" style=\"color:transparent\"  src=\"https:\/\/www.europesays.com\/it\/wp-content\/uploads\/2026\/06\/1781816546_114_la-sposa-lia-chiari-in-un-elegantissimo-abito-bianco-con-strascico-e-velo-accompagnata-allaltare-a-d.webp\"\/><\/a><img alt=\"Fabri Fibra e lo strappo con Senigallia\" loading=\"lazy\" width=\"1280\" height=\"832\" decoding=\"async\" data-nimg=\"1\" style=\"color:transparent;max-width:100%;height:auto\"   src=\"https:\/\/www.europesays.com\/it\/wp-content\/uploads\/2026\/06\/fabri-fibra-e-lo-strappo-con-senigallia.webp\"\/><\/p>\n<p>Fabri Fibra e lo strappo con Senigallia<\/p>\n<p>Assente al matrimonio della sorella <\/p>\n<p>Le assenze d&#8217;altronde parlano chiaro. Il rapper non si \u00e8 presentato nel 2013 al matrimonio della sorella Federica \u2013 oggi titolare di un negozio di toelettatura per animali proprio sulla famosa &#8220;spiaggia di velluto&#8221; marchigiana \u2013 dove invece il fratello <strong>Nesli ha accettato di fare da testimone di nozze. Fabri Fibra era assente anche tre anni fa al funeral del padre Ivano, deceduto all&#8217;et<\/strong>\u00e0 di 96 anni. Anche sul fronte professionale il distacco \u00e8 totale: da ormai un decennio Senigallia non figura pi\u00f9 tra le tappe dei suoi tour musicali.<\/p>\n<p>Nelle sue canzoni il rapper <strong>non ha mai fatto segreto del proprio passato<\/strong> e della complessa vita in provincia. Una terra dove oggi, ironicamente, \u00e8 diventato un grande motivo di orgoglio per i suoi concittadini: se prima dell&#8217;ascesa non veniva considerato da nessuno, ora per tutti \u00e8 semplicemente uno che &#8220;ce l&#8217;ha fatta&#8221;.<\/p>\n<p>La dolorosa lettera di Nesli e il mistero sulla vita privata di Fibra <\/p>\n<p>In questi giorni, a riaccendere i riflettori sulla saga familiare \u00e8 stato proprio il fratello Nesli. Il cantautore e produttore ha pubblicato una<strong> lunga e dolorosa lettera su Instagram<\/strong> nella quale, esprimendo tutta la sofferenza accumulata negli anni, <strong>ha preso apertamente le difese della famiglia d&#8217;origine<\/strong>. Nesli ha voluto chiarire che nessuno ha mai tentato di ostacolare il percorso artistico e personale del fratello maggiore.<\/p>\n<p>Ad accompagnare lo sfogo social di Nesli, <strong>una vecchia foto d&#8217;infanzia che ritrae i tre fratelli insieme<\/strong>, felici e sorridenti. La risposta del rapper, tuttavia, \u00e8 stata un silenzio assordante. Nonostante la travolgente popolarit\u00e0, Fabri Fibra \u00e8 riuscito negli anni a blindare totalmente la propria vita privata e sentimentale, non lasciando mai trapelare nulla di ufficiale. L&#8217;unica voce insistente e mai smentita riguarda la presenza di una donna di nome Lara. Secondo diversi rumor, Lara sarebbe la sua storica compagna da moltissimi anni: una presenza costante rimasta per\u00f2 sempre nell&#8217;ombra, totalmente lontana dai riflettori e dal mondo dello spettacolo.<\/p>\n<p>Il messaggio integrale <\/p>\n<p>&#8220;Caro fratello, credo sia arrivato il momento di parlarti a cuore aperto e dirti che tutto il male, tutto il dolore che hai provato e che quel dolore ha generato, possiamo lasciarli andare, perch\u00e9 appartengono al passato. La tua famiglia non ti ha mai ostacolato e ha sempre creduto in te, nel nome del valore pi\u00f9 grande: l\u2019amore. <strong>Perch\u00e9 amare significa anche lasciare liberi<\/strong> di essere e di diventare ci\u00f2 che si \u00e8 destinati a essere. Ed \u00e8 ci\u00f2 che abbiamo fatto: ti abbiamo lasciato libero, nonostante il dolore. Non abbiamo camminato accanto a te sulla tua strada, perch\u00e9 era la tua e non la nostra. E <strong>quando hai scelto di allontanarti, abbiamo rispettato la tua decisione<\/strong>. Non abbiamo mai chiesto nulla, perch\u00e9 l\u2019amore autentico sa anche fare un passo indietro. Ognuno vive la propria storia e custodisce la propria verit\u00e0. Ma tutto ci\u00f2 che hai vissuto ti ha reso l\u2019uomo che sei oggi, nel bene e nel male. E forse, dopo tutto questo tempo, \u00e8 il momento di accogliere ci\u00f2 che \u00e8 stato con maggiore serenit\u00e0, senza lasciare spazio alla rabbia e al rancore. Ti auguro il meglio e la pace di guardare al passato con occhi nuovi, sapendo che, anche nella distanza, <strong>non abbiamo mai smesso di amarti<\/strong>. Forse un giorno ci ritroveremo. Intanto, con affetto, tuo fratello Francesco\u201d.<\/p>\n","protected":false},"excerpt":{"rendered":"Senigallia, 17 giugno 2026 \u2013 Tutto \u00e8 iniziato trent&#8217;anni fa da Senigallia (Acona). Fabri Fibra \u00e8 partito da&hellip;\n","protected":false},"author":3,"featured_media":545439,"comment_status":"","ping_status":"","sticky":false,"template":"","format":"standard","meta":{"footnotes":"","_share_on_mastodon":"0"},"categories":[1443],"tags":[33294,151104,203,66707,1909,29435,3688,204,1537,90,89,2698,1538,1539,188376,25072,27741],"class_list":["post-545438","post","type-post","status-publish","format-standard","has-post-thumbnail","category-musica","tag-abbiamo","tag-amarti","tag-entertainment","tag-fabri","tag-famiglia","tag-fibra","tag-fratello","tag-intrattenimento","tag-it","tag-italia","tag-italy","tag-lettera","tag-music","tag-musica","tag-nesli","tag-rottura","tag-smesso"],"share_on_mastodon":{"url":"https:\/\/pubeurope.com\/@it\/116773136623795323","error":""},"_links":{"self":[{"href":"https:\/\/www.europesays.com\/it\/wp-json\/wp\/v2\/posts\/545438","targetHints":{"allow":["GET"]}}],"collection":[{"href":"https:\/\/www.europesays.com\/it\/wp-json\/wp\/v2\/posts"}],"about":[{"href":"https:\/\/www.europesays.com\/it\/wp-json\/wp\/v2\/types\/post"}],"author":[{"embeddable":true,"href":"https:\/\/www.europesays.com\/it\/wp-json\/wp\/v2\/users\/3"}],"replies":[{"embeddable":true,"href":"https:\/\/www.europesays.com\/it\/wp-json\/wp\/v2\/comments?post=545438"}],"version-history":[{"count":0,"href":"https:\/\/www.europesays.com\/it\/wp-json\/wp\/v2\/posts\/545438\/revisions"}],"wp:featuredmedia":[{"embeddable":true,"href":"https:\/\/www.europesays.com\/it\/wp-json\/wp\/v2\/media\/545439"}],"wp:attachment":[{"href":"https:\/\/www.europesays.com\/it\/wp-json\/wp\/v2\/media?parent=545438"}],"wp:term":[{"taxonomy":"category","embeddable":true,"href":"https:\/\/www.europesays.com\/it\/wp-json\/wp\/v2\/categories?post=545438"},{"taxonomy":"post_tag","embeddable":true,"href":"https:\/\/www.europesays.com\/it\/wp-json\/wp\/v2\/tags?post=545438"}],"curies":[{"name":"wp","href":"https:\/\/api.w.org\/{rel}","templated":true}]}}