{"id":545484,"date":"2026-06-18T21:41:13","date_gmt":"2026-06-18T21:41:13","guid":{"rendered":"https:\/\/www.europesays.com\/it\/545484\/"},"modified":"2026-06-18T21:41:13","modified_gmt":"2026-06-18T21:41:13","slug":"bergamo-ragazza-di-23-anni-aggredita-in-casa-un-uomo-entra-la-spoglia-e-cerca-di-violentarla-fermato-dai-vicini","status":"publish","type":"post","link":"https:\/\/www.europesays.com\/it\/545484\/","title":{"rendered":"Bergamo, ragazza di 23 anni aggredita in casa: un uomo entra, la spoglia e cerca di violentarla. Fermato dai vicini"},"content":{"rendered":"<p>    di<br \/>\n    Giuliana Ubbiali<\/p>\n<p class=\"summary-art is-line-h-12\">\u00c8 successo a Ponteranica nel pomeriggio. Il racconto del padre della vittima: \u00abAveva un coltellino, l&#8217;ha spogliata e trascinata in giardino. Grazie al cielo sono intervenuti i vicini\u00bb. Poi, l&#8217;arresto dei carabinieri<\/p>\n<p class=\"chapter-paragraph\">\u00abMia figlia era in casa, stava per fare la doccia ma ha sentito un rumore perch\u00e9 il ladro ha buttato gi\u00f9 la porta a vetri. <b>Lui nel frattempo \u00e8 salito, l&#8217;ha presa, spogliata e portata di fuori. <\/b>Penso volesse violentarla. Grazie al cielo sono intervenuti i vicini di casa e lo hanno fermato\u00bb. <b>Fabrizio Cornaro<\/b> racconta senza esitare. La figlia 23enne <b>\u00e8 ancora in ospedale<\/b> dopo avere subito l&#8217;aggressione, oggi pomeriggio (18 giugno) a Ponteranica, in via Valbona. Il responsabile, un uomo straniero, \u00e8 stato arrestato dai carabinieri per violenza sessuale (lo \u00e8, comunque, per la legge).\u00a0<\/p>\n<p class=\"chapter-paragraph\">Il malvivente, che forse voleva intrufolarsi per rubare, era stato visto dai vicini di casa. Cercava una ragazza, pronunciava un nome arabo, scrutando i loro citofoni. Sembrava alterato, o comunque agitato. Poi, ha puntato la casa della famiglia Cornaro, <b>dove c&#8217;era soltanto la figlia.<\/b>\u00a0\u00c8 riuscito a sfondare una porta a vetri e, quando si \u00e8 trovato davanti la ragazza, accorsa dal piano superiore, l&#8217;ha aggredita. L&#8217;ha spogliata e trascinata nel giardino. <b>A salvarla \u00e8 stato l&#8217;intervento di un vicino, attirato dalle grida, al quale si sono aggiunte altre persone.<\/b>\u00a0    &#13;<br \/>\n&#13;<br \/>\n&#13;<br \/>\n&#13;<br \/>\n&#13;<br \/>\n&#13;<br \/>\n&#13;<br \/>\n&#13;<br \/>\n&#13;<br \/>\n&#13;<br \/>\n&#13;<br \/>\n&#13;<br \/>\n&#13;<br \/>\n&#13;<br \/>\n&#13;<br \/>\n&#13;<br \/>\n&#13;<br \/>\n&#13;<br \/>\n&#13;<br \/>\n&#13;<br \/>\n&#13;<br \/>\n&#13;<br \/>\n&#13;<br \/>\n&#13;<br \/>\n&#13;<br \/>\n&#13;<br \/>\n&#13;<br \/>\n&#13;<br \/>\n&#13;<br \/>\n&#13;<br \/>\n&#13;<br \/>\n&#13;<br \/>\n&#13;<br \/>\n&#13;<br \/>\n&#13;<br \/>\n&#13;<br \/>\n&#13;<br \/>\n&#13;<br \/>\n&#13;<br \/>\n&#13;<br \/>\n&#13;<br \/>\n&#13;<br \/>\n&#13;<br \/>\n&#13;<br \/>\n&#13;<br \/>\n&#13;<br \/>\n&#13;<br \/>\n&#13;<br \/>\n&#13;<br \/>\n&#13;<br \/>\n&#13;<br \/>\n&#13;<br \/>\n&#13;\n<\/p>\n<p class=\"chapter-paragraph\">\u00abMi ha chiamato al telefono direttamente mia figlia &#8211; racconta Cornaro, elettricista, giunto poco dopo -. Non capivo cosa mi diceva, <b>perch\u00e9 era disperata. <\/b>Ora \u00e8 in ospedale per un controllo, per vedere se va tutto bene. Ha un taglio sulla gamba destra. <b>Lui aveva un coltellino<\/b>. Non l&#8217;avevo mai visto prima\u00bb.\u00a0<\/p>\n<p class=\"is-mr-t-20 is-mr-b-20\"><b><br \/>\n                    <a href=\"https:\/\/bergamo.corriere.it\/?intcmp=Notizielocali_nd_010623_corriere_ss_bergamo\" target=\"_blank\" rel=\"nofollow noopener\">Vai a tutte le notizie di Bergamo<\/a><br \/>\n            <\/b><\/p>\n<p class=\"chapter-paragraph\"><b><a href=\"https:\/\/www.corriere.it\/newsletter\/?theme=61&amp;intcmp=NL-artic_nd_050624_corriere_ss_bergamo\" target=\"_blank\" rel=\"nofollow noopener\">Iscriviti alla newsletter di Corriere Bergamo<\/a><\/b><\/p>\n<p class=\"is-last-update\" datetime=\"2026-06-18T22:33:21+02:00\">18 giugno 2026 ( modifica il 18 giugno 2026 | 22:33)<\/p>\n<p class=\"is-copyright\">\n            \u00a9 RIPRODUZIONE RISERVATA\n        <\/p>\n","protected":false},"excerpt":{"rendered":"di Giuliana Ubbiali \u00c8 successo a Ponteranica nel pomeriggio. Il racconto del padre della vittima: \u00abAveva un coltellino,&hellip;\n","protected":false},"author":3,"featured_media":545485,"comment_status":"","ping_status":"","sticky":false,"template":"","format":"standard","meta":{"footnotes":"","_share_on_mastodon":"0"},"categories":[79],"tags":[45085,3905,12783,300435,300436,168609,300433,14,93,94,5739,3384,8369,39843,300437,1537,90,89,7,15,812,427,300438,1920,300434,11,84,91,12,85,92,18640],"class_list":["post-545484","post","type-post","status-publish","format-standard","has-post-thumbnail","category-italia","tag-aggredita","tag-carabinieri","tag-cielo","tag-cielo-intervenuti","tag-cielo-intervenuti-vicini","tag-coltellino","tag-cornaro","tag-cronaca","tag-cronaca-italiana","tag-cronacaitaliana","tag-fermato","tag-figlia","tag-giardino","tag-intervenuti","tag-intervenuti-vicini","tag-it","tag-italia","tag-italy","tag-news","tag-notizie","tag-ospedale","tag-pomeriggio","tag-ponteranica","tag-ragazza","tag-spogliata","tag-ultime-notizie","tag-ultime-notizie-e-news-di-oggi","tag-ultime-notizie-italia","tag-ultimenotizie","tag-ultimenotizieenewsdioggi","tag-ultimenotizieitalia","tag-vicini"],"share_on_mastodon":{"url":"","error":"Validation failed: Text character limit of 500 exceeded"},"_links":{"self":[{"href":"https:\/\/www.europesays.com\/it\/wp-json\/wp\/v2\/posts\/545484","targetHints":{"allow":["GET"]}}],"collection":[{"href":"https:\/\/www.europesays.com\/it\/wp-json\/wp\/v2\/posts"}],"about":[{"href":"https:\/\/www.europesays.com\/it\/wp-json\/wp\/v2\/types\/post"}],"author":[{"embeddable":true,"href":"https:\/\/www.europesays.com\/it\/wp-json\/wp\/v2\/users\/3"}],"replies":[{"embeddable":true,"href":"https:\/\/www.europesays.com\/it\/wp-json\/wp\/v2\/comments?post=545484"}],"version-history":[{"count":0,"href":"https:\/\/www.europesays.com\/it\/wp-json\/wp\/v2\/posts\/545484\/revisions"}],"wp:featuredmedia":[{"embeddable":true,"href":"https:\/\/www.europesays.com\/it\/wp-json\/wp\/v2\/media\/545485"}],"wp:attachment":[{"href":"https:\/\/www.europesays.com\/it\/wp-json\/wp\/v2\/media?parent=545484"}],"wp:term":[{"taxonomy":"category","embeddable":true,"href":"https:\/\/www.europesays.com\/it\/wp-json\/wp\/v2\/categories?post=545484"},{"taxonomy":"post_tag","embeddable":true,"href":"https:\/\/www.europesays.com\/it\/wp-json\/wp\/v2\/tags?post=545484"}],"curies":[{"name":"wp","href":"https:\/\/api.w.org\/{rel}","templated":true}]}}