{"id":545491,"date":"2026-06-18T21:51:15","date_gmt":"2026-06-18T21:51:15","guid":{"rendered":"https:\/\/www.europesays.com\/it\/545491\/"},"modified":"2026-06-18T21:51:15","modified_gmt":"2026-06-18T21:51:15","slug":"giro-del-belgio-2026-tim-merlier-vince-la-seconda-tappa-e-si-prende-la-testa-della-generale","status":"publish","type":"post","link":"https:\/\/www.europesays.com\/it\/545491\/","title":{"rendered":"Giro del Belgio 2026, Tim Merlier vince la seconda tappa e si prende la testa della generale"},"content":{"rendered":"<p>Dopo il secondo posto nella frazione inaugurale di ieri, <strong>Tim Merlier<\/strong> non perdona e si prende la vittoria nella <strong>seconda tappa del Giro del Belgio 2026.<\/strong> Al termine di una tappa senza difficolt\u00e0 altimetriche, il padrone di casa sfrutta al massimo il lavoro della Soudal Quick-Step ed anticipa tutti nella volata finale. Sesta vittoria stagionale per l\u2019ex campione europeo, la settantaduesima della sua carriera che gli vale anche la <strong>maglia di leader nella generale.\u00a0<\/strong><\/p>\n<p>La frazione, totalmente piatta partita da Merelbeke-Melle e terminata a Knokke-Heist dopo 197.6 chilometri, \u00e8 stata subito inaugurata dalla <strong>fuga di sei corridori:<\/strong> Viktor Vandenberghe (Pauwels Sauzen \u2013 Altez Industriebouw Cycling Team), Victor Hannes (Aarco), Michiel Hillen (Baloise Verzekeringen \u2013 Het Poetsbureau Lions), Jonah Killy (Tarteletto \u2013 Isorex), Stijn Appel (BEAT CC p\/b Saxo) e Victor Broex (Metec \u2013 SOLARWATT p\/b Mantel).<\/p>\n<p>Dopo il primo passaggio sulla linea del traguardo il gruppo ha aumentato il ritmo ed ha <strong>pian piano ripreso tutti gli attaccanti<\/strong>, gli ultimi a 9 chilometri dal traguardo. Da qui \u00e8 partita la lunga lotta per le posizioni migliori in vista della volata. La formazione con il miglior treno \u00e8 stata la Soudal Quick-Step che ha lanciato nel migliore dei modi Tim Merlier.<\/p>\n<p><strong>Il belga ha fatto il resto con una progressione<\/strong> che gli \u00e8 valsa la vittoria. Il classe 1992 pu\u00f2 cos\u00ec festeggiare dopo il secondo posto di ieri (quando fu anticipato da Birmay) e da oggi \u00e8 anche il nuovo leader della generale. Si deve accontentare del secondo posto <strong>Olav Kooij<\/strong> (Decathlon CMA CGM Team), terzo <strong>Jasper Philipsen<\/strong> (Alpecin Premier-Tech).<\/p>\n","protected":false},"excerpt":{"rendered":"Dopo il secondo posto nella frazione inaugurale di ieri, Tim Merlier non perdona e si prende la vittoria&hellip;\n","protected":false},"author":3,"featured_media":545492,"comment_status":"","ping_status":"","sticky":false,"template":"","format":"standard","meta":{"footnotes":"","_share_on_mastodon":"0"},"categories":[1456],"tags":[1824,1825,293965,1537,90,89,245,244,7344],"class_list":["post-545491","post","type-post","status-publish","format-standard","has-post-thumbnail","category-ciclismo","tag-ciclismo","tag-cycling","tag-giro-del-belgio-2026","tag-it","tag-italia","tag-italy","tag-sport","tag-sports","tag-tim-merlier"],"share_on_mastodon":{"url":"https:\/\/pubeurope.com\/@it\/116773328421731702","error":""},"_links":{"self":[{"href":"https:\/\/www.europesays.com\/it\/wp-json\/wp\/v2\/posts\/545491","targetHints":{"allow":["GET"]}}],"collection":[{"href":"https:\/\/www.europesays.com\/it\/wp-json\/wp\/v2\/posts"}],"about":[{"href":"https:\/\/www.europesays.com\/it\/wp-json\/wp\/v2\/types\/post"}],"author":[{"embeddable":true,"href":"https:\/\/www.europesays.com\/it\/wp-json\/wp\/v2\/users\/3"}],"replies":[{"embeddable":true,"href":"https:\/\/www.europesays.com\/it\/wp-json\/wp\/v2\/comments?post=545491"}],"version-history":[{"count":0,"href":"https:\/\/www.europesays.com\/it\/wp-json\/wp\/v2\/posts\/545491\/revisions"}],"wp:featuredmedia":[{"embeddable":true,"href":"https:\/\/www.europesays.com\/it\/wp-json\/wp\/v2\/media\/545492"}],"wp:attachment":[{"href":"https:\/\/www.europesays.com\/it\/wp-json\/wp\/v2\/media?parent=545491"}],"wp:term":[{"taxonomy":"category","embeddable":true,"href":"https:\/\/www.europesays.com\/it\/wp-json\/wp\/v2\/categories?post=545491"},{"taxonomy":"post_tag","embeddable":true,"href":"https:\/\/www.europesays.com\/it\/wp-json\/wp\/v2\/tags?post=545491"}],"curies":[{"name":"wp","href":"https:\/\/api.w.org\/{rel}","templated":true}]}}