{"id":545741,"date":"2026-06-19T01:18:15","date_gmt":"2026-06-19T01:18:15","guid":{"rendered":"https:\/\/www.europesays.com\/it\/545741\/"},"modified":"2026-06-19T01:18:15","modified_gmt":"2026-06-19T01:18:15","slug":"che-auto-guida-andrea-sempio-lutilitaria-piu-venduta-in-italia","status":"publish","type":"post","link":"https:\/\/www.europesays.com\/it\/545741\/","title":{"rendered":"Che auto guida Andrea Sempio, l&#8217;utilitaria pi\u00f9 venduta in Italia"},"content":{"rendered":"<p>\u00c8 tutto riaperto per il caso Garlasco. Quando ormai sembrava che la vicenda avesse trovato una conclusione giudiziaria, alcuni sviluppi inaspettati hanno gettato una nuova ombra su uno dei casi di cronaca nera italiana pi\u00f9 discussi e controversi degli ultimi anni. Il 6 maggio <strong>Andrea Sempio<\/strong> si \u00e8 presentato davanti alla Procura di Pavia insieme agli avvocati, a bordo di un\u2019auto comune, quasi anonima nel traffico: una <strong>Fiat Panda<\/strong>. Mentre continua a dichiararsi innocente, l\u2019utilitaria \u00e8 diventata un elemento ricorrente del procedimento che lo vede indagato per l\u2019omicidio di Chiara Poggi.\n<\/p>\n<p>Da mezzo sotto controllo a veicolo di fiducia<\/p>\n<p>Il veicolo era comparso negli atti gi\u00e0 diversi anni prima. Nel 2017 gli investigatori avevano disposto l\u2019installazione di <strong>microspie<\/strong> su due automobili utilizzate da Sempio, tra cui una Fiat Panda. Proprio attorno all\u2019auto si \u00e8 aperto in seguito un piccolo caso nel caso: secondo quanto emerso dalla documentazione, non sarebbe stato trovato il verbale relativo alla rimozione delle apparecchiature. La gestione delle intercettazioni \u00e8 cos\u00ec tornata sotto la lente d\u2019ingrandimento, innescando nuove discussioni tecniche e mediatiche.<\/p>\n<p>A maggio, quasi dieci anni dopo, una Panda \u00e8 riapparsa davanti alle telecamere. Sempio \u00e8 entrato dall\u2019ingresso posteriore del <strong>Tribunale di Pavia<\/strong>, anzich\u00e9 da quello principale, gremito di cronisti e operatori. Convocato per l\u2019interrogatorio e, come annunciato dalla difesa, si \u00e8 avvalso della facolt\u00e0 di non rispondere, e il giorno successivo la Procura ha notificato l\u2019avviso di conclusione delle indagini.<\/p>\n<p>La Fiat Panda \u00e8 dunque entrata nella vicenda in due momenti distinti, passando da ambiente sottoposto ad ascolto a mezzo scelto per raggiungere gli uffici giudiziari. Non \u00e8 una prova e non racconta nulla sulle responsabilit\u00e0 penali, che dovranno essere stabilite nelle sedi competenti, ma \u00e8 ormai parte dell\u2019immagine pubblica di Sempio, soprattutto perch\u00e9 la normalit\u00e0 del veicolo contrasta con l\u2019enorme esposizione mediatica del caso.<\/p>\n<p>Nelle ultime ore la pressione sulla famiglia \u00e8 aumentata ancora con il ricovero all\u2019ospedale di Vigevano di Daniela Ferrari, madre di Sempio. La donna \u00e8 stata sottoposta a lavanda gastrica in seguito a un\u2019overdose di farmaci ed \u00e8 ricoverata in rianimazione, ma non sarebbe in pericolo di vita. La difesa ha scelto di parlarne pubblicamente per richiamare l\u2019attenzione sul clima di forte tensione che la famiglia vive da mesi.<\/p>\n<p>Identikit di un\u2019icona del mercato italiano<\/p>\n<p>In questo quadro, la <a href=\"https:\/\/www.virgilio.it\/motori\/dati-statistiche\/fiat-panda-piu-venduta-italia-2025\/311519\/\" rel=\"nofollow noopener\" target=\"_blank\">Fiat Panda<\/a> conserva la propria ordinariet\u00e0. <strong>Nata nel 1980<\/strong>, si \u00e8 imposta tra le <a href=\"https:\/\/www.virgilio.it\/motori\/auto\/auto-piu-economiche-ogni-segmento-2026\/330888\/\" rel=\"nofollow noopener\" target=\"_blank\">utilitarie<\/a> pi\u00f9 riconoscibili e apprezzate del mercato italiano grazie a un ottimo rapporto qualit\u00e0-prezzo. Nonostante le dimensioni contenute, offre un abitacolo confortevole e una buona visibilit\u00e0 al conducente, favorita dalla posizione di guida rialzata, senza cercare di impressionare.<\/p>\n<p>La versione oggi in vendita misura meno di 3,70 m e mette a disposizione 225 litri di <a href=\"https:\/\/www.virgilio.it\/motori\/auto\/fotonotizia\/auto-per-la-famiglia-bagagliaio-piu-grande\/331847\/\" rel=\"nofollow noopener\" target=\"_blank\">bagagliaio<\/a>, adatto alle esigenze quotidiane. Spinta da un motore 1.0 mild hybrid da 65 CV, ha ricevuto aggiornamenti soprattutto nei dispositivi di assistenza alla guida, introdotti in conformit\u00e0 alle normative europee. Al di l\u00e0 delle dotazioni tecnologiche, conserva per\u00f2 un\u2019identit\u00e0 spartana, nella quale la praticit\u00e0 viene prima dei fronzoli estetici. Un\u2019auto comune nel traffico, sempre leader di vendita nei nostri confini, ha finito cos\u00ec per essere una delle presenze pi\u00f9 riconoscibili del nuovo capitolo del caso Garlasco.<\/p>\n","protected":false},"excerpt":{"rendered":"\u00c8 tutto riaperto per il caso Garlasco. Quando ormai sembrava che la vicenda avesse trovato una conclusione giudiziaria,&hellip;\n","protected":false},"author":3,"featured_media":545742,"comment_status":"","ping_status":"","sticky":false,"template":"","format":"standard","meta":{"footnotes":"","_share_on_mastodon":"0"},"categories":[6],"tags":[34625,14,1679,7508,8,1537,90,89,7,15,82,9,83,10,13,11,80,84,12,81,85],"class_list":["post-545741","post","type-post","status-publish","format-standard","has-post-thumbnail","category-ultime-notizie","tag-crimini-e-truffe","tag-cronaca","tag-curiosita","tag-fiat-panda","tag-headlines","tag-it","tag-italia","tag-italy","tag-news","tag-notizie","tag-notizie-di-cronaca","tag-notizie-principali","tag-notiziedicronaca","tag-notizieprincipali","tag-titoli","tag-ultime-notizie","tag-ultime-notizie-di-cronaca","tag-ultime-notizie-e-news-di-oggi","tag-ultimenotizie","tag-ultimenotiziedicronaca","tag-ultimenotizieenewsdioggi"],"share_on_mastodon":{"url":"https:\/\/pubeurope.com\/@it\/116774142397394914","error":""},"_links":{"self":[{"href":"https:\/\/www.europesays.com\/it\/wp-json\/wp\/v2\/posts\/545741","targetHints":{"allow":["GET"]}}],"collection":[{"href":"https:\/\/www.europesays.com\/it\/wp-json\/wp\/v2\/posts"}],"about":[{"href":"https:\/\/www.europesays.com\/it\/wp-json\/wp\/v2\/types\/post"}],"author":[{"embeddable":true,"href":"https:\/\/www.europesays.com\/it\/wp-json\/wp\/v2\/users\/3"}],"replies":[{"embeddable":true,"href":"https:\/\/www.europesays.com\/it\/wp-json\/wp\/v2\/comments?post=545741"}],"version-history":[{"count":0,"href":"https:\/\/www.europesays.com\/it\/wp-json\/wp\/v2\/posts\/545741\/revisions"}],"wp:featuredmedia":[{"embeddable":true,"href":"https:\/\/www.europesays.com\/it\/wp-json\/wp\/v2\/media\/545742"}],"wp:attachment":[{"href":"https:\/\/www.europesays.com\/it\/wp-json\/wp\/v2\/media?parent=545741"}],"wp:term":[{"taxonomy":"category","embeddable":true,"href":"https:\/\/www.europesays.com\/it\/wp-json\/wp\/v2\/categories?post=545741"},{"taxonomy":"post_tag","embeddable":true,"href":"https:\/\/www.europesays.com\/it\/wp-json\/wp\/v2\/tags?post=545741"}],"curies":[{"name":"wp","href":"https:\/\/api.w.org\/{rel}","templated":true}]}}