{"id":545799,"date":"2026-06-19T02:25:20","date_gmt":"2026-06-19T02:25:20","guid":{"rendered":"https:\/\/www.europesays.com\/it\/545799\/"},"modified":"2026-06-19T02:25:20","modified_gmt":"2026-06-19T02:25:20","slug":"come-sta-il-padre-di-messi-il-comunicato-ufficiale-della-famiglia-dopo-le-voci-chiediamo-umanita-e-rispetto","status":"publish","type":"post","link":"https:\/\/www.europesays.com\/it\/545799\/","title":{"rendered":"Come sta il padre di Messi, il comunicato ufficiale della famiglia dopo le voci: &#8220;Chiediamo umanit\u00e0 e rispetto&#8221;"},"content":{"rendered":"<p style=\"text-align:start\">Questo il comunicato ufficiale condiviso da Fabrizio Romano: <\/p>\n<p style=\"text-align:start\">&#8220;La famiglia Messi informa che Jorge Messi sta attraversando un periodo difficile a causa di problemi di salute.<\/p>\n<p>Al momento, \u00e8 sotto osservazione medica, si sta riprendendo e sta facendo progressi positivi.<\/p>\n<p>Alla luce delle notizie, delle voci e delle speculazioni circolate nelle ultime ore, la famiglia desidera esprimere la propria profonda preoccupazione per la mancanza di sensibilit\u00e0, rispetto e discrezione con cui alcune persone hanno trattato una questione strettamente privata.<\/p>\n<p>La famiglia desidera inoltre chiarire che solo i familiari pi\u00f9 stretti di Jorge sono in possesso di informazioni reali e accurate sulle sue condizioni. Pertanto, qualsiasi versione, dichiarazione o informazione che non provenga direttamente dalla famiglia e dai suoi canali ufficiali non deve essere considerata valida o veritiera.<\/p>\n<p>In momenti come questi, chiediamo responsabilit\u00e0, prudenza e umanit\u00e0. La salute di una persona e la serenit\u00e0 dei suoi cari non dovrebbero essere oggetto di speculazioni o di un&#8217;attenzione mediatica irresponsabile.<\/p>\n<p>Apprezziamo sinceramente le manifestazioni di affetto, rispetto e preoccupazione che abbiamo ricevuto e chiediamo che la privacy, la riservatezza e lo spazio personale di Jorge, cos\u00ec come quelli di tutta la sua famiglia, vengano rispettati durante tutto questo percorso.<\/p>\n<p>Eventuali aggiornamenti rilevanti saranno comunicati a tempo debito dalla famiglia e attraverso i canali appropriati.<\/p>\n<p>Grazie per la vostra comprensione.&#8221;<\/p>\n","protected":false},"excerpt":{"rendered":"Questo il comunicato ufficiale condiviso da Fabrizio Romano: &#8220;La famiglia Messi informa che Jorge Messi sta attraversando un&hellip;\n","protected":false},"author":3,"featured_media":545800,"comment_status":"","ping_status":"","sticky":false,"template":"","format":"standard","meta":{"footnotes":"","_share_on_mastodon":"0"},"categories":[1452],"tags":[2648,300634,8236,721,100612,1740,1537,90,89,300633,1739,245,244,32959],"class_list":["post-545799","post","type-post","status-publish","format-standard","has-post-thumbnail","category-calcio","tag-argentina","tag-argentina-vs-austria","tag-austria","tag-calcio","tag-coppa-del-mondo","tag-football","tag-it","tag-italia","tag-italy","tag-l-messi","tag-soccer","tag-sport","tag-sports","tag-world-cup"],"share_on_mastodon":{"url":"https:\/\/pubeurope.com\/@it\/116774405628761006","error":""},"_links":{"self":[{"href":"https:\/\/www.europesays.com\/it\/wp-json\/wp\/v2\/posts\/545799","targetHints":{"allow":["GET"]}}],"collection":[{"href":"https:\/\/www.europesays.com\/it\/wp-json\/wp\/v2\/posts"}],"about":[{"href":"https:\/\/www.europesays.com\/it\/wp-json\/wp\/v2\/types\/post"}],"author":[{"embeddable":true,"href":"https:\/\/www.europesays.com\/it\/wp-json\/wp\/v2\/users\/3"}],"replies":[{"embeddable":true,"href":"https:\/\/www.europesays.com\/it\/wp-json\/wp\/v2\/comments?post=545799"}],"version-history":[{"count":0,"href":"https:\/\/www.europesays.com\/it\/wp-json\/wp\/v2\/posts\/545799\/revisions"}],"wp:featuredmedia":[{"embeddable":true,"href":"https:\/\/www.europesays.com\/it\/wp-json\/wp\/v2\/media\/545800"}],"wp:attachment":[{"href":"https:\/\/www.europesays.com\/it\/wp-json\/wp\/v2\/media?parent=545799"}],"wp:term":[{"taxonomy":"category","embeddable":true,"href":"https:\/\/www.europesays.com\/it\/wp-json\/wp\/v2\/categories?post=545799"},{"taxonomy":"post_tag","embeddable":true,"href":"https:\/\/www.europesays.com\/it\/wp-json\/wp\/v2\/tags?post=545799"}],"curies":[{"name":"wp","href":"https:\/\/api.w.org\/{rel}","templated":true}]}}