{"id":545878,"date":"2026-06-19T03:35:34","date_gmt":"2026-06-19T03:35:34","guid":{"rendered":"https:\/\/www.europesays.com\/it\/545878\/"},"modified":"2026-06-19T03:35:34","modified_gmt":"2026-06-19T03:35:34","slug":"olly-scaletta-concerto-a-genova-lo-stadio-ferraris-si-riaccende-22-anni-dopo-vasco-rossi-orari-parcheggi-e-come-arrivare","status":"publish","type":"post","link":"https:\/\/www.europesays.com\/it\/545878\/","title":{"rendered":"Olly, scaletta concerto a Genova: lo Stadio Ferraris si riaccende 22 anni dopo Vasco Rossi. Orari, parcheggi e come arrivare"},"content":{"rendered":"<p><a href=\"https:\/\/www.ilmessaggero.it\/t\/olly\" rel=\"nofollow noopener\" target=\"_blank\">Olly<\/a> torna davvero a casa. <strong>Gioved\u00ec 18 giugno 2026<\/strong> il cantautore genovese sar\u00e0 protagonista allo <strong>Stadio Luigi Ferraris<\/strong> con la prima delle tre date di \u201c<strong>Tutti a casa<\/strong>\u201d, l\u2019evento che segna uno dei passaggi pi\u00f9 importanti della sua carriera. <strong>Il concerto inizier\u00e0 alle 21<\/strong>.<\/p>\n<p>Per Federico Olivieri, in arte Olly, non \u00e8 solo una data in uno stadio. \u00c8 il ritorno nella sua citt\u00e0, davanti al suo pubblico, dentro un luogo che torna eccezionalmente ad aprirsi alla grande musica live ventidue anni dopo il concerto di <a href=\"https:\/\/www.ilmessaggero.it\/t\/vasco-rossi\" rel=\"nofollow noopener\" target=\"_blank\">Vasco Rossi<\/a>. Il <strong>Ferraris<\/strong>, casa del calcio genovese e simbolo del quartiere di <strong>Marassi<\/strong>, diventa cos\u00ec per tre sere il centro di una festa collettiva costruita attorno al legame tra l\u2019artista e <strong>Genova<\/strong>. Il titolo scelto per l\u2019evento dice gi\u00e0 molto: \u201cTutti a casa\u201d. Dopo i club, i palazzetti, il successo di \u201c<strong>Tutta vita<\/strong>\u201d e la crescita di un pubblico sempre pi\u00f9 ampio, <a href=\"https:\/\/www.ilmessaggero.it\/t\/olly\" rel=\"nofollow noopener\" target=\"_blank\">Olly<\/a> porta il suo racconto nello stadio della sua citt\u00e0. La prima data del 18 giugno \u00e8 andata sold out in poco tempo, cos\u00ec come le successive del 20 e del 21 giugno.<\/p>\n","protected":false},"excerpt":{"rendered":"Olly torna davvero a casa. Gioved\u00ec 18 giugno 2026 il cantautore genovese sar\u00e0 protagonista allo Stadio Luigi Ferraris&hellip;\n","protected":false},"author":3,"featured_media":545879,"comment_status":"","ping_status":"","sticky":false,"template":"","format":"standard","meta":{"footnotes":"","_share_on_mastodon":"0"},"categories":[6],"tags":[2943,300698,300699,64772,14,8,1537,90,89,64289,1539,7,15,82,9,83,10,28151,63812,300700,300701,7600,300702,123885,65324,13,11,80,84,12,81,85],"class_list":["post-545878","post","type-post","status-publish","format-standard","has-post-thumbnail","category-ultime-notizie","tag-concerti","tag-concerti-genova","tag-concerti-olly","tag-concerto-olly","tag-cronaca","tag-headlines","tag-it","tag-italia","tag-italy","tag-luigi-ferraris","tag-musica","tag-news","tag-notizie","tag-notizie-di-cronaca","tag-notizie-principali","tag-notiziedicronaca","tag-notizieprincipali","tag-olly","tag-olly-concerto","tag-olly-genova","tag-olly-scaletta","tag-scaletta","tag-scaletta-olly","tag-stadio-ferraris","tag-stadio-luigi-ferraris","tag-titoli","tag-ultime-notizie","tag-ultime-notizie-di-cronaca","tag-ultime-notizie-e-news-di-oggi","tag-ultimenotizie","tag-ultimenotiziedicronaca","tag-ultimenotizieenewsdioggi"],"share_on_mastodon":{"url":"","error":"Validation failed: Text character limit of 500 exceeded"},"_links":{"self":[{"href":"https:\/\/www.europesays.com\/it\/wp-json\/wp\/v2\/posts\/545878","targetHints":{"allow":["GET"]}}],"collection":[{"href":"https:\/\/www.europesays.com\/it\/wp-json\/wp\/v2\/posts"}],"about":[{"href":"https:\/\/www.europesays.com\/it\/wp-json\/wp\/v2\/types\/post"}],"author":[{"embeddable":true,"href":"https:\/\/www.europesays.com\/it\/wp-json\/wp\/v2\/users\/3"}],"replies":[{"embeddable":true,"href":"https:\/\/www.europesays.com\/it\/wp-json\/wp\/v2\/comments?post=545878"}],"version-history":[{"count":0,"href":"https:\/\/www.europesays.com\/it\/wp-json\/wp\/v2\/posts\/545878\/revisions"}],"wp:featuredmedia":[{"embeddable":true,"href":"https:\/\/www.europesays.com\/it\/wp-json\/wp\/v2\/media\/545879"}],"wp:attachment":[{"href":"https:\/\/www.europesays.com\/it\/wp-json\/wp\/v2\/media?parent=545878"}],"wp:term":[{"taxonomy":"category","embeddable":true,"href":"https:\/\/www.europesays.com\/it\/wp-json\/wp\/v2\/categories?post=545878"},{"taxonomy":"post_tag","embeddable":true,"href":"https:\/\/www.europesays.com\/it\/wp-json\/wp\/v2\/tags?post=545878"}],"curies":[{"name":"wp","href":"https:\/\/api.w.org\/{rel}","templated":true}]}}