{"id":545884,"date":"2026-06-19T03:48:14","date_gmt":"2026-06-19T03:48:14","guid":{"rendered":"https:\/\/www.europesays.com\/it\/545884\/"},"modified":"2026-06-19T03:48:14","modified_gmt":"2026-06-19T03:48:14","slug":"canada-qatar-6-0-tripletta-di-david-infortunio-a-kone","status":"publish","type":"post","link":"https:\/\/www.europesays.com\/it\/545884\/","title":{"rendered":"Canada-Qatar 6-0: tripletta di David, infortunio a Kon\u00e9"},"content":{"rendered":"<p>                                        Prima vittoria mondiale per i Canucks, che travolgono la squadra di Lopetegui grazie allo juventino e vedono la qualificazione ai sedicesimi. Di Larin e Saliba le altre reti, poi l&#8217;autogol di\u00a0Al Mannai<\/p>\n<p class=\"paragraph\" spellcheck=\"true\">Piove da un anno su Jonathan David e questo \u00e8 il giorno in cui pu\u00f2 prendere tanto sole da scottarsi. JD ha passato mesi terribili alla Juve ma Canada-Qatar 6-0 \u00e8 la sua partita: un ragazzo cresciuto a Ottawa, la capitale, che segna tre gol nella prima vittoria di sempre del Canada ai Mondiali. Di pi\u00f9: tre gol in casa, a Vancouver, in una festa in rosso interrotta bruscamente a inizio secondo tempo, quando Ismael Kon\u00e9 \u00e8 rimasto a terra dopo uno scontro con Madibo. I compagni hanno visto la gamba piegata innaturalmente \u2013 frattura, e delle peggiori &#8211; e hanno reagito come davanti a uno shock: qualcuno si metteva le mani nei capelli, altri saltavano per reazione nervosa, un difensore buttava la testa sotto la maglia per entrare in un suo mondo protetto. Laryea addirittura ha tirato un pugno al pallone ed \u00e8 andato faccia a faccia con un avversario, come se con una mezza rissa si potesse mettere a posto la gamba sinistra di un amico. Kon\u00e9, grande anima del centrocampo del Canada, purtroppo rester\u00e0 fuori mesi, molti mesi. Una carriera al decollo tagliata alla radice.\u00a0<\/p>\n<p>    I SEI GOL\u2014 \u00a0<\/p>\n<p class=\"paragraph is-inline\" spellcheck=\"true\">Il Canada, in undici contro nove per le espulsioni di Ahmed e Madibo, ha tirato dritto e vinto 6-0 una partita in cui, gi\u00e0 dopo 40 minuti, veniva voglia di chiamare Lopetegui e chiedergli di gettare la spunta. Basta, arrenditi. Il riassunto dei gol chiarisce. Il Canada \u00e8 andato in vantaggio con Larin (ancora lui) dopo 16 minuti: cross di Johnston dopo bella azione a destra, tiro di David di controbalzo, brutta respinta di Abunada e gol del 9. Il raddoppio al 29\u2019: tiro di Buchanan deviato e David che, con gesto tecnico notevole, calcia al volo il pallone che ricade a terra. Il terzo gol, ancora di David, \u00e8 arrivato nel recupero del primo tempo: cross di Johnston, testa di Larin, super parata di Abunada e palla che volteggia in zona linea di porta, dove Iceman in spaccata anticipa Khoukhi. In mezzo, tra un gol e l\u2019altro, tante occasioni per il Canada e due espulsioni per il Qatar: Ahmed al 33\u2019 e Madibo per il fallo su Kon\u00e9 al 53\u2019. Che delusione, il Qatar: in undici faticava, in dieci non teneva minimamente il campo, in nove potete immaginare. Gli ultimi tre gol sono stati una punizione di Saliba al 64\u2019, con dedica immediata a Kon\u00e9, un tiro di Shaffelburg deviato da Mannai a un quarto d\u2019ora dalla fine e un sinistro di David nel recupero. \u00c8 il secondo giocatore della Juve a segnare una tripletta al Mondiale dopo Paolo Rossi al Sarri\u00e1 contro il Brasile.\u00a0<\/p>\n<p><a class=\"is-partner-link\" href=\"https:\/\/abbonamenti.gazzetta.it\/de-promo-mondiali\/?pwcmp=cta&amp;forceBrowser=true\" rel=\"nofollow noopener\" target=\"_blank\">Gazzetta Mondiale: ogni notte un\u2019edizione straordinaria esclusiva. Non perdertela, abbonati a 1\u20ac\/mese!<\/a><\/p>\n<p>    CANADA virtualmente QUALIFICATO\u2014 \u00a0<\/p>\n<p class=\"paragraph is-inline\" spellcheck=\"true\">Il bilancio \u00e8 semplice. Il Qatar non \u00e8 brutto come sembra e all\u2019ultima avr\u00e0 ancora una chance contro la Bosnia. Dovr\u00e0 vincere, e ci mancherebbe. Lopetegui cambier\u00e0 pi\u00f9 di un titolare, perch\u00e9 ne ha bisogno. Il Canada invece ha provato a segnare anche il settimo ma via, non importa. Conta il messaggio: i padroni di casa sono virtualmente qualificati e hanno un\u2019identit\u00e0. La chiave, nascosta ma non troppo, sono gli esterni Johnston e Buchanan, questa volta in giornata buonissima. Contro la Svizzera, Marsch si giocher\u00e0 il primo posto nel girone, sperando che nel caso eviti di improvvisare il balletto (orrendo) che si \u00e8 inventato al momento dell\u2019espulsione di Ahmed. Resti composto, impeccabile nella combinazione cravatta-camicia che lo fa sembrare un soldato. E con quel cognome, del resto\u2026<\/p>\n<p>la partita\u00a0\u2014 \u00a0<\/p>\n<p>Un girone all&#8217;insegna dell&#8217;equilibrio, il B che ha registrato due pareggi per 1-1 nella prima giornata. Quello del Qatar contro la Svizzera per\u00f2 \u00e8 stato salutato come una festa, essendo giunto al 95&#8242; dopo che gli elvetici avevano sprecato tanto. Il Canada padrone di casa invece si \u00e8 fatto fermare dalla Bosnia e stasera deve vincere per ipotecare il passaggio ai sedicesimi. Si gioca al BC\u00a0Place di Vancouver<\/p>\n<p class=\"is-copyright\">\u00a9 RIPRODUZIONE RISERVATA<\/p>\n","protected":false},"excerpt":{"rendered":"Prima vittoria mondiale per i Canucks, che travolgono la squadra di Lopetegui grazie allo juventino e vedono la&hellip;\n","protected":false},"author":3,"featured_media":545885,"comment_status":"","ping_status":"","sticky":false,"template":"","format":"standard","meta":{"footnotes":"","_share_on_mastodon":"0"},"categories":[1452],"tags":[296414,52686,300704,2940,26151,8525,721,4014,300605,3173,300705,12418,70291,49237,2217,1740,10010,1976,1537,90,89,295688,565,33639,300703,189179,300610,300706,3479,1353,1955,1290,8637,3279,300707,17114,1739,245,244,3185,1928,109512,3209,8042,4707,146830,188524],"class_list":["post-545884","post","type-post","status-publish","format-standard","has-post-thumbnail","category-calcio","tag-abunada","tag-ahmed","tag-ahmed-madibo","tag-andato","tag-brutto","tag-buchanan","tag-calcio","tag-canada","tag-canada-qatar","tag-cross","tag-cross-johnston","tag-david","tag-deviato","tag-espulsioni","tag-festa","tag-football","tag-gamba","tag-gol","tag-it","tag-italia","tag-italy","tag-johnston","tag-juve","tag-kone","tag-larin","tag-lopetegui","tag-madibo","tag-mannai","tag-minuti","tag-mondiale","tag-pallone","tag-partita","tag-qatar","tag-recupero","tag-saliba","tag-segnare","tag-soccer","tag-sport","tag-sports","tag-terra","tag-testa","tag-tirato","tag-tiro","tag-tripletta","tag-undici","tag-vancouver","tag-virtualmente"],"share_on_mastodon":{"url":"https:\/\/pubeurope.com\/@it\/116774732175164446","error":""},"_links":{"self":[{"href":"https:\/\/www.europesays.com\/it\/wp-json\/wp\/v2\/posts\/545884","targetHints":{"allow":["GET"]}}],"collection":[{"href":"https:\/\/www.europesays.com\/it\/wp-json\/wp\/v2\/posts"}],"about":[{"href":"https:\/\/www.europesays.com\/it\/wp-json\/wp\/v2\/types\/post"}],"author":[{"embeddable":true,"href":"https:\/\/www.europesays.com\/it\/wp-json\/wp\/v2\/users\/3"}],"replies":[{"embeddable":true,"href":"https:\/\/www.europesays.com\/it\/wp-json\/wp\/v2\/comments?post=545884"}],"version-history":[{"count":0,"href":"https:\/\/www.europesays.com\/it\/wp-json\/wp\/v2\/posts\/545884\/revisions"}],"wp:featuredmedia":[{"embeddable":true,"href":"https:\/\/www.europesays.com\/it\/wp-json\/wp\/v2\/media\/545885"}],"wp:attachment":[{"href":"https:\/\/www.europesays.com\/it\/wp-json\/wp\/v2\/media?parent=545884"}],"wp:term":[{"taxonomy":"category","embeddable":true,"href":"https:\/\/www.europesays.com\/it\/wp-json\/wp\/v2\/categories?post=545884"},{"taxonomy":"post_tag","embeddable":true,"href":"https:\/\/www.europesays.com\/it\/wp-json\/wp\/v2\/tags?post=545884"}],"curies":[{"name":"wp","href":"https:\/\/api.w.org\/{rel}","templated":true}]}}