{"id":54621,"date":"2025-08-18T16:21:26","date_gmt":"2025-08-18T16:21:26","guid":{"rendered":"https:\/\/www.europesays.com\/it\/54621\/"},"modified":"2025-08-18T16:21:26","modified_gmt":"2025-08-18T16:21:26","slug":"per-le-case-della-comunita-comuni-e-asl-non-si-muovono","status":"publish","type":"post","link":"https:\/\/www.europesays.com\/it\/54621\/","title":{"rendered":"Per le Case della Comunit\u00e0 Comuni e Asl non si muovono"},"content":{"rendered":"<p>di Carmine Landi *<\/p>\n<p>Presi separatamente, sia i Comuni che le Asl hanno mille pecche nella gestione della Sanit\u00e0. Diciamo che ai loro disservizi possono essere attribuiti molti dei mali che affliggono le nostre popolazioni. Tuttavia, se sindaci e dirigenti sanitari collaborassero, con intenti davvero concentrati sui diritti sociali e collettivi, potrebbero essere centrati molti risultati. Il discorso vale in generale, ma soprattutto per le Case della Comunit\u00e0, che potrebbero dar vita a momenti di fruttuosa cooperazione tra enti territoriali e organizzazione sanitaria aziendale. In particolare, spetta ai Comuni e alle Aziende sanitarie indirizzare correttamente l\u2019organizzazione e il funzionamento delle Case della Comunit\u00e0 e di accoglienza. Cosa sono queste Case della Comunit\u00e0? Sono strutture sociosanitarie territoriali previste dal PNRR per fornire assistenza sanitaria e sociosanitaria di prossimit\u00e0 ai cittadini. Sarebbe un modo per evitare il ricorso a ospedali e pronto soccorso, perch\u00e9 dette Case sono state ideate come punti di riferimento per la comunit\u00e0. In esse, i cittadini dovrebbero poter trovare facile accesso e una sollecita risposta alle loro richieste. Ma vediamo che cosa, in concreto, i Comuni dovrebbero fare per la loro attuazione. Parliamo di attivit\u00e0 previste ma che, in genere, non vengono svolte, privando le comunit\u00e0 locali di servizi fondamentali in un settore, quello sanitario, gi\u00e0 carente e affollato di problemi, abusi e odiose clientele. Le amministrazioni comunali devono innanzitutto orientare la nascita delle strutture, partecipando alla loro progettazione. In che modo? Provvedendo, in primo luogo, ad una programmazione condivisa dal territorio, attraverso Piani di zona sociosanitari. Questi ultimi sono strumenti chiave di programmazione integrata tra Comune e Asl e in essi si identificano bisogni, priorit\u00e0, servizi e risorse disponibili. Dovrebbero essere, inoltre, attivati tavoli interistituzionali, sui quali vanno definite le strategie di sviluppo delle Case della Comunit\u00e0 in relazione alle esigenze della popolazione servita. Altro punto nodale che i Comuni dovrebbero affrontare al pi\u00f9 presto \u00e8 l\u2019analisi dei bisogni sociali e sanitari locali. Ma anche su questo vi \u00e8 una totale latitanza delle pubbliche amministrazioni della provincia di Salerno, e non solo. Tutto ci\u00f2 che andrebbe fatto, e che non \u00e8 stato nemmeno ancora ipotizzato, prelude ad un altro punto importante da affrontare: la definizione dei percorsi assistenziali integrati per persone con bisogni complessi. Ovviamente, gli oneri previsti non si fermano qui, perch\u00e9 i Comuni in sinergia con le Aziende sanitarie dovrebbero gestire le strutture di accoglienza e partecipare alla governance territoriale con adeguata ed efficace cabina di regia. In questi contesti, sar\u00e0 possibile orientare l\u2019offerta dei servizi delle Case della Comunit\u00e0. Su tutto, per\u00f2, sar\u00e0 necessario sensibilizzare e coinvolgere le cittadinanze, affinch\u00e9 esse possano entrare in un percorso generativo delle nuove realt\u00e0, inserendo in esse esigenze e priorit\u00e0 dei singoli territori. Ad esempio, una Asl, su segnalazione di un Comune, pu\u00f2 integrare le offerte delle Case della Comunit\u00e0 prevedendo, in base alle esigenze, un punto di ascolto per donne vittime di violenza o un centro diurno per anziani o ancora altre realt\u00e0 in grado di alleviare o integrare la vita di molte fasce sociali, in particolare anziani, disabili, persone sole, con scarso reddito o indigenti. I sindaci devono, cio\u00e8, rendersi conto che non possono pi\u00f9 attendere che queste conquiste cadano dall\u2019alto. Al contrario, esse vanno costruite con cura, imprimendo le giuste direttrici e agendo nell\u2019esclusivo interesse delle popolazioni, che sono stanche di attendere e di essere private di diritti fondamentali previsti dalla legge. *medico cardiologo ,<\/p>\n","protected":false},"excerpt":{"rendered":"di Carmine Landi * Presi separatamente, sia i Comuni che le Asl hanno mille pecche nella gestione della&hellip;\n","protected":false},"author":3,"featured_media":54622,"comment_status":"","ping_status":"","sticky":false,"template":"","format":"standard","meta":{"footnotes":""},"categories":[1481],"tags":[2065,2066,239,2063,2064,1537,90,89,240],"class_list":{"0":"post-54621","1":"post","2":"type-post","3":"status-publish","4":"format-standard","5":"has-post-thumbnail","7":"category-assistenza-sanitaria","8":"tag-assistenza-sanitaria","9":"tag-assistenzasanitaria","10":"tag-health","11":"tag-health-care","12":"tag-healthcare","13":"tag-it","14":"tag-italia","15":"tag-italy","16":"tag-salute"},"share_on_mastodon":{"url":"","error":""},"_links":{"self":[{"href":"https:\/\/www.europesays.com\/it\/wp-json\/wp\/v2\/posts\/54621","targetHints":{"allow":["GET"]}}],"collection":[{"href":"https:\/\/www.europesays.com\/it\/wp-json\/wp\/v2\/posts"}],"about":[{"href":"https:\/\/www.europesays.com\/it\/wp-json\/wp\/v2\/types\/post"}],"author":[{"embeddable":true,"href":"https:\/\/www.europesays.com\/it\/wp-json\/wp\/v2\/users\/3"}],"replies":[{"embeddable":true,"href":"https:\/\/www.europesays.com\/it\/wp-json\/wp\/v2\/comments?post=54621"}],"version-history":[{"count":0,"href":"https:\/\/www.europesays.com\/it\/wp-json\/wp\/v2\/posts\/54621\/revisions"}],"wp:featuredmedia":[{"embeddable":true,"href":"https:\/\/www.europesays.com\/it\/wp-json\/wp\/v2\/media\/54622"}],"wp:attachment":[{"href":"https:\/\/www.europesays.com\/it\/wp-json\/wp\/v2\/media?parent=54621"}],"wp:term":[{"taxonomy":"category","embeddable":true,"href":"https:\/\/www.europesays.com\/it\/wp-json\/wp\/v2\/categories?post=54621"},{"taxonomy":"post_tag","embeddable":true,"href":"https:\/\/www.europesays.com\/it\/wp-json\/wp\/v2\/tags?post=54621"}],"curies":[{"name":"wp","href":"https:\/\/api.w.org\/{rel}","templated":true}]}}