{"id":546360,"date":"2026-06-19T11:09:15","date_gmt":"2026-06-19T11:09:15","guid":{"rendered":"https:\/\/www.europesays.com\/it\/546360\/"},"modified":"2026-06-19T11:09:15","modified_gmt":"2026-06-19T11:09:15","slug":"libere-1-motogp-brno-marquez-il-piu-veloce-bezzecchi-16","status":"publish","type":"post","link":"https:\/\/www.europesays.com\/it\/546360\/","title":{"rendered":"Libere 1 MotoGP Brno, Marquez il pi\u00f9 veloce, Bezzecchi 16\u00b0"},"content":{"rendered":"<p>                                Prima sessione in Repubblica Ceca con miglior tempo dell&#8217;iridato Ducati, scivolato per\u00f2 in curva 7 a pochi minuti dalla fine mentre spingeva per migliorare il tempo. Il leader iridato dell&#8217;Aprilia per ora \u00e8 16\u00b0, Bagnaia sesto \u00e8 il migliore degli italiani<\/p>\n<p>            <a class=\"image is-50x50\" href=\"https:\/\/www.gazzetta.it\/redazione\/giusto-ferronato\/\" rel=\"nofollow noopener\" target=\"_blank\"><br \/>\n                <img decoding=\"async\" class=\"is-rounded\" src=\"https:\/\/www.europesays.com\/it\/wp-content\/uploads\/2026\/03\/giusto-ferronato-avatar.png\" alt=\"Giusto Ferronato\"\/><br \/>\n            <\/a><\/p>\n<p>Giornalista<\/p>\n<p>                    19 giugno &#8211; 11:54  &#8211; MILANO<\/p>\n<p class=\"paragraph\" spellcheck=\"true\">Il GP della Repubblica Ceca inizia nel segno di Marc Marquez. Lo spagnolo della Ducati in 1&#8217;53&#8243;303 ha segnato il miglior tempo delle prime libere della MotoGP precedendo di 2 decimi Fabio Quartararo (Yamaha) e Raul Fernendez (Aprilia Trackhouse). Marquez \u00e8 stato subito molto veloce, ma per lui non \u00e8 stata una sessione liscia perch\u00e9 \u00e8 scivolato nel finale di sessione in curva 7, finendo nella ghiaia ma per sua fortuna appoggiato sull&#8217;asfalto e a bassa velocit\u00e0. Nessun problema fisico, ma lavoro interrotto mentre era lanciato alla ricerca di un tempo ancora migliore.\u00a0<\/p>\n<p>    diggia \u00e8 ottavo\u2014 \u00a0<\/p>\n<p class=\"paragraph is-inline\" spellcheck=\"true\">Il migliore degli italiani \u00e8 stato Pecco Bagnaia con l&#8217;altra Ducati, sesto a 376 millesimi da Marquez. Ottavo Fabio Di Giannantonio con la Ducati VR46, nono Pedro Acosta, caduto invece pi\u00f9 rovinosamente di Marquez e all&#8217;inizio della sessione. Inizio non eccezionale per le due Aprilia ufficiali: il leader iridato Marco Bezzecchi a il 16\u00b0 tempo staccato di quasi 9 decimi da Marquez, mentre Jorge Martin \u00e8 14\u00b0 davanti a Franco Morbidelli, ma ha anzitempo interrotto il lavoro parcheggiando la sua moto in pista per un guasto.<\/p>\n<p>    cos\u00ec moto2 e moto3\u2014 \u00a0<\/p>\n<p class=\"paragraph is-inline\" spellcheck=\"true\">In Moto2 miglior tempo di Manuel Gonzalez. Lo spagnolo del team Intact Gp (Kalex) guida la prima sessione in pista con il tempo di 1&#8217;58&#8243;585, davanti al ceco Filip Salac (Kalex) a 0&#8243;136 e all&#8217;iberico Daniel Holgado (Kalex) a 0&#8243;238. Quarto crono per l&#8217;australiano Senna Agius (Kalex) a 0&#8243;336 e allo spagnolo Jose Antonio Rueda (Kalex) a 0&#8243;532. Il migliore degli italiani \u00e8 Tony Arbolino (Kalex), 13\u00b0 a 0&#8243;962. Nella classe minore, la Moto3, miglior tempo di Hakim Danish in 2&#8217;04&#8243;938. Il malese della Ktm ha preceduto gli spagnoli David Almansa (Ktm), staccato di 0&#8243;308, e Alvaro Carpe (Ktm), a 0&#8243;521. Indietro gli italiani: Matteo Bertelle (Ktm) \u00e8 21\u00b0 a 2&#8243;563 dalla testa, mentre Guido Pini (Honda) \u00e8 26\u00b0 a 2&#8243;950.\u00a0<\/p>\n<p><a class=\"is-partner-link\" href=\"https:\/\/ad.doubleclick.net\/ddm\/trackclk\/N1792338.340088CAIRORCSMEDIAS.P.\/B35025367.439955329;dc_trk_aid=633638278;dc_trk_cid=249314339;dc_dbm_token=%24%7bDC_DBM_TOKEN%7d;dc_lat=;dc_rdid=;tag_for_child_directed_treatment=;tfua=;gdpr=%24%7bGDPR%7d;gdpr_consent=%24%7bGDPR_CONSENT_755%7d;ltd=;dc_tdv=1\" rel=\"nofollow noopener\" target=\"_blank\">Non perderti tutti i Gran Premi di Formula 1\u00ae e MotoGP\u2122 in esclusiva streaming su NOW! Attiva il Pass Sport da 19,99\u20ac al mese.<\/a><\/p>\n<p>    i tempi\u2014 \u00a0<\/p>\n<p class=\"paragraph is-inline\" spellcheck=\"true\">I tempi della prima sessione di libere MotoGP a Brno:<\/p>\n<p class=\"paragraph\" spellcheck=\"true\">1. Marc Marquez (Spa-Ducati) 1&#8217;53&#8243;303<br \/>2. Quartararo (Fra-Yamaha) 1&#8217;53&#8243;503<br \/>3. Raul Fernandez (Spa-Aprilia) 1&#8217;53&#8243;513<br \/>4. Mir (Spa-Honda) 1&#8217;53&#8243;523<br \/>5. Ogura (Gia-Aprilia) 1&#8217;53&#8243;621<br \/>6. Bagnaia (Ita-Ducati) 1&#8217;53&#8243;679<br \/>7. Aldeguer (Spa-Ducati) 1&#8217;53&#8243;779<br \/>8. Di Giannantonio (Ita-Ducati) 1&#8217;53&#8243;787<br \/>9. Acosta (Spa-KTM) 1&#8217;53&#8243;821<br \/>10. Marini (Ita-Honda) 1&#8217;53&#8243;845<br \/>11. Razgatlioglu (Tur-Yamaha) 1&#8217;53&#8243;926<br \/>12. Rins (Spa-Yamaha) 1&#8217;53&#8243;928<br \/>13. Vi\u00f1ales (Spa-KTM) 1&#8217;53&#8243;975<br \/>14. Martin (Spa-Aprilia) 1&#8217;54&#8243;015<br \/>15. Morbidelli (Ita-Ducati) 1&#8217;54&#8243;175<br \/>16. Bezzecchi (Ita-Aprilia) 1&#8217;54&#8243;194<br \/>17. Binder (Rsa-KTM) 1&#8217;54&#8243;249<br \/>18. Alex Marquez (Spa-Ducati) 1&#8217;54&#8243;519<br \/>19. Moreira (Bra-Honda) 1&#8217;54&#8243;688<br \/>20. Miller (Aus-Yamaha) 1&#8217;54&#8243;790<br \/>21. Bastianini (Ita-KTM) 1&#8217;54&#8243;894<br \/>22. Crutchlow (GB-Honda) 1&#8217;55&#8243;306<\/p>\n<p class=\"is-copyright\">\u00a9 RIPRODUZIONE RISERVATA<\/p>\n","protected":false},"excerpt":{"rendered":"Prima sessione in Repubblica Ceca con miglior tempo dell&#8217;iridato Ducati, scivolato per\u00f2 in curva 7 a pochi minuti&hellip;\n","protected":false},"author":3,"featured_media":546361,"comment_status":"","ping_status":"","sticky":false,"template":"","format":"standard","meta":{"footnotes":"","_share_on_mastodon":"0"},"categories":[176],"tags":[3437,3654,3655,301066,301067,1833,3668,11507,10872,3438,15504,3345,57933,1537,90,627,89,92337,1790,6233,3442,2197,2051,301065,10864,3665,245,244,42776],"class_list":["post-546360","post","type-post","status-publish","format-standard","has-post-thumbnail","category-sport","tag-aprilia","tag-bagnaia","tag-bezzecchi","tag-bezzecchi-staccato","tag-bezzecchi-staccato-decimi","tag-brno","tag-ceca","tag-curva","tag-decimi","tag-ducati","tag-fabio","tag-gp","tag-iridato","tag-it","tag-italia","tag-italiani","tag-italy","tag-kalex","tag-ktm","tag-libere","tag-marquez","tag-miglior","tag-migliore","tag-migliore-italiani","tag-sessione","tag-spagnolo","tag-sport","tag-sports","tag-staccato"],"share_on_mastodon":{"url":"https:\/\/pubeurope.com\/@it\/116776467003839955","error":""},"_links":{"self":[{"href":"https:\/\/www.europesays.com\/it\/wp-json\/wp\/v2\/posts\/546360","targetHints":{"allow":["GET"]}}],"collection":[{"href":"https:\/\/www.europesays.com\/it\/wp-json\/wp\/v2\/posts"}],"about":[{"href":"https:\/\/www.europesays.com\/it\/wp-json\/wp\/v2\/types\/post"}],"author":[{"embeddable":true,"href":"https:\/\/www.europesays.com\/it\/wp-json\/wp\/v2\/users\/3"}],"replies":[{"embeddable":true,"href":"https:\/\/www.europesays.com\/it\/wp-json\/wp\/v2\/comments?post=546360"}],"version-history":[{"count":0,"href":"https:\/\/www.europesays.com\/it\/wp-json\/wp\/v2\/posts\/546360\/revisions"}],"wp:featuredmedia":[{"embeddable":true,"href":"https:\/\/www.europesays.com\/it\/wp-json\/wp\/v2\/media\/546361"}],"wp:attachment":[{"href":"https:\/\/www.europesays.com\/it\/wp-json\/wp\/v2\/media?parent=546360"}],"wp:term":[{"taxonomy":"category","embeddable":true,"href":"https:\/\/www.europesays.com\/it\/wp-json\/wp\/v2\/categories?post=546360"},{"taxonomy":"post_tag","embeddable":true,"href":"https:\/\/www.europesays.com\/it\/wp-json\/wp\/v2\/tags?post=546360"}],"curies":[{"name":"wp","href":"https:\/\/api.w.org\/{rel}","templated":true}]}}