{"id":546569,"date":"2026-06-19T14:08:16","date_gmt":"2026-06-19T14:08:16","guid":{"rendered":"https:\/\/www.europesays.com\/it\/546569\/"},"modified":"2026-06-19T14:08:16","modified_gmt":"2026-06-19T14:08:16","slug":"identificato-il-ciclista-senza-nome-di-crevalcore-e-l81enne-centese-bruno-accorsi","status":"publish","type":"post","link":"https:\/\/www.europesays.com\/it\/546569\/","title":{"rendered":"Identificato il ciclista senza nome di Crevalcore, \u00e8 l\u201981enne centese Bruno Accorsi"},"content":{"rendered":"<p>\u00c8 del ferrarese Bruno Accorsi, 81enne di Cento, il corpo del ciclista trovato morto lungo la Strada Statale 586 a Crevalcore, in provincia di Bologna, durante la serata di venerd\u00ec 12 giugno.<\/p>\n<p>Gli accertamenti medico-legali avevano fin da subito accertato che il pensionato era stato ucciso da un malore mentre stava pedalando in sella alla propria bicicletta. Purtroppo per\u00f2, con s\u00e9, l\u2019anziano non aveva documenti di identit\u00e0 e quindi, per risalire al nome e al cognome, nei giorni scorsi, i carabinieri \u2013 aiutati dall\u2019intelligenza artificiale \u2013 avevano diffuso una foto dell\u2019uomo.<\/p>\n<p>Era stata diffusa prima la foto della sua bicicletta, una Esperia Bikes color creame e rossa, e poi l\u2019immagine del suo viso.<\/p>\n<p>A riconoscere la foto segnaletica ricreata digitalmente, durante le scorse ore, \u00e8 stato un cittadino che immediatamente ha telefonato al 112, dicendo che l\u2019immagine somigliava all\u2019anziano.<\/p>\n<p>\u00c8 cos\u00ec stata individuata l\u2019abitazione in cui viveva, dove i carabinieri sono entrati, per una ispezione, grazie a copie delle chiavi fornite da un parente del pensionato: la casa era vuota e in ordine.<\/p>\n<p>La salma \u00e8 stata ora restituita alla famiglia per l\u2019ultimo saluto.<\/p>\n<p>\t\t\t\tGrazie per aver letto questo articolo&#8230;<\/p>\n<p>Da 20 anni\u00a0<a class=\"vglnk\" href=\"https:\/\/www.estense.com\/\" rel=\"nofollow noopener\" target=\"_blank\">Estense.com<\/a>\u00a0offre una informazione indipendente ai suoi lettori e non ha mai accettato fondi pubblici per non pesare nemmeno un centesimo sulle spalle della collettivit\u00e0. Il lavoro che svolgiamo ha un costo economico non indifferente e la pubblicit\u00e0 dei privati non sempre \u00e8 sufficiente.<br \/>Per questo chiediamo a chi quotidianamente ci legge e, speriamo, ci apprezza di darci un piccolo contributo in base alle proprie possibilit\u00e0. Anche un piccolo sostegno, moltiplicato per le decine di migliaia di ferraresi che ci leggono ogni giorno, pu\u00f2 diventare fondamentale.<\/p>\n<p>\u00a0<\/p>\n<p><strong>OPPURE <\/strong>se preferisci non usare PayPal ma un normale bonifico bancario (anche periodico) puoi intestarlo a:<\/p>\n<p><strong>Scoop Media Edit<br \/><\/strong>IBAN:\u00a0<strong>IT06D0538713004000000035119 <\/strong>(Banca BPER)<br \/>Causale:\u00a0<strong>Donazione per\u00a0<a class=\"vglnk\" href=\"https:\/\/www.estense.com\/\" rel=\"nofollow noopener\" target=\"_blank\">Estense.com<\/a><\/strong><\/p>\n","protected":false},"excerpt":{"rendered":"\u00c8 del ferrarese Bruno Accorsi, 81enne di Cento, il corpo del ciclista trovato morto lungo la Strada Statale&hellip;\n","protected":false},"author":3,"featured_media":546570,"comment_status":"","ping_status":"","sticky":false,"template":"","format":"standard","meta":{"footnotes":"","_share_on_mastodon":"0"},"categories":[1456],"tags":[4859,1824,1825,1537,90,89,245,244],"class_list":["post-546569","post","type-post","status-publish","format-standard","has-post-thumbnail","category-ciclismo","tag-cento","tag-ciclismo","tag-cycling","tag-it","tag-italia","tag-italy","tag-sport","tag-sports"],"share_on_mastodon":{"url":"https:\/\/pubeurope.com\/@it\/116777170265832471","error":""},"_links":{"self":[{"href":"https:\/\/www.europesays.com\/it\/wp-json\/wp\/v2\/posts\/546569","targetHints":{"allow":["GET"]}}],"collection":[{"href":"https:\/\/www.europesays.com\/it\/wp-json\/wp\/v2\/posts"}],"about":[{"href":"https:\/\/www.europesays.com\/it\/wp-json\/wp\/v2\/types\/post"}],"author":[{"embeddable":true,"href":"https:\/\/www.europesays.com\/it\/wp-json\/wp\/v2\/users\/3"}],"replies":[{"embeddable":true,"href":"https:\/\/www.europesays.com\/it\/wp-json\/wp\/v2\/comments?post=546569"}],"version-history":[{"count":0,"href":"https:\/\/www.europesays.com\/it\/wp-json\/wp\/v2\/posts\/546569\/revisions"}],"wp:featuredmedia":[{"embeddable":true,"href":"https:\/\/www.europesays.com\/it\/wp-json\/wp\/v2\/media\/546570"}],"wp:attachment":[{"href":"https:\/\/www.europesays.com\/it\/wp-json\/wp\/v2\/media?parent=546569"}],"wp:term":[{"taxonomy":"category","embeddable":true,"href":"https:\/\/www.europesays.com\/it\/wp-json\/wp\/v2\/categories?post=546569"},{"taxonomy":"post_tag","embeddable":true,"href":"https:\/\/www.europesays.com\/it\/wp-json\/wp\/v2\/tags?post=546569"}],"curies":[{"name":"wp","href":"https:\/\/api.w.org\/{rel}","templated":true}]}}