{"id":546835,"date":"2026-06-19T17:52:15","date_gmt":"2026-06-19T17:52:15","guid":{"rendered":"https:\/\/www.europesays.com\/it\/546835\/"},"modified":"2026-06-19T17:52:15","modified_gmt":"2026-06-19T17:52:15","slug":"maignan-dubbi-sul-futuro-al-milan-e-critiche-in-francia","status":"publish","type":"post","link":"https:\/\/www.europesays.com\/it\/546835\/","title":{"rendered":"Maignan, dubbi sul futuro al Milan e critiche in Francia"},"content":{"rendered":"<p>                                Il portiere non ha brillato nell&#8217;esordio Mondiale col Senegal. &#8220;Non \u00e8 al top&#8221;, l&#8217;attacco di Dugarry. E intanto, col Milan fuori dalla Champions, il suo agente si guarda attorno<\/p>\n<p class=\"paragraph\" spellcheck=\"true\">Al di l\u00e0 della vittoria contro il Senegal, l&#8217;esordio di Maignan nel primo Mondiale da titolare dopo aver raccolto l&#8217;eredit\u00e0 di Lloris non \u00e8 stato quello sperato. Il gol incassato nel recupero da Mbaye ha infatti riacceso un dibattito che accompagna il portiere da diversi mesi. Secondo numerosi commentatori, Magic Mike avrebbe potuto fare qualcosa in pi\u00f9 sulla conclusione che ha permesso agli africani di accorciare le distanze. L&#8217;attaccante senegalese ha ricevuto sulla destra dell&#8217;area e ha calciato forte sul palo che avrebbe dovuto &#8220;chiudere&#8221; l&#8217;estremo difensore della Francia. &#8220;Lo trovo un po&#8217; meno sicuro di s\u00e9, un po&#8217; meno composto&#8221;, ha spiegato Christophe Dugarry alla radio RMC. Anche i giornali francesi sono stati pressoch\u00e9 unanimi nel giudicare insufficiente la sua prestazione. Una parte delle analisi televisive ha infine evidenziato come il portiere francese fosse leggermente scoperto sul proprio palo e non particolarmente reattivo nel tuffo.<\/p>\n<p>        titolare indiscusso\u2014 \u00a0<\/p>\n<p class=\"paragraph\" spellcheck=\"true\">Senza la convocazione di Chevalier, che ha perso il posto al Psg dopo essere arrivato la scorsa estate per sostituire un certo Donnarumma, Maignan alle sue spalle in Nazionale ha Samba e Risser. In pratica \u00e8 titolare indiscusso&#8230; In pi\u00f9 Mbapp\u00e8, il capitano, stravede per lui e in recenti interviste lo ha pi\u00f9 volte elogiato sottolineando che \u00e8 una garanzia, uno dei leader dello spogliatoio. Dubbi che possa essere avvicendato contro l&#8217;Iraq non ne esistono. \u00c8 per\u00f2 innegabile che la Francia per disputare un torneo importante abbia bisogno del miglior Maignan, anche perch\u00e9 la difesa subisce gol da sei partite ufficiali di fila, comprese le amichevoli (4). L&#8217;ultima volta con la porta chiusa \u00e8 stata contro l&#8217;Ucraina, in una gara valida per le qualificazioni ai Mondiali dello scorso novembre. \u00c8 passato troppo tempo&#8230;<\/p>\n<p><a class=\"is-partner-link\" href=\"https:\/\/abbonamenti.gazzetta.it\/de-promo-mondiali\/?pwcmp=cta&amp;forceBrowser=true\" rel=\"nofollow noopener\" target=\"_blank\">Gazzetta Mondiale: ogni notte un\u2019edizione straordinaria esclusiva. Non perdertela, abbonati a 1\u20ac\/mese!<\/a><\/p>\n<p>        dubbi\u2014 \u00a0<\/p>\n<p class=\"paragraph\" spellcheck=\"true\">Dopo la delusione del quinto posto in campionato con il Milan, Maignan \u00e8 arrivato nel ritiro della Francia senza rilasciare dichiarazioni. N\u00e9 in Italia n\u00e9 in patria. Non \u00e8 una cosa insolita visto che parla pochissimo e malvolentieri. Di certo per\u00f2 non \u00e8 felice per la piega che ha preso l&#8217;esperienza rossonera: aveva rinnovato il contratto fino al 2031 a oltre 5 milioni netti a stagione pi\u00f9 bonus quando la squadra era seconda in classifica e il feeling con Allegri e il suo preparatore dei portieri Filippi era al top. Adesso, con Max esonerato, la societ\u00e0 senza dirigenza e con la squadra che la prossima stagione disputer\u00e0 l&#8217;Europa League, i dubbi sul futuro sono molti. Parler\u00e0 con Amorim, ma di certo il suo agente sta cercando di capire se esistono prospettive interessanti di mercato. Tradotto, se il Chelsea che lo aveva cercato nel giugno scorso, il Tottenham o un&#8217;altra formazione della Premier sono interessate. In teoria esisterebbero anche altre possibili destinazioni, ma Mike prende in considerazione solo top club. Perch\u00e9 il Milan resta il Milan. Una decisione sul futuro non \u00e8 per\u00f2 imminente: arriver\u00e0 dopo il Mondiale, quando magari si sar\u00e0 messo in mostra pi\u00f9 di quello che non \u00e8 successo contro il Senegal. Il Diavolo non vorrebbe venderlo perch\u00e9 \u00e8 il capitano e un punto fermo da cui ripartire, ma questa pu\u00f2 essere l&#8217;estate in cui i protagonisti dello scudetto 2021-22 (da Leao a Tomori) si toglieranno la maglia rossonera. Ecco perch\u00e9 neppure Magic Mike ha pi\u00f9 il futuro assicurato. Il dubbio in testa ce l&#8217;ha. Dire che \u00e8 stato quello che lo ha fatto sbagliare al suo esordio Mondiale \u00e8 forse troppo. Di certo per\u00f2 non lo ha aiutato.<\/p>\n<p class=\"is-copyright\">\u00a9 RIPRODUZIONE RISERVATA<\/p>\n","protected":false},"excerpt":{"rendered":"Il portiere non ha brillato nell&#8217;esordio Mondiale col Senegal. &#8220;Non \u00e8 al top&#8221;, l&#8217;attacco di Dugarry. E intanto,&hellip;\n","protected":false},"author":3,"featured_media":546836,"comment_status":"","ping_status":"","sticky":false,"template":"","format":"standard","meta":{"footnotes":"","_share_on_mastodon":"0"},"categories":[1452],"tags":[24230,301239,301240,31713,165501,7169,3077,721,8230,7757,301236,36710,11125,299227,1533,1740,4300,1976,301237,1537,90,89,96804,96805,13200,14827,553,1353,1354,31158,2855,21100,36860,1739,245,244,1857,577,26462,301238,3413],"class_list":["post-546835","post","type-post","status-publish","format-standard","has-post-thumbnail","category-calcio","tag-accompagna","tag-accompagna-portiere","tag-accompagna-portiere-diversi","tag-accorciare","tag-accorciare-distanze","tag-agente","tag-arrivato","tag-calcio","tag-capitano","tag-dubbi","tag-dugarry","tag-esistono","tag-esordio","tag-esordio-mondiale","tag-estate","tag-football","tag-francia","tag-gol","tag-indiscusso","tag-it","tag-italia","tag-italy","tag-magic","tag-magic-mike","tag-maignan","tag-mike","tag-milan","tag-mondiale","tag-ne","tag-palo","tag-portiere","tag-rossonera","tag-senegal","tag-soccer","tag-sport","tag-sports","tag-squadra","tag-stagione","tag-titolare","tag-titolare-indiscusso","tag-top"],"share_on_mastodon":{"url":"https:\/\/pubeurope.com\/@it\/116778051066183005","error":""},"_links":{"self":[{"href":"https:\/\/www.europesays.com\/it\/wp-json\/wp\/v2\/posts\/546835","targetHints":{"allow":["GET"]}}],"collection":[{"href":"https:\/\/www.europesays.com\/it\/wp-json\/wp\/v2\/posts"}],"about":[{"href":"https:\/\/www.europesays.com\/it\/wp-json\/wp\/v2\/types\/post"}],"author":[{"embeddable":true,"href":"https:\/\/www.europesays.com\/it\/wp-json\/wp\/v2\/users\/3"}],"replies":[{"embeddable":true,"href":"https:\/\/www.europesays.com\/it\/wp-json\/wp\/v2\/comments?post=546835"}],"version-history":[{"count":0,"href":"https:\/\/www.europesays.com\/it\/wp-json\/wp\/v2\/posts\/546835\/revisions"}],"wp:featuredmedia":[{"embeddable":true,"href":"https:\/\/www.europesays.com\/it\/wp-json\/wp\/v2\/media\/546836"}],"wp:attachment":[{"href":"https:\/\/www.europesays.com\/it\/wp-json\/wp\/v2\/media?parent=546835"}],"wp:term":[{"taxonomy":"category","embeddable":true,"href":"https:\/\/www.europesays.com\/it\/wp-json\/wp\/v2\/categories?post=546835"},{"taxonomy":"post_tag","embeddable":true,"href":"https:\/\/www.europesays.com\/it\/wp-json\/wp\/v2\/tags?post=546835"}],"curies":[{"name":"wp","href":"https:\/\/api.w.org\/{rel}","templated":true}]}}