{"id":546906,"date":"2026-06-19T18:47:17","date_gmt":"2026-06-19T18:47:17","guid":{"rendered":"https:\/\/www.europesays.com\/it\/546906\/"},"modified":"2026-06-19T18:47:17","modified_gmt":"2026-06-19T18:47:17","slug":"emma-heming-moglie-di-bruce-willis-compie-50-anni-gli-ultimi-dieci-sono-stati-molto-difficili-ma-sono-orgogliosa-di-essere-moglie-madre-e-caregiver-il-mio-desiderio-e-un-futuro-migliore-per","status":"publish","type":"post","link":"https:\/\/www.europesays.com\/it\/546906\/","title":{"rendered":"Emma Heming, moglie di Bruce Willis compie 50 anni: \u00abGli ultimi dieci sono stati molto difficili, ma sono orgogliosa di essere moglie, madre e caregiver. Il mio desiderio \u00e8 un futuro migliore per chi affronta la demenza\u00bb"},"content":{"rendered":"<p>Insieme al post, un breve video del marito, che <strong>canta \u00abHappy Birthday\u00bb<\/strong> con la voce modificata dall&#8217;elio di un palloncino, tra le risate delle due figlie, <strong>Mabel Ray,<\/strong> 14 anni, ed <strong>Evelyn Penn,<\/strong> 12, e una foto che li ritrae abbracciati e sorridenti, con in testa due buffi cappellini da festa di compleanno.<\/p>\n<p>Non \u00e8 la prima volta che Emma Heming accende i riflettori sulla necessit\u00e0 di un minore stigma nei confronti di certe patologie e che ribadisce la sua vicinanza al marito. L&#8217;ultimo post sul loro amore risale allo scorso marzo, quando avevano festeggiato l&#8217;anniversario di matrimonio. \u00abSono nata per amarlo\u00bb, aveva scritto l&#8217;ex modella su Instagram pubblicando alcune immagini di quella giornata felice del 2007. A distanza di 17 anni tante cose sono cambiate, ma il loro rapporto \u00e8 sempre saldo, nonostante le difficolt\u00e0.<\/p>\n<p>La notizia della malattia di Bruce Willis \u00e8 stata confermata nel 2023. Tra le prime a parlarne pubblicamente, l&#8217;ex moglie <a href=\"https:\/\/www.vanityfair.it\/topic\/demi-moore\" isautogenerated=\"true\" rel=\"nofollow noopener\" target=\"_blank\">Demi Moore<\/a>, rimasta molto legata all&#8217;attore (insieme hanno avuto tre figlie) ma vicina anche ad Emma Heming, con cui ha un ottimo rapporto, tanto da essere presente anche alla festa di compleanno. \u00abLe condizioni di Bruce sono man mano peggiorate e <strong>oggi disponiamo di una diagnosi pi\u00f9 specifica: demenza fronto-temporale (meglio nota come FTD)<\/strong> Purtroppo, i problemi di comunicazione sono solo un sintomo della malattia che Bruce si trova ad affrontare. <strong>Anche se tutto ci\u00f2 \u00e8 estremamente doloroso, \u00e8 un sollievo avere finalmente una diagnosi chiara\u00bb<\/strong>, <a href=\"https:\/\/www.vanityfair.it\/article\/bruce-willis-demenza-fronto-temporale-diagnosi-afasia\" target=\"_blank\" rel=\"nofollow noopener\">scrisse l&#8217;attrice su Instagram<\/a>. All&#8217;inizio, infatti, il problema di Willis era l&#8217;afasia, una condizione che lo port\u00f2 a smettere di recitare. Solo in un secondo momento ci si rese conto che si trattava del sintomo di qualcosa di pi\u00f9 complesso.<\/p>\n<p>Impossibile dire <strong>come la malattia evolver\u00e0,<\/strong> ci sono momenti in cui l&#8217;attore sembra stare meglio, come nell&#8217;ultimo video pubblicato dalla moglie, e altri in cui \u00e8 pi\u00f9 assente. L&#8217;unica cosa che non \u00e8 cambiata \u00e8 l&#8217;amore che lo circonda.<\/p>\n","protected":false},"excerpt":{"rendered":"Insieme al post, un breve video del marito, che canta \u00abHappy Birthday\u00bb con la voce modificata dall&#8217;elio di&hellip;\n","protected":false},"author":3,"featured_media":546907,"comment_status":"","ping_status":"","sticky":false,"template":"","format":"standard","meta":{"footnotes":"","_share_on_mastodon":"0"},"categories":[1451],"tags":[1622,1621,1620,62836,203,2799,204,1537,90,89],"class_list":["post-546906","post","type-post","status-publish","format-standard","has-post-thumbnail","category-celebrita","tag-bruce-willis","tag-celebrita","tag-celebrities","tag-demi-moore","tag-entertainment","tag-gossip","tag-intrattenimento","tag-it","tag-italia","tag-italy"],"share_on_mastodon":{"url":"https:\/\/pubeurope.com\/@it\/116778267666258638","error":""},"_links":{"self":[{"href":"https:\/\/www.europesays.com\/it\/wp-json\/wp\/v2\/posts\/546906","targetHints":{"allow":["GET"]}}],"collection":[{"href":"https:\/\/www.europesays.com\/it\/wp-json\/wp\/v2\/posts"}],"about":[{"href":"https:\/\/www.europesays.com\/it\/wp-json\/wp\/v2\/types\/post"}],"author":[{"embeddable":true,"href":"https:\/\/www.europesays.com\/it\/wp-json\/wp\/v2\/users\/3"}],"replies":[{"embeddable":true,"href":"https:\/\/www.europesays.com\/it\/wp-json\/wp\/v2\/comments?post=546906"}],"version-history":[{"count":0,"href":"https:\/\/www.europesays.com\/it\/wp-json\/wp\/v2\/posts\/546906\/revisions"}],"wp:featuredmedia":[{"embeddable":true,"href":"https:\/\/www.europesays.com\/it\/wp-json\/wp\/v2\/media\/546907"}],"wp:attachment":[{"href":"https:\/\/www.europesays.com\/it\/wp-json\/wp\/v2\/media?parent=546906"}],"wp:term":[{"taxonomy":"category","embeddable":true,"href":"https:\/\/www.europesays.com\/it\/wp-json\/wp\/v2\/categories?post=546906"},{"taxonomy":"post_tag","embeddable":true,"href":"https:\/\/www.europesays.com\/it\/wp-json\/wp\/v2\/tags?post=546906"}],"curies":[{"name":"wp","href":"https:\/\/api.w.org\/{rel}","templated":true}]}}