{"id":547447,"date":"2026-06-20T03:02:18","date_gmt":"2026-06-20T03:02:18","guid":{"rendered":"https:\/\/www.europesays.com\/it\/547447\/"},"modified":"2026-06-20T03:02:18","modified_gmt":"2026-06-20T03:02:18","slug":"atletica-diamond-league-a-doha-sioli-vince","status":"publish","type":"post","link":"https:\/\/www.europesays.com\/it\/547447\/","title":{"rendered":"Atletica, Diamond League a Doha: Sioli vince"},"content":{"rendered":"<p>                                Il 20enne milanese vola a 2.29 e trionfa nell&#8217;alto come gi\u00e0 al Golden Gala: &#8220;Che onore sfidare uno come Mutaz&#8221;<\/p>\n<p class=\"paragraph\" spellcheck=\"true\">Sotto l\u2019asticella, in attesa di Gimbo Tamberi, c\u2019\u00e8 (di nuovo) Matteo Sioli. Il 20enne milanese di Paderno Dugnano vince l\u2019alto nella seconda tappa consecutiva di Diamond League. E se a Roma, due settimane fa, si era imposto con 2.28, a Doha cresce di un centimetro, rimanendo a un altro dal personale col quale l\u2019estate scorsa svett\u00f2 agli Europei under 23. Con, nell\u2019occasione, un bel carico di suggestioni, perch\u00e9 il battuto \u00e8 Mutaz Barshim. Il qatarino, che gioca in casa, a 34 anni e con prole in tribuna,  vive alla giornata: \u00e8 pieno di acciacchi, gareggia col contagocce, ma ha ancora elasticit\u00e0 ed eleganza uniche. Quello al Qatar Sports Club, col termometro a 32\u00b0, \u00e8 il primo evento internazionale nel Paese dopo lo scoppio della guerra mediorientale: il meeting avrebbe dovuto aprire il circuito l\u20198 maggio. La Fiamma Azzurra \u00e8 subito precisa a 2.16, 2.20, 2.24 e, con un po\u2019 di fortuna, a 2.27. La rincorsa \u00e8 apparentemente lenta, ma il ragazzo, 198 cm da ex cestista, ha gran verticalizzazione. Alla quota pi\u00f9 severa, da ultimo si arrende l\u2019ucraino Doroshchuk, iridato indoor. \u00c8 sfida a due, con Sioli avanti per un errore di Barshim a 2.24. L\u2019allievo di Felice Delaini, studente in Scienze della Ristorazione alla Statale di Milano, al terzo tentativo vola a 2.29, l\u2019oro olimpico ne sbaglia due e tiene l\u2019ultimo a 2.31. Lo fallisce e il successo \u00e8 dell\u2019azzurro che, dopo un nullo, memore dei guai invernali a uno scafoide, si ferma. &#8220;\u00c8 un onore gareggiare con un campione come Barshim &#8211; dice Sioli &#8211; sono felice e ringrazio chi mi aiuta ogni giorno&#8221;. Oggi, a Essen, c\u2019\u00e8 Falocchi.\u00a0<\/p>\n<p>        DOSSO E DALLAVALLE\u2014 \u00a0<\/p>\n<p class=\"paragraph\" spellcheck=\"true\">Bene fanno Zaynab Dosso, 2a in 11\u201d01 nel 100 (+2.5) della giamaicana Nelson (10\u201d88) e Andrea Dallavalle, 4\u00b0 nel triplo con 17.19\/+0.9 in una gara in cui il portoghese Pichardo porta la miglior misura mondiale 2026 a 17.71\/+0.4: entrambi erano al debutto (oggi, ai Societari di Rieti, tocca a Diaz, con Stano e Fortunato nei 10.000 di marcia). Nella specialit\u00e0 15.13\/+1.3 della cubana Velazco, leader mondiale dal 2023 e nei 400 hs 52\u201d30 della slovacca Zapletalova, 2a europea all-time (Folorunso 7a in 54\u201d85). Sabbatini e Zenoni 6a e 7a nei 1500 (4\u201906\u201d24 e 4\u201906\u201d25).<\/p>\n","protected":false},"excerpt":{"rendered":"Il 20enne milanese vola a 2.29 e trionfa nell&#8217;alto come gi\u00e0 al Golden Gala: &#8220;Che onore sfidare uno&hellip;\n","protected":false},"author":3,"featured_media":547448,"comment_status":"","ping_status":"","sticky":false,"template":"","format":"standard","meta":{"footnotes":"","_share_on_mastodon":"0"},"categories":[176],"tags":[2964,301515,301516,2102,301517,301518,15249,301519,301520,4197,301513,4291,80915,41093,41094,8669,25984,2245,1537,90,89,1980,544,1353,301514,11044,75530,245,244,13062,3808],"class_list":["post-547447","post","type-post","status-publish","format-standard","has-post-thumbnail","category-sport","tag-acciacchi","tag-acciacchi-gareggia","tag-acciacchi-gareggia-contagocce","tag-aiuta","tag-aiuta-essen","tag-aiuta-essen-falocchi","tag-allievo","tag-allievo-felice","tag-allievo-felice-delaini","tag-alto","tag-barshim","tag-battuto","tag-dallavalle","tag-diamond","tag-diamond-league","tag-doha","tag-dosso","tag-felice","tag-it","tag-italia","tag-italy","tag-league","tag-milanese","tag-mondiale","tag-mutaz","tag-onore","tag-sioli","tag-sport","tag-sports","tag-vince","tag-vola"],"share_on_mastodon":{"url":"https:\/\/pubeurope.com\/@it\/116780213646533724","error":""},"_links":{"self":[{"href":"https:\/\/www.europesays.com\/it\/wp-json\/wp\/v2\/posts\/547447","targetHints":{"allow":["GET"]}}],"collection":[{"href":"https:\/\/www.europesays.com\/it\/wp-json\/wp\/v2\/posts"}],"about":[{"href":"https:\/\/www.europesays.com\/it\/wp-json\/wp\/v2\/types\/post"}],"author":[{"embeddable":true,"href":"https:\/\/www.europesays.com\/it\/wp-json\/wp\/v2\/users\/3"}],"replies":[{"embeddable":true,"href":"https:\/\/www.europesays.com\/it\/wp-json\/wp\/v2\/comments?post=547447"}],"version-history":[{"count":0,"href":"https:\/\/www.europesays.com\/it\/wp-json\/wp\/v2\/posts\/547447\/revisions"}],"wp:featuredmedia":[{"embeddable":true,"href":"https:\/\/www.europesays.com\/it\/wp-json\/wp\/v2\/media\/547448"}],"wp:attachment":[{"href":"https:\/\/www.europesays.com\/it\/wp-json\/wp\/v2\/media?parent=547447"}],"wp:term":[{"taxonomy":"category","embeddable":true,"href":"https:\/\/www.europesays.com\/it\/wp-json\/wp\/v2\/categories?post=547447"},{"taxonomy":"post_tag","embeddable":true,"href":"https:\/\/www.europesays.com\/it\/wp-json\/wp\/v2\/tags?post=547447"}],"curies":[{"name":"wp","href":"https:\/\/api.w.org\/{rel}","templated":true}]}}