{"id":547551,"date":"2026-06-20T04:57:12","date_gmt":"2026-06-20T04:57:12","guid":{"rendered":"https:\/\/www.europesays.com\/it\/547551\/"},"modified":"2026-06-20T04:57:12","modified_gmt":"2026-06-20T04:57:12","slug":"attesa-emozione-trepidazione-a-santangelo-cosi-si-aspetta-il-papa-le-voci-della-gente-i-video","status":"publish","type":"post","link":"https:\/\/www.europesays.com\/it\/547551\/","title":{"rendered":"Attesa, emozione, trepidazione: a Sant\u2019Angelo cos\u00ec si aspetta il Papa. Le voci della gente &#8211; I VIDEO"},"content":{"rendered":"\n<p>C\u2019\u00e8 chi chiuder\u00e0 il negozio e poi si precipiter\u00e0 in via Mazzini, chi si affaccer\u00e0 dal balcone, chi si insedier\u00e0 nel giardino di casa, di fronte allo stadio Carlo Chiesa. Il nostro viaggio a Sant\u2019Angelo Lodigiano a poche ore dall\u2019arrivo del Papa, Leone XIV, atteso alle 19 di sabato 20 giugno. <strong class=\"nero\"\/> <\/p>\n<p>. Video di Alexandru PloiesteanuStefano Pozzi, il lavoro dietro le quinte della visita del Papa<\/p>\n<p>. Video di Lorenzo RinaldiSant&#8217;Angelo Lodigiano vestita a festa: \u00e8 tutto pronto per il Papa. Le nostre edizioni speciali<\/p>\n<p> <strong class=\"nero\">Il reportage sul Cittadino in edicola sabato 20 giugno<\/strong> <\/p>\n","protected":false},"excerpt":{"rendered":"C\u2019\u00e8 chi chiuder\u00e0 il negozio e poi si precipiter\u00e0 in via Mazzini, chi si affaccer\u00e0 dal balcone, chi&hellip;\n","protected":false},"author":3,"featured_media":547552,"comment_status":"","ping_status":"","sticky":false,"template":"","format":"standard","meta":{"footnotes":"","_share_on_mastodon":"0"},"categories":[79],"tags":[301588,14,93,94,40544,1537,90,89,40545,1350,7,15,690,40543,188,11,84,91,12,85,92],"class_list":["post-547551","post","type-post","status-publish","format-standard","has-post-thumbnail","category-italia","tag-carlo-chiesa","tag-cronaca","tag-cronaca-italiana","tag-cronacaitaliana","tag-fedi","tag-it","tag-italia","tag-italy","tag-leader-religiosi","tag-leone-xiv","tag-news","tag-notizie","tag-papa","tag-religioni","tag-tempo-libero","tag-ultime-notizie","tag-ultime-notizie-e-news-di-oggi","tag-ultime-notizie-italia","tag-ultimenotizie","tag-ultimenotizieenewsdioggi","tag-ultimenotizieitalia"],"share_on_mastodon":{"url":"https:\/\/pubeurope.com\/@it\/116780665795226361","error":""},"_links":{"self":[{"href":"https:\/\/www.europesays.com\/it\/wp-json\/wp\/v2\/posts\/547551","targetHints":{"allow":["GET"]}}],"collection":[{"href":"https:\/\/www.europesays.com\/it\/wp-json\/wp\/v2\/posts"}],"about":[{"href":"https:\/\/www.europesays.com\/it\/wp-json\/wp\/v2\/types\/post"}],"author":[{"embeddable":true,"href":"https:\/\/www.europesays.com\/it\/wp-json\/wp\/v2\/users\/3"}],"replies":[{"embeddable":true,"href":"https:\/\/www.europesays.com\/it\/wp-json\/wp\/v2\/comments?post=547551"}],"version-history":[{"count":0,"href":"https:\/\/www.europesays.com\/it\/wp-json\/wp\/v2\/posts\/547551\/revisions"}],"wp:featuredmedia":[{"embeddable":true,"href":"https:\/\/www.europesays.com\/it\/wp-json\/wp\/v2\/media\/547552"}],"wp:attachment":[{"href":"https:\/\/www.europesays.com\/it\/wp-json\/wp\/v2\/media?parent=547551"}],"wp:term":[{"taxonomy":"category","embeddable":true,"href":"https:\/\/www.europesays.com\/it\/wp-json\/wp\/v2\/categories?post=547551"},{"taxonomy":"post_tag","embeddable":true,"href":"https:\/\/www.europesays.com\/it\/wp-json\/wp\/v2\/tags?post=547551"}],"curies":[{"name":"wp","href":"https:\/\/api.w.org\/{rel}","templated":true}]}}