{"id":547565,"date":"2026-06-20T05:18:14","date_gmt":"2026-06-20T05:18:14","guid":{"rendered":"https:\/\/www.europesays.com\/it\/547565\/"},"modified":"2026-06-20T05:18:14","modified_gmt":"2026-06-20T05:18:14","slug":"ancelotti-la-psicologa-ci-sta-aiutando-neymar-per-scozia-brasile-ci-sara","status":"publish","type":"post","link":"https:\/\/www.europesays.com\/it\/547565\/","title":{"rendered":"Ancelotti: &#8220;La psicologa ci sta aiutando. Neymar? Per Scozia-Brasile ci sar\u00e0&#8221;"},"content":{"rendered":"<p>                                Il tecnico dei verdeoro ha promosso i suoi dopo il successo su Haiti, ma non ha escluso di poter modificare ancora l&#8217;11 titolare: &#8220;Nella prossima potrei cambiare qualcosa&#8221;<\/p>\n<p class=\"paragraph\" spellcheck=\"true\">Altra storia rispetto al Marocco. Carlo Ancelotti \u00e8 sorridente in conferenza stampa. I colleghi brasiliani lo chiamano \u201cprofessor\u201d e nessuno gli rimprovera di aver ritardato i cambi. Di pi\u00f9: nessuno chiede di Endrick. Tutti per Matheus Cunha e Vinicius. \u201cMatheus \u00e8 stato ottimo \u2013 attacca Carletto \u2013, \u00e8 riuscito a creare tanti problemi alla difesa di Haiti, ha sfruttato i filtranti ed \u00e8 stato letale sotto porta. Vinicius \u00e8 arrivato in gran condizione, ma noi non vogliamo che sia il suo Mondiale: vogliamo che sia il Mondiale del Brasile\u201d. Poi per\u00f2 un avviso a chi crede che ormai la squadra sia fatta: \u201cNon voglio dare un\u2019identit\u00e0 definita, nella prossima potrei cambiare qualcosa\u201d.\u00a0<\/p>\n<p>    primo posto\u2014 \u00a0<\/p>\n<p class=\"paragraph is-inline\" spellcheck=\"true\">La prossima \u00e8 la Scozia che ha perso solo 1-0 con il Marocco resistendo fino alla fine. \u201cNoi vogliamo vincere con la Scozia per arrivare primi mel gruppo, sarebbe importante. Ci prepareremo per questo, ma non sar\u00e0 facile. La Scozia ha caratteristiche ben definite, ha creato problemi al Marocco e pu\u00f2 farlo con noi. Ma noi dobbiamo restare calmi, tranquilli e concentrati sul gioco. La psicologa sta lavorando con noi e ci sta aiutando\u201d.<\/p>\n<p>    NUOVO VINICIUS\u2014 \u00a0<\/p>\n<p class=\"paragraph is-inline\" spellcheck=\"true\">La svolta \u00e8 stata anche tattica. \u201cVinicius ha giocato un po\u2019 pi\u00f9 dentro il campo, lasciando la fascia a Douglas Santos. Vini, cos\u00ec, \u00e8 stato pericoloso nell\u2019uno contro uno ma anche cercando la profondit\u00e0. Lui \u00e8 bravo ad adattarsi e cambiare posizione anche in partita. Sull\u2019altra fascia siamo stati un po\u2019 pi\u00f9 coperti, prima Raphinha poi Rayan erano pi\u00f9 stabili anche per Danilo che restava basso dietro\u201d. Tutto per\u00f2 \u00e8 migliorabile: \u201cMolto meglio il primo tempo, poi sul 3-0 abbiamo abbassato un po\u2019 il ritmo, si poteva avere pi\u00f9 intensit\u00e0, ma in questi momenti devi pensare anche alle prossime partite. Comunque potevamo fare pi\u00f9 gol. Ho visto quello che volevo, \u00e8 stata un\u2019ottima partita, con meno errori, stiamo migliorando e miglioreremo ancora\u201d.\u00a0<\/p>\n<p><a class=\"is-partner-link\" href=\"https:\/\/abbonamenti.gazzetta.it\/de-promo-mondiali\/?pwcmp=cta&amp;forceBrowser=true\" rel=\"nofollow noopener\" target=\"_blank\">Gazzetta Mondiale: ogni notte un\u2019edizione straordinaria esclusiva. Non perdertela, abbonati a 1\u20ac\/mese!<\/a><\/p>\n<p>    ARRIVA NEYMAR\u2014 \u00a0<\/p>\n<p class=\"paragraph is-inline\" spellcheck=\"true\">Carlo tranquillizza i fan di Neymar: \u201cSta bene, si allener\u00e0 da solo un giorno e poi torner\u00e0 con la squadra. Disponibile per la Scozia\u201d. Tutto incerto invece su Raphinha uscito in anticipo: \u201cAspettiamo i controlli per capire cos\u2019ha avuto\u201d. Ultime parole per i time-out: \u201cMi piacciono, con il gran caldo che c\u2019\u00e8 i giocatori possono recuperare e noi allenatori sistemare qualcosa\u201d.<\/p>\n<p class=\"is-copyright\">\u00a9 RIPRODUZIONE RISERVATA<\/p>\n","protected":false},"excerpt":{"rendered":"Il tecnico dei verdeoro ha promosso i suoi dopo il successo su Haiti, ma non ha escluso di&hellip;\n","protected":false},"author":3,"featured_media":547566,"comment_status":"","ping_status":"","sticky":false,"template":"","format":"standard","meta":{"footnotes":"","_share_on_mastodon":"0"},"categories":[176],"tags":[35448,75803,2537,28271,3734,2554,2387,3074,3336,33725,1537,90,89,7157,301590,1353,5357,1290,21907,301591,3277,8159,301592,301593,9070,177188,2010,245,244,1857,92090,4967,301594],"class_list":["post-547565","post","type-post","status-publish","format-standard","has-post-thumbnail","category-sport","tag-abbassato","tag-aiutando","tag-altra","tag-ancelotti","tag-brasile","tag-cambiare","tag-carlo","tag-fascia","tag-gran","tag-haiti","tag-it","tag-italia","tag-italy","tag-marocco","tag-matheus","tag-mondiale","tag-neymar","tag-partita","tag-potrei","tag-potrei-cambiare","tag-problemi","tag-prossima","tag-prossima-potrei","tag-prossima-potrei-cambiare","tag-psicologa","tag-raphinha","tag-scozia","tag-sport","tag-sports","tag-squadra","tag-vinicius","tag-vogliamo","tag-vogliamo-mondiale"],"share_on_mastodon":{"url":"https:\/\/pubeurope.com\/@it\/116780748391897949","error":""},"_links":{"self":[{"href":"https:\/\/www.europesays.com\/it\/wp-json\/wp\/v2\/posts\/547565","targetHints":{"allow":["GET"]}}],"collection":[{"href":"https:\/\/www.europesays.com\/it\/wp-json\/wp\/v2\/posts"}],"about":[{"href":"https:\/\/www.europesays.com\/it\/wp-json\/wp\/v2\/types\/post"}],"author":[{"embeddable":true,"href":"https:\/\/www.europesays.com\/it\/wp-json\/wp\/v2\/users\/3"}],"replies":[{"embeddable":true,"href":"https:\/\/www.europesays.com\/it\/wp-json\/wp\/v2\/comments?post=547565"}],"version-history":[{"count":0,"href":"https:\/\/www.europesays.com\/it\/wp-json\/wp\/v2\/posts\/547565\/revisions"}],"wp:featuredmedia":[{"embeddable":true,"href":"https:\/\/www.europesays.com\/it\/wp-json\/wp\/v2\/media\/547566"}],"wp:attachment":[{"href":"https:\/\/www.europesays.com\/it\/wp-json\/wp\/v2\/media?parent=547565"}],"wp:term":[{"taxonomy":"category","embeddable":true,"href":"https:\/\/www.europesays.com\/it\/wp-json\/wp\/v2\/categories?post=547565"},{"taxonomy":"post_tag","embeddable":true,"href":"https:\/\/www.europesays.com\/it\/wp-json\/wp\/v2\/tags?post=547565"}],"curies":[{"name":"wp","href":"https:\/\/api.w.org\/{rel}","templated":true}]}}