{"id":547597,"date":"2026-06-20T05:48:22","date_gmt":"2026-06-20T05:48:22","guid":{"rendered":"https:\/\/www.europesays.com\/it\/547597\/"},"modified":"2026-06-20T05:48:22","modified_gmt":"2026-06-20T05:48:22","slug":"al-mare-ci-vado-con-la-porsche-da-811-cv","status":"publish","type":"post","link":"https:\/\/www.europesays.com\/it\/547597\/","title":{"rendered":"Al mare ci vado con la Porsche da 811 CV"},"content":{"rendered":"<p>Con una carrozzeria color celeste e il mare sullo sfondo, la nuova Techart 911 Turbo S Cabriolet sembra nata per attirare gli sguardi lungo una strada costiera. Ma dietro l&#8217;immagine da gran turismo per l&#8217;estate si nasconde <strong>una delle Porsche 911 pi\u00f9 estreme<\/strong> oggi disponibili.<\/p>\n<p>L&#8217;azienda tedesca Techart, specializzata da decenni nella personalizzazione dei modelli Porsche, ha infatti sviluppato un <strong>nuovo pacchetto dedicato alla 911 Turbo S<\/strong> di ultima generazione, portando la potenza oltre la soglia degli 800 CV e intervenendo su design, assetto e abitacolo.<\/p>\n<p>Pi\u00f9 potenza per la nuova Turbo S<\/p>\n<p>La base di partenza \u00e8 gi\u00e0 una delle sportive pi\u00f9 performanti sul mercato. La<a href=\"https:\/\/it.motor1.com\/news\/793027\/pirelli-p-zero-r-porsche-911-turbo-s-2026\/\" data-inline-widget=\"internal-links\" data-type-id=\"0\" data-params=\"%7B%22article_edition_id%22%3A%22793027%22%2C%22section%22%3A%221%22%2C%22alias%22%3A%22pirelli-p-zero-r-porsche-911-turbo-s-2026%22%7D\" rel=\"nofollow noopener\" target=\"_blank\"> Porsche 911 Turbo S<\/a> della serie 992.2 adotta infatti un sistema propulsivo aggiornato che sviluppa 711 CV. Per Techart, per\u00f2, non era abbastanza.<\/p>\n<p>Grazie a una nuova calibrazione elettronica e a un impianto di scarico specifico, <strong>la potenza sale a 811 CV<\/strong>, mentre la coppia raggiunge i 940 Nm.<\/p>\n<p>                            <a href=\"http:\/\/it.motor1.com\/photos\/928003\/porsche-911-turbo-s-by-techart\/#8520209_porsche-911-turbo-s-by-techart\" class=\"msnt-photo-thumb-gallery-main-photo-box\" itemprop=\"image\" itemscope=\"\" itemtype=\"https:\/\/schema.org\/ImageObject\" data-url=\"\/photos\/928003\/porsche-911-turbo-s-by-techart\/#8520209_porsche-911-turbo-s-by-techart\" data-thumb=\"\" data-caption=\"\" data-src=\"\" data-sub-html=\"Porsche 911 Turbo S by Techart\" data-entity-id=\"8520209\" data-download-url=\"\" rel=\"nofollow noopener\" target=\"_blank\"><\/p>\n<p>                                    <img decoding=\"async\" src=\"https:\/\/www.europesays.com\/it\/wp-content\/uploads\/2025\/07\/16x9-tr.png\" loading=\"lazy\" alt=\"Porsche 911 Turbo S by Techart\" width=\"16\" height=\"9\"\/><\/p>\n<p>                            <\/a><\/p>\n<p>                                    11                                <\/p>\n<p>\n                            Fonte: Techart                        <\/p>\n<p>Le prestazioni ne beneficiano in modo evidente: secondo il preparatore, la vettura accelera da 0 a 200 km\/h in appena 7,6 secondi e completa lo scatto da 100 a 200 km\/h in 4,8 secondi. Valori che<strong> la collocano ai vertici della categoria<\/strong> delle supersportive stradali.<\/p>\n<p>Carbonio, assetto ribassato e personalizzazione totale<\/p>\n<p>Come da tradizione <a href=\"https:\/\/it.motor1.com\/news\/788154\/porsche-cayenne-techart-magnum-unique\/\" data-inline-widget=\"internal-links\" data-type-id=\"0\" data-params=\"%7B%22article_edition_id%22%3A%22788154%22%2C%22section%22%3A%221%22%2C%22alias%22%3A%22porsche-cayenne-techart-magnum-unique%22%7D\" rel=\"nofollow noopener\" target=\"_blank\">Techart<\/a>, l&#8217;aumento delle prestazioni \u00e8 accompagnato da una trasformazione estetica altrettanto evidente. Il nuovo kit aerodinamico introduce appendici anteriori in fibra di carbonio, minigonne dedicate, un <strong>grande spoiler posteriore ducktail<\/strong> e nuovi cerchi forgiati che rendono la 911 ancora pi\u00f9 muscolosa.<\/p>\n<p>Non mancano<strong> interventi sull&#8217;assetto<\/strong>, con sospensioni che permettono di abbassare l&#8217;altezza da terra fino a 35 mm per accentuare la presenza scenica della sportiva. All&#8217;interno, invece, quasi ogni elemento pu\u00f2 essere personalizzato.<\/p>\n<p>Sedili, volante, pannelli porta, console centrale e perfino il vano bagagli possono essere rivestiti con <strong>materiali e colori scelti dal cliente<\/strong>. Un approccio completamente modulare che consente di configurare l&#8217;auto secondo i propri gusti, anche se \u00e8 probabile che la modifica pi\u00f9 richiesta resti quella che porta la Turbo S a quota 811 CV.<\/p>\n<p class=\"comfort-title-large flex gap-spacing-sm-base items-center\">\n<p>\t\tVogliamo la tua opinione!\n\t<\/p>\n<p>Cosa vorresti vedere su Motor1.com?<\/p>\n<p>\t\t<a href=\"https:\/\/it.motor1.com\/survey\/2025\/\" rel=\"nofollow noopener\" target=\"_blank\"><br \/>\n\t\t\tPartecipa al nostro sondaggio di 3 minuti.\t\t<\/a><\/p>\n<p class=\"compact-body-medium\">&#8211; Il team di Motor1.com<\/p>\n","protected":false},"excerpt":{"rendered":"Con una carrozzeria color celeste e il mare sullo sfondo, la nuova Techart 911 Turbo S Cabriolet sembra&hellip;\n","protected":false},"author":3,"featured_media":547598,"comment_status":"","ping_status":"","sticky":false,"template":"","format":"standard","meta":{"footnotes":"","_share_on_mastodon":"0"},"categories":[173],"tags":[1537,90,89,6243,195,198,199,197,200,201,194,196,81650],"class_list":["post-547597","post","type-post","status-publish","format-standard","has-post-thumbnail","category-scienza-e-tecnologia","tag-it","tag-italia","tag-italy","tag-porsche","tag-science","tag-science-and-technology","tag-scienceandtechnology","tag-scienza","tag-scienza-e-tecnologia","tag-scienzaetecnologia","tag-technology","tag-tecnologia","tag-tuning"],"share_on_mastodon":{"url":"https:\/\/pubeurope.com\/@it\/116780867392013823","error":""},"_links":{"self":[{"href":"https:\/\/www.europesays.com\/it\/wp-json\/wp\/v2\/posts\/547597","targetHints":{"allow":["GET"]}}],"collection":[{"href":"https:\/\/www.europesays.com\/it\/wp-json\/wp\/v2\/posts"}],"about":[{"href":"https:\/\/www.europesays.com\/it\/wp-json\/wp\/v2\/types\/post"}],"author":[{"embeddable":true,"href":"https:\/\/www.europesays.com\/it\/wp-json\/wp\/v2\/users\/3"}],"replies":[{"embeddable":true,"href":"https:\/\/www.europesays.com\/it\/wp-json\/wp\/v2\/comments?post=547597"}],"version-history":[{"count":0,"href":"https:\/\/www.europesays.com\/it\/wp-json\/wp\/v2\/posts\/547597\/revisions"}],"wp:featuredmedia":[{"embeddable":true,"href":"https:\/\/www.europesays.com\/it\/wp-json\/wp\/v2\/media\/547598"}],"wp:attachment":[{"href":"https:\/\/www.europesays.com\/it\/wp-json\/wp\/v2\/media?parent=547597"}],"wp:term":[{"taxonomy":"category","embeddable":true,"href":"https:\/\/www.europesays.com\/it\/wp-json\/wp\/v2\/categories?post=547597"},{"taxonomy":"post_tag","embeddable":true,"href":"https:\/\/www.europesays.com\/it\/wp-json\/wp\/v2\/tags?post=547597"}],"curies":[{"name":"wp","href":"https:\/\/api.w.org\/{rel}","templated":true}]}}