{"id":547672,"date":"2026-06-20T07:06:23","date_gmt":"2026-06-20T07:06:23","guid":{"rendered":"https:\/\/www.europesays.com\/it\/547672\/"},"modified":"2026-06-20T07:06:23","modified_gmt":"2026-06-20T07:06:23","slug":"motogp-2027-2031-ducati-honda-yamaha-ktm-aprilia-insieme","status":"publish","type":"post","link":"https:\/\/www.europesays.com\/it\/547672\/","title":{"rendered":"MotoGP 2027-2031: Ducati, Honda, Yamaha, KTM, Aprilia insieme"},"content":{"rendered":"<p>                                Definito il quadro di riferimento normativo dei prossimi 6 anni: l&#8217;accordo tra le Case (Aprilia, Ducati, Honda, KTM e Yamaha) e la Serie si basa su un processo di negoziazione collettiva incentrato sui migliori interessi in ambito sportivo, tecnico e commerciale<\/p>\n<p>                    19 giugno 2026 (modifica alle 14:10)  &#8211; BRNO (REPUBBLICA CECA)&amp;NBSP;<\/p>\n<p class=\"paragraph\" spellcheck=\"true\">Finalmente ci siamo, l\u2019accordo c\u2019\u00e8: i cinque Costruttori e il MotoGP Group hanno trovato la quadra. E dunque, dopo questo GP della Repubblica Ceca, comincer\u00e0 il giro degli annunci di mercato. Anche perch\u00e9 luned\u00ec qui a Brno sono previsti i test con le nuove 850 di cilindrata gommate Pirelli del 2027 e le Case non permetteranno ai piloti in uscita di provare le loro moto future. Dunque i segreti di Pulcinella saranno svelati in pista. Ma quello lo vedremo. Per adesso c\u2019\u00e8 da registrare questo importante accordo tra MotoGP Group, Aprilia, Ducati, Honda, KTM e Yamaha per definire il quadro di riferimento della disciplina dal 2027 al 2031. \u201cPatto della Concordia\u201d, \u00e8 stato definito, come citazione della Formula 1. Dove, tuttavia, il riferimento non \u00e8 solo alla mutua soddisfazione raggiunta, quanto anche al luogo in cui \u00e8 stato raggiunto e reiterato negli anni, ovvero nella sede della Fia che \u00e8 per l\u2019appunto Place de la Concorde, a Parigi. Ma sono dettagli. Questo del Motomondiale \u00e8 &#8220;una pietra miliare&#8221;, come si legge nel comunicato diramato da MotoGP: &#8220;per la prima volta nella storia dello sport si \u00e8 raggiunto un accordo programmatico che copre i prossimi cinque anni di gare. Sottendendo una visione unitaria per la sua prossima fase, confermando la presenza a lungo termine di tutti gli attuali costruttori in griglia&#8221;.\u00a0<\/p>\n<p>    quadro normativo\u2014 \u00a0<\/p>\n<p class=\"paragraph is-inline\" spellcheck=\"true\">L&#8217;accordo si basa su un processo di negoziazione collettiva incentrato sui migliori interessi in ambito sportivo, tecnico e commerciale, che stabilisce un quadro di riferimento che garantisce competitivit\u00e0, rilevanza tecnologica e sviluppo dell\u2019appeal globale del campionato a lungo termine. La propriet\u00e0 \u00e8 la stessa della Formula 1, Liberty Media, quindi il processo immaginato \u00e8 il medesimo. Anche perch\u00e9 della F1 i risultati della gestione in termini di popolarit\u00e0 globale sono sotto gli occhi di tutti. I Costruttori volevano essere parte in causa, oltre che beneficiari della loro fetta di torta. Per quanto, tra comunicato stampa e conferenza di oggi, non \u00e8 che si sia esattamente entrati nel merito. Non si parla dell&#8217;entit\u00e0 della fetta, per esempio. Cio\u00e8 non ci sono riferimento all\u2019accordo economico tra le parti. Cos\u00ec come non si parla di salario minimo dei piloti.\u00a0<\/p>\n<p class=\"paragraph\" spellcheck=\"true\">\u201cIl quadro normativo \u2013 prosegue nota diffusa oggi a Brno \u2013 verr\u00e0 presentato a breve e definir\u00e0 le basi regolamentari, sportive e commerciali per la prossima fase evolutiva della MotoGP, segnando un traguardo importante e rafforzando ulteriormente il campionato. MotoGP, costruttori, team e la Federazione Internazionale stanno collaborando per individuare opportunit\u00e0 di miglioramento sia degli aspetti tecnici che sportivi del campionato, con anche una forte attenzione alla sicurezza. Questo approccio condiviso guider\u00e0 la continua evoluzione della MotoGP, preservandone al contempo il Dna che la definisce come l&#8217;apice del motociclismo sportivo\u201d.\u00a0<\/p>\n<p>    ezpeleta e rivola\u2014 \u00a0<\/p>\n<p class=\"paragraph is-inline\" spellcheck=\"true\">\u201c\u00c8 un momento cruciale per la MotoGP\u201d, ha detto Carmelo Ezpeleta, CEO del MotoGP Group. \u201cL&#8217;impegno di tutti e cinque i costruttori non solo rafforza la solidit\u00e0 del campionato attuale, ma sottolinea anche l&#8217;ambizione condivisa che ne guida il futuro. Insieme alla nostra partnership di lunga data con la FIM fino al 2060, questo accordo ci offre una solida base per continuare a crescere, consolidando decenni di progressi e accelerando verso una nuova fase per questo sport\u201d. A nome di Aprilia ma anche della MSMA, l\u2019associazione dei costruttori di cui \u00e8 presidente, Massimo Rivola, amministratore delegato di Aprilia, ha detto: \u201cSono lieto e orgoglioso dell&#8217;accordo raggiunto tra la nostra associazione e il MotoGP Group. \u00c8 la prima volta nella storia di questo sport che tutti i costruttori raggiungono una posizione unanime su un accordo con la MotoGP. Ci\u00f2 significa che condividiamo tutti la stessa visione per il futuro di questo sport. Il marchio MotoGP ha un enorme potenziale e solo lavorando insieme possiamo sfruttare tutte le opportunit\u00e0 offerte dal mercato globale e crescere insieme\u201d.\u00a0<\/p>\n<p><a class=\"is-partner-link\" href=\"https:\/\/ad.doubleclick.net\/ddm\/trackclk\/N1792338.340088CAIRORCSMEDIAS.P.\/B35025367.439955329;dc_trk_aid=633638278;dc_trk_cid=249314339;dc_dbm_token=%24%7bDC_DBM_TOKEN%7d;dc_lat=;dc_rdid=;tag_for_child_directed_treatment=;tfua=;gdpr=%24%7bGDPR%7d;gdpr_consent=%24%7bGDPR_CONSENT_755%7d;ltd=;dc_tdv=1\" rel=\"nofollow noopener\" target=\"_blank\">Non perderti tutti i Gran Premi di Formula 1\u00ae e MotoGP\u2122 in esclusiva streaming su NOW! Attiva il Pass Sport da 19,99\u20ac al mese.<\/a><\/p>\n<p>    parla dall&#8217;igna\u2014 \u00a0<\/p>\n<p class=\"paragraph is-inline\" spellcheck=\"true\">Soddisfatto anche Gigi Dall\u2019Igna, a nome di Ducati: \u201cQuesto accordo collettivo tra la MotoGP e tutti i costruttori rappresenta davvero una pietra miliare per il nostro sport. L&#8217;impegno condiviso da tutti nel paddock dimostra che, pur lottando strenuamente in pista, siamo pienamente uniti nell&#8217;assicurare un futuro brillante e prospero alla MotoGP. Questo accordo garantisce stabilit\u00e0 e una chiara direzione per gli anni a venire, creando il contesto ideale affinch\u00e9 i costruttori continuino a investire in tecnologia, prestazioni e talenti. Siamo orgogliosi di far parte di questa visione condivisa e ci impegniamo a fondo per contribuire alla continua crescita del campionato, offrendo gare straordinarie ai fan di tutto il mondo e aiutando la MotoGP a raggiungere nuovi livelli di successo negli anni a venire\u201d.<\/p>\n<p class=\"is-copyright\">\u00a9 RIPRODUZIONE RISERVATA<\/p>\n","protected":false},"excerpt":{"rendered":"Definito il quadro di riferimento normativo dei prossimi 6 anni: l&#8217;accordo tra le Case (Aprilia, Ducati, Honda, KTM&hellip;\n","protected":false},"author":3,"featured_media":547673,"comment_status":"","ping_status":"","sticky":false,"template":"","format":"standard","meta":{"footnotes":"","_share_on_mastodon":"0"},"categories":[176],"tags":[579,301642,1017,301643,301644,3437,301645,301646,2332,48322,301647,301648,1833,1856,727,631,301640,12593,301649,301650,3715,2275,6984,88761,10900,934,8909,3081,9961,3438,301651,301652,85674,313,219068,3341,17575,4183,6399,1537,90,89,1785,301639,219636,2463,405,14642,301641,4411,10226,245,2284,244,5418],"class_list":["post-547672","post","type-post","status-publish","format-standard","has-post-thumbnail","category-sport","tag-accordo","tag-accordo-motogp","tag-ambito","tag-ambito-sportivo","tag-ambito-sportivo-tecnico","tag-aprilia","tag-aprilia-ducati","tag-aprilia-ducati-honda","tag-associazione","tag-basa","tag-basa-processo","tag-basa-processo-negoziazione","tag-brno","tag-campionato","tag-case","tag-cinque","tag-cinque-costruttori","tag-collettiva","tag-collettiva-incentrato","tag-collettiva-incentrato-migliori","tag-commerciale","tag-comunicato","tag-concordia","tag-condivisa","tag-condiviso","tag-continua","tag-costruttori","tag-crescere","tag-definito","tag-ducati","tag-ducati-honda","tag-ducati-honda-ktm","tag-ezpeleta","tag-fase","tag-fetta","tag-formula","tag-garantisce","tag-globale","tag-group","tag-it","tag-italia","tag-italy","tag-motogp","tag-motogp-group","tag-normativo","tag-parla","tag-processo","tag-quadro","tag-quadro-riferimento","tag-raggiunto","tag-riferimento","tag-sport","tag-sportivo","tag-sports","tag-visione"],"share_on_mastodon":{"url":"","error":"Validation failed: Text character limit of 500 exceeded"},"_links":{"self":[{"href":"https:\/\/www.europesays.com\/it\/wp-json\/wp\/v2\/posts\/547672","targetHints":{"allow":["GET"]}}],"collection":[{"href":"https:\/\/www.europesays.com\/it\/wp-json\/wp\/v2\/posts"}],"about":[{"href":"https:\/\/www.europesays.com\/it\/wp-json\/wp\/v2\/types\/post"}],"author":[{"embeddable":true,"href":"https:\/\/www.europesays.com\/it\/wp-json\/wp\/v2\/users\/3"}],"replies":[{"embeddable":true,"href":"https:\/\/www.europesays.com\/it\/wp-json\/wp\/v2\/comments?post=547672"}],"version-history":[{"count":0,"href":"https:\/\/www.europesays.com\/it\/wp-json\/wp\/v2\/posts\/547672\/revisions"}],"wp:featuredmedia":[{"embeddable":true,"href":"https:\/\/www.europesays.com\/it\/wp-json\/wp\/v2\/media\/547673"}],"wp:attachment":[{"href":"https:\/\/www.europesays.com\/it\/wp-json\/wp\/v2\/media?parent=547672"}],"wp:term":[{"taxonomy":"category","embeddable":true,"href":"https:\/\/www.europesays.com\/it\/wp-json\/wp\/v2\/categories?post=547672"},{"taxonomy":"post_tag","embeddable":true,"href":"https:\/\/www.europesays.com\/it\/wp-json\/wp\/v2\/tags?post=547672"}],"curies":[{"name":"wp","href":"https:\/\/api.w.org\/{rel}","templated":true}]}}