{"id":547682,"date":"2026-06-20T07:12:14","date_gmt":"2026-06-20T07:12:14","guid":{"rendered":"https:\/\/www.europesays.com\/it\/547682\/"},"modified":"2026-06-20T07:12:14","modified_gmt":"2026-06-20T07:12:14","slug":"scontro-trump-meloni-cosi-la-premier-esasperata-ha-deciso-nella-notte-di-reagire-con-un-video-non-credo-sia-finita-i-dubbi-clinici-sul-tycoon","status":"publish","type":"post","link":"https:\/\/www.europesays.com\/it\/547682\/","title":{"rendered":"Scontro Trump-Meloni, cos\u00ec la premier esasperata ha deciso nella notte di reagire con un video. \u00abNon credo sia finita\u00bb: i dubbi \u00abclinici\u00bb sul tycoon"},"content":{"rendered":"<p>    di<br \/>\n    Marco Galluzzo<\/p>\n<p class=\"summary-art is-line-h-12\">Per il suo staff lo scherno \u00e8 attribuibile alla salute mentale del tycoon. I dubbi \u00abclinici\u00bb su Donald Trump<\/p>\n<p class=\"chapter-paragraph\">Dal nostro inviato\u00a0<br \/>BRUXELLES<b> <\/b>&#8211; Le macchine del corteo sono pronte. Uscita laterale dell\u2019Europa Building. <b>La faccia di Giorgia Meloni \u00e8 una maschera di irritazione,<\/b> esasperazione, rabbia. In due parole, \u00e8 nera. Non si \u00e8 nemmeno posta il problema di incontrare i cronisti. Via prima possibile da Bruxelles, via per tornare a Roma, per elaborare insieme al resto del <a href=\"https:\/\/roma.corriere.it\/notizie\/politica\/26_giugno_20\/palazzo-chigi-disertare-invito-festa-indipendenza-usa-58dfca0b-3b4d-494d-befc-eb1ce2b84xlk.shtml\" title=\"Dopo le parole di Trump, il governo ora pensa di disertare il grande invito per la festa dell\u2019Indipendenza-Usa all&#039;ambasciata di Roma\" rel=\"nofollow noopener\" target=\"_blank\">governo <\/a>quanto accaduto. Del resto<b> non \u00e8 finita, almeno \u00e8 questa la convinzione della premier.<\/b><\/p>\n<p class=\"chapter-paragraph\">Mentre si aprono le portiere delle macchine la delegazione italiana si muove, ma le parole di lei spezzano il silenzio e anche il senso di disorientamento generale: \u00ab<a href=\"https:\/\/roma.corriere.it\/notizie\/politica\/26_giugno_19\/reazioni-attacco-trump-meloni-c605eef1-c506-49d5-8ca5-2c6635ce6xlk.shtml\" title=\"Le reazioni all&#039;attacco di Trump a Meloni. Mattarella chiama la premier. Fazzolari: \u00abDeliri\u00bb, Tajani annulla la visita negli Stati Uniti. E Schlein: \u00abInaccettabile, ma basta atteggiamenti remissivi\u00bb\" rel=\"nofollow noopener\" target=\"_blank\">Certo che sono preoccupata, non credo sia finita qui<\/a>\u00bb.    &#13;<br \/>\n&#13;<br \/>\n&#13;<br \/>\n&#13;<br \/>\n&#13;<br \/>\n&#13;<br \/>\n&#13;<br \/>\n&#13;<br \/>\n&#13;<br \/>\n&#13;<br \/>\n&#13;<br \/>\n&#13;<br \/>\n&#13;<br \/>\n&#13;<br \/>\n&#13;<br \/>\n&#13;<br \/>\n&#13;<br \/>\n&#13;<br \/>\n&#13;<br \/>\n&#13;<br \/>\n&#13;<br \/>\n&#13;<br \/>\n&#13;<br \/>\n&#13;<br \/>\n&#13;<br \/>\n&#13;<br \/>\n&#13;<br \/>\n&#13;<br \/>\n&#13;<br \/>\n&#13;<br \/>\n&#13;<br \/>\n&#13;<br \/>\n&#13;<br \/>\n&#13;<br \/>\n&#13;<br \/>\n&#13;<br \/>\n&#13;<br \/>\n&#13;<br \/>\n&#13;<br \/>\n&#13;<br \/>\n&#13;<br \/>\n&#13;<br \/>\n&#13;<br \/>\n&#13;<br \/>\n&#13;<br \/>\n&#13;<br \/>\n&#13;<br \/>\n&#13;<br \/>\n&#13;<br \/>\n&#13;<br \/>\n&#13;<br \/>\n&#13;<br \/>\n&#13;\n<\/p>\n<p class=\"chapter-paragraph\">Fare un passo indietro \u00e8 utile a capire meglio cosa \u00e8 successo. Gioved\u00ec notte, la prima del Consiglio, Giorgia Meloni lascia il palazzo dedicato anche a Justus Lipsius verso l\u2019una e trenta. A Bruxelles diluvia. Arrivano delle telefonate da Roma, in anticipo, per cortesia, <b>la premier viene informata che<\/b><a href=\"https:\/\/video.corriere.it\/politica\/le-parole-di-trump-a-la7-meloni-mi-ha-implorato-per-una-foto-mi-ha-fatto-pena-la-telefonata-esclusiva\/50b154fe-3080-440f-bc47-c027e14d1xlk\" title=\"Le parole di Trump a La7: \u00abMeloni? Mi ha implorato per una foto, mi ha fatto pena\u00bb. La telefonata esclusiva\" rel=\"nofollow noopener\" target=\"_blank\"> Trump ha rilasciato quelle dichiarazioni<\/a>.\u00a0<\/p>\n<p class=\"chapter-paragraph\">Meloni rientra poco dopo all\u2019hotel Amig\u00f2, sono le due di notte, sale in camera, c\u2019\u00e8 da pensare a <b>una risposta<\/b>. Quella, durissima, in cui <a href=\"https:\/\/video.corriere.it\/politica\/meloni-risponde-a-trump-allibita-io-e-l-italia-non-imploriamo-mai\/3ef1f858-8c66-448d-a562-f67145896xlk\" title=\"Meloni risponde a Trump: \u00abAllibita, io e l&#039;Italia non imploriamo mai\u00bb\" rel=\"nofollow noopener\" target=\"_blank\">accusa il presidente americano in sostanza di essere un bugiardo<\/a>, e di andare a braccetto con i nemici dell\u2019Occidente, risposta che posta su Instagram l\u2019indomani mattina, un\u2019ora dopo la diffusione, da parte di La7, delle <a href=\"https:\/\/roma.corriere.it\/notizie\/politica\/26_giugno_19\/trump-meloni-pena-foto-8639a12e-71e6-4d04-b9f8-7c2a1f4e5xlk.shtml\" title=\"Trump, nuovo attacco a Meloni dopo il G7: \u00abMi ha implorato di fare una foto\u00bb. Lei: \u00abTutto inventato, l&#039;Italia non implora\u00bb. E lui rincara: \u00abEra mia fan, ma non la voglio\u00bb\" rel=\"nofollow noopener\" target=\"_blank\">parole di scherno dell\u2019inquilino della Casa Bianca.<\/a><\/p>\n<p class=\"chapter-paragraph\"><a href=\"https:\/\/www.corriere.it\/opinioni\/26_giugno_19\/la-deriva-sessista-di-donald-il-bullo-ace3d89b-274f-401a-916d-b27717c55xlk.shtml\" title=\"La deriva sessista di Donald il bullo\" rel=\"nofollow noopener\" target=\"_blank\">La salute mentale del presidente americano<\/a>, per usare un eufemismo, fa capolino a Consiglio europeo concluso, quando Meloni finalmente \u00e8 libera di incontrare il suo staff e di confrontarsi con i suoi assistenti su quanto accaduto. Non si cerca una spiegazione,<b> si attribuisce l\u2019accaduto al profilo clinico di Trump<\/b>. Non \u00e8 chiaro se ci sia stato un tentativo di reach out, espressione che i diplomatici usano per descrivere un <b>tentativo di chiarimento,<\/b> in questo caso con la staff della Casa Bianca, prima di replicare e alzare il livello dello scontro.<b> Se c\u2019\u00e8 stato non \u00e8 andato a buon fine<\/b>, e a Meloni non \u00e8 rimasta che la necessit\u00e0 di rispondere a muso duro. Almeno a suo giudizio.<\/p>\n<p class=\"chapter-paragraph\">Ma le lancette dell\u2019orologio possono andare indietro anche di tre giorni, <b>all\u2019inizio del G7<\/b>, sul lago Lemano, ad Evian. La genesi dell\u2019incidente va cercata a ritroso nei saloni lussuosi del resort che ha ospitato nei suoi due hotel i leader del vertice. Sembra che siano stati <a href=\"https:\/\/video.corriere.it\/esteri\/meloni-trump-al-g7-stretta-di-mano-e-sorrisi-tra-la-premier-e-il-presidente-usa\/0e5964f8-b28d-4ef1-88f7-a82496750xlk\" title=\"Meloni-Trump al G7, stretta di mano e sorrisi tra la premier e il presidente Usa\" rel=\"nofollow noopener\" target=\"_blank\">diffusi troppi video di Meloni e Trump, troppi e non tutti autorizzati<\/a> dallo staff americano. In primo luogo uno in cui <b>la premier italiana gesticola e sembra, con l\u2019indice puntato verso Trump<\/b>, volergli spiegare qualcosa. \u00c8 diventato virale negli Stati Uniti fra gli elettori democratici. <b>Difficile che sia piaciuto a Trump<\/b>.<\/p>\n<p class=\"chapter-paragraph\">Di sicuro una cosa hanno notato in tanti, anche nello staff di Giorgia Meloni, fra coloro che hanno seguito o partecipato alla trasferta: <b>intorno all\u2019ipotetico disgelo con Trump c\u2019era troppa ansia da parte della delegazione italiana.<\/b> Un esempio? S<b>ono state smentite da palazzo Chigi, <\/b>o dalla stessa Meloni, quindi per due volte, le ricostruzioni dei media di alcune <b>innocenti risate fra i due leader, <\/b>che invece sono state poi diffuse dal circuito video del G7 gestito dai francesi. Insomma c\u2019\u00e8 stato certamente un corto circuito. Si coglieva la voglia di raccontare<a href=\"https:\/\/roma.corriere.it\/notizie\/politica\/26_giugno_17\/meloni-g7-kiev-trump-df841379-c214-4675-ac68-23c0fcafcxlk.shtml\" title=\"Meloni a Evian per il G7: \u00abAmpie convergenze, anche su Kiev. Con Trump rapporto immutato\u00bb\" rel=\"nofollow noopener\" target=\"_blank\"> una ricucitura che invece si \u00e8 rivelata pi\u00f9 di facciata che reale<\/a>. Forse anche cos\u00ec si spiega il punto pi\u00f9 basso delle relazioni fra Roma e Washington da decenni a questa parte.<\/p>\n<p>APPROFONDISCI CON IL PODCAST<\/p>\n<p class=\"is-mr-t-20 is-mr-b-20\"><b><br \/>\n                    <a href=\"https:\/\/roma.corriere.it\/?intcmp=Notizielocali_nd_010623_corriere_ss_roma\" target=\"_blank\" rel=\"nofollow noopener\">Vai a tutte le notizie di Roma<\/a><br \/>\n            <\/b><\/p>\n<p class=\"chapter-paragraph\"><b><a href=\"https:\/\/www.corriere.it\/newsletter\/?theme=52&amp;intcmp=NL-artic_nd_050624_corriere_ss_roma\" target=\"_blank\" rel=\"nofollow noopener\">Iscriviti alla newsletter di Corriere Roma<\/a><\/b><\/p>\n<p class=\"is-last-update\" datetime=\"2026-06-20T08:49:27+02:00\">20 giugno 2026 ( modifica il 20 giugno 2026 | 08:49)<\/p>\n<p class=\"is-copyright\">\n            \u00a9 RIPRODUZIONE RISERVATA\n        <\/p>\n","protected":false},"excerpt":{"rendered":"di Marco Galluzzo Per il suo staff lo scherno \u00e8 attribuibile alla salute mentale del tycoon. I dubbi&hellip;\n","protected":false},"author":3,"featured_media":547683,"comment_status":"","ping_status":"","sticky":false,"template":"","format":"standard","meta":{"footnotes":"","_share_on_mastodon":"0"},"categories":[79],"tags":[500,839,536,32,842,293,12721,14425,1367,301668,14,93,94,4540,301669,7757,301670,846,125,126,6139,31640,52,1537,90,4945,89,381,2736,58,2163,7,15,4476,330,4979,10953,115,135,3791,11318,4172,987,6194,379,11,84,91,12,85,92,2392],"class_list":["post-547682","post","type-post","status-publish","format-standard","has-post-thumbnail","category-italia","tag-accaduto","tag-almeno","tag-americano","tag-andare","tag-bianca","tag-bruxelles","tag-circuito","tag-clinici","tag-credo","tag-credo-finita","tag-cronaca","tag-cronaca-italiana","tag-cronacaitaliana","tag-delegazione","tag-delegazione-italiana","tag-dubbi","tag-dubbi-clinici","tag-finita","tag-giorgia","tag-giorgia-meloni","tag-hotel","tag-incontrare","tag-indietro","tag-it","tag-italia","tag-italiana","tag-italy","tag-leader","tag-macchine","tag-meloni","tag-mentale","tag-news","tag-notizie","tag-notte","tag-palazzo","tag-parole","tag-posta","tag-premier","tag-presidente","tag-presidente-americano","tag-resto","tag-risposta","tag-roma","tag-staff","tag-trump","tag-ultime-notizie","tag-ultime-notizie-e-news-di-oggi","tag-ultime-notizie-italia","tag-ultimenotizie","tag-ultimenotizieenewsdioggi","tag-ultimenotizieitalia","tag-video"],"share_on_mastodon":{"url":"","error":"Validation failed: Text character limit of 500 exceeded"},"_links":{"self":[{"href":"https:\/\/www.europesays.com\/it\/wp-json\/wp\/v2\/posts\/547682","targetHints":{"allow":["GET"]}}],"collection":[{"href":"https:\/\/www.europesays.com\/it\/wp-json\/wp\/v2\/posts"}],"about":[{"href":"https:\/\/www.europesays.com\/it\/wp-json\/wp\/v2\/types\/post"}],"author":[{"embeddable":true,"href":"https:\/\/www.europesays.com\/it\/wp-json\/wp\/v2\/users\/3"}],"replies":[{"embeddable":true,"href":"https:\/\/www.europesays.com\/it\/wp-json\/wp\/v2\/comments?post=547682"}],"version-history":[{"count":0,"href":"https:\/\/www.europesays.com\/it\/wp-json\/wp\/v2\/posts\/547682\/revisions"}],"wp:featuredmedia":[{"embeddable":true,"href":"https:\/\/www.europesays.com\/it\/wp-json\/wp\/v2\/media\/547683"}],"wp:attachment":[{"href":"https:\/\/www.europesays.com\/it\/wp-json\/wp\/v2\/media?parent=547682"}],"wp:term":[{"taxonomy":"category","embeddable":true,"href":"https:\/\/www.europesays.com\/it\/wp-json\/wp\/v2\/categories?post=547682"},{"taxonomy":"post_tag","embeddable":true,"href":"https:\/\/www.europesays.com\/it\/wp-json\/wp\/v2\/tags?post=547682"}],"curies":[{"name":"wp","href":"https:\/\/api.w.org\/{rel}","templated":true}]}}