{"id":547735,"date":"2026-06-20T08:05:16","date_gmt":"2026-06-20T08:05:16","guid":{"rendered":"https:\/\/www.europesays.com\/it\/547735\/"},"modified":"2026-06-20T08:05:16","modified_gmt":"2026-06-20T08:05:16","slug":"muore-a-18-anni-per-un-cavallo-imbizzarrito-a-new-york-la-carrozza-si-rovescia-le-urla-della-famiglia-era-la-loro-vacanza-dei-sogni","status":"publish","type":"post","link":"https:\/\/www.europesays.com\/it\/547735\/","title":{"rendered":"Muore a 18 anni per un cavallo imbizzarrito a New York: la carrozza si rovescia, le urla della famiglia. \u00abEra la loro vacanza dei sogni\u00bb"},"content":{"rendered":"<p>\n                            Il punto sui temi di attualit\u00e0, ogni luned\u00ec<br \/>\n                            <b>Iscriviti<\/b> e ricevi le notizie via email\n                        <\/p>\n<p>Aveva solo 18 anni: \u00e8\u00a0tragicamente morto\u00a0in un incidente in <strong><a href=\"https:\/\/www.ilmessaggero.it\/t\/carrozza\" rel=\"nofollow noopener\" target=\"_blank\">carrozza<\/a><\/strong>: il turista\u00a0aveva prenotato il giro con la sua famiglia per ammirare le iconiche attrazioni di Central Park durante il loro primo viaggio negli Stati Uniti, a <strong><a href=\"https:\/\/www.ilmessaggero.it\/t\/new-york\" rel=\"nofollow noopener\" target=\"_blank\">New York<\/a><\/strong>. Romanch Mahajan, 18 anni, i suoi genitori e il fratello di 11 anni erano arrivati \u200b\u200bdall&#8217;India per una \u00abvacanza da sogno\u00bb solo tre giorni prima che il ragazzo venisse sbalzato fuori dalla carrozza a causa di un cavallo imbizzarrito, ha raccontato venerd\u00ec al New York Post la zia, Sovia Thukral.<\/p>\n<p>&#13;<br \/>\n    APPROFONDIMENTI&#13;<br \/>\n    &#13;<\/p>\n<p>La gita a Central Park \u00a0 <\/p>\n<p>\u00abSono devastati, pensate, erano venuti solo per una visita, era la loro prima volta in America e non si sarebbero mai aspettati una cosa del genere. \u00c8 davvero straziante\u00bb.\u00a0Thukral ha raccontato che suo fratello, il padre di Mahajan, ha chiamato da Central Park in preda al panico subito dopo la tragedia di mercoled\u00ec. <\/p>\n<p>La sua voce tremava e non riusciva a parlare quando ha detto che suo figlio \u00abnon rispondeva\u00bb. La gita della famiglia a Central Park si \u00e8 trasformata in tragedia quando il cavallo, di nome Sampson, lasciato incustodito, \u00e8 imbizzarrito mentre il gruppo posava per delle foto. Secondo Thukral, l&#8217;autista, Ertan Gokdepe, aveva chiesto alla famiglia di tornare alla carrozza per poter scattare una foto, quando il cavallo ha iniziato ad avanzare lentamente. Mentre Gokdepe cercava di trattenere il cavallo, l&#8217;animale \u00e8 improvvisamente partito al galoppo. La madre di Mahajan, Priya, \u00e8 caduta per prima dalla carrozza.Il sogno dell&#8217;universit\u00e0 \u00abE poi mio nipote ha visto sua madre cadere e ha gridato &#8220;mamma&#8221;, ma prima che riuscisse a rialzarsi, a controllare il corpo per saltare, \u00e8 caduto anche lui dalla carrozza\u00bb, ha raccontato Thukral. Il padre, dopo aver visto cadere la moglie e il figlio maggiore, ha stretto a s\u00e9 il figlio minore \u00abcome una cintura di sicurezza\u00bb. Thukral ha affermato che la morte di Mahajan \u00e8 stata \u00abtotalmente causata da negligenza\u00bb e che stava per iniziare gli studi in una delle migliori universit\u00e0 indiane, avendo appreso di essere stato ammesso il primo giorno del suo arrivo negli Stati Uniti. <\/p>\n<p><img decoding=\"async\" alt=\"\" class=\"wnv-lazy\" src=\"https:\/\/www.europesays.com\/it\/wp-content\/uploads\/2026\/06\/carrozza_ado_20074852.jpg\"\/><\/p>\n<p>Ha aggiunto che la famiglia non avrebbe mai chiesto una foto se avesse saputo che i regolamenti vietano severamente di lasciare il cavallo e la carrozza incustoditi. \u00abSe lo avessimo saputo, se avessimo saputo che questa \u00e8 la regola, che non si deve lasciare il cavallo incustodito, non avremmo mai acconsentito\u00bb.\u00a0Sampson \u00e8 andato in pensione e tutte le corse di carrozze trainate da cavalli a Central Park sono state sospese fino a marted\u00ec nell&#8217;ambito di uno sciopero generale per motivi di sicurezza indetto venerd\u00ec dal sindacato Transport Workers Union of America Local 100. I conducenti di carrozze dovranno partecipare a riunioni in cui verranno esaminate le norme e i protocolli di sicurezza, tra cui la necessit\u00e0 di mettere in sicurezza e mantenere il controllo dei cavalli in ogni momento, ha dichiarato il sindacato. La morte di Mahajan ha scatenato una nuova ondata di richieste da parte di animalisti e consiglieri comunali per un divieto totale delle carrozze trainate da cavalli.<\/p>\n<p>&#13;<br \/>\n                            \u00a9 RIPRODUZIONE RISERVATA&#13;<\/p>\n<p>&#13;<\/p>\n","protected":false},"excerpt":{"rendered":"Il punto sui temi di attualit\u00e0, ogni luned\u00ec Iscriviti e ricevi le notizie via email Aveva solo 18&hellip;\n","protected":false},"author":3,"featured_media":547736,"comment_status":"","ping_status":"","sticky":false,"template":"","format":"standard","meta":{"footnotes":"","_share_on_mastodon":"0"},"categories":[160],"tags":[61189,102520,14,164,165,166,11041,7,15,243,11,167,12,168,161,162,163],"class_list":["post-547735","post","type-post","status-publish","format-standard","has-post-thumbnail","category-mondo","tag-carrozza","tag-central-park","tag-cronaca","tag-dal-mondo","tag-dalmondo","tag-mondo","tag-new-york","tag-news","tag-notizie","tag-ultima-ora","tag-ultime-notizie","tag-ultime-notizie-di-mondo","tag-ultimenotizie","tag-ultimenotiziedimondo","tag-world","tag-world-news","tag-worldnews"],"share_on_mastodon":{"url":"https:\/\/pubeurope.com\/@it\/116781405519095910","error":""},"_links":{"self":[{"href":"https:\/\/www.europesays.com\/it\/wp-json\/wp\/v2\/posts\/547735","targetHints":{"allow":["GET"]}}],"collection":[{"href":"https:\/\/www.europesays.com\/it\/wp-json\/wp\/v2\/posts"}],"about":[{"href":"https:\/\/www.europesays.com\/it\/wp-json\/wp\/v2\/types\/post"}],"author":[{"embeddable":true,"href":"https:\/\/www.europesays.com\/it\/wp-json\/wp\/v2\/users\/3"}],"replies":[{"embeddable":true,"href":"https:\/\/www.europesays.com\/it\/wp-json\/wp\/v2\/comments?post=547735"}],"version-history":[{"count":0,"href":"https:\/\/www.europesays.com\/it\/wp-json\/wp\/v2\/posts\/547735\/revisions"}],"wp:featuredmedia":[{"embeddable":true,"href":"https:\/\/www.europesays.com\/it\/wp-json\/wp\/v2\/media\/547736"}],"wp:attachment":[{"href":"https:\/\/www.europesays.com\/it\/wp-json\/wp\/v2\/media?parent=547735"}],"wp:term":[{"taxonomy":"category","embeddable":true,"href":"https:\/\/www.europesays.com\/it\/wp-json\/wp\/v2\/categories?post=547735"},{"taxonomy":"post_tag","embeddable":true,"href":"https:\/\/www.europesays.com\/it\/wp-json\/wp\/v2\/tags?post=547735"}],"curies":[{"name":"wp","href":"https:\/\/api.w.org\/{rel}","templated":true}]}}