{"id":547759,"date":"2026-06-20T08:29:14","date_gmt":"2026-06-20T08:29:14","guid":{"rendered":"https:\/\/www.europesays.com\/it\/547759\/"},"modified":"2026-06-20T08:29:14","modified_gmt":"2026-06-20T08:29:14","slug":"beatrice-arnera-e-le-minacce-per-la-relazione-con-raul-bova-travolta-da-una-campagna-di-odio-social-qualcuno-mi-ha-detto-di-suicidarmi","status":"publish","type":"post","link":"https:\/\/www.europesays.com\/it\/547759\/","title":{"rendered":"Beatrice Arnera e le minacce per la relazione con Raul Bova. Travolta da una campagna di odio social: \u00abQualcuno mi ha detto di suicidarmi\u00bb"},"content":{"rendered":"<p>Insulti, minacce, addirittura inviti al suicidio. Parole pesantissime gridate nascosti dietro lo schermo di un computer o di uno smartphone, ma non per questo meno pericolose, o opprimenti. Dopo la fine della relazione con il comico <a href=\"https:\/\/www.ilmessaggero.it\/t\/andrea-pisani\" rel=\"nofollow noopener\" target=\"_blank\">Andrea Pisani<\/a> e l&#8217;inizio della storia con <a href=\"https:\/\/www.ilmessaggero.it\/t\/raoul-bova\" rel=\"nofollow noopener\" target=\"_blank\">Raoul Bova<\/a>, l&#8217;attrice <a href=\"https:\/\/www.ilmessaggero.it\/t\/beatrice-arnera\" rel=\"nofollow noopener\" target=\"_blank\">Beatrice Arnera<\/a> \u00e8 stata travolta da un&#8217;ondata di <strong>odio social che l&#8217;ha sconvolta, indignata e spaventata<\/strong>. Tanto da averla convinta a presentare un esposto. Ora, sul caso indaga la Procura di Roma: <strong>il pubblico ministero Nadia Plastina, titolare del fascicolo, procede per stalking, minacce e diffamazione<\/strong>. E a breve potrebbero esserci i primi indagati.<\/p>\n<p>I messaggi <\/p>\n<p>\u00abPu&#8230;na traditrice, dovresti morire\u00bb, \u00abScema\u00bb, \u00abFai schifo traditrice\u00bb, \u00abDonna squallida\u00bb. E ancora: \u00abDovresti vergognarti, ma tanto la ruota gira\u00bb, \u00abCancellati dai social\u00bb, \u00abFai veramente schifo come attrice, ma soprattutto come persona\u00bb. <strong>Sono solo alcuni dei messaggi, violentissimi, che l&#8217;attrice trentunenne ha ricevuto su <a href=\"https:\/\/www.ilmessaggero.it\/t\/instagram\" rel=\"nofollow noopener\" target=\"_blank\">Instagram<\/a> e Facebook<\/strong>. Un&#8217;escalation che lei stessa ha raccontato pubblicamente in diverse storie social e in alcune interviste. \u00abUna donna che si separa e mesi dopo sceglie di iniziare una nuova relazione \u00e8 perseguitata da messaggi di odio, minacce e inviti al suicidio. Nel 2026 &#8211; aveva scritto la Arnera su Instagram &#8211; Sono mesi che vivo questa condizione. Precisamente dall&#8217;uscita della pirotecnica puntata del Basement in cui <a href=\"https:\/\/www.ilmessaggero.it\/t\/gazzoli\" rel=\"nofollow noopener\" target=\"_blank\">Gazzoli<\/a> si improvvisa psicoterapeuta e il padre di mia figlia racconta una storia piena di inesattezze\u00bb. Il riferimento \u00e8 ad un&#8217;intervista rilasciata al podcast Passa dal BSMT, condotto da Gianluca Gazzoli, dove Pisani parlava della separazione. L&#8217;attrice aveva anche aggiunto: \u00abNessuna donna dovrebbe avere paura di lasciare il proprio partner. Nessun essere umano dovrebbe provare vergogna o timore di subire ripercussioni se decide di lasciare il proprio partner. Insegner\u00f2 a mia figlia che, se non sta pi\u00f9 bene, \u00e8 libera di andarsene, da qualsiasi situazione. Senza nemmeno dover dare troppe spiegazioni, a mamma, a pap\u00e0, ai social o all&#8217;Italia intera\u00bb. La Arnera, tra i protagonisti di &#8220;Scuola di seduzione&#8221; di Carlo Verdone, aveva detto di avere ricevuto insulti e minacce intollerabili: \u00abMi scrivevano che non ero una buona madre, mi invitavano al suicidio\u00bb. Era lo scorso ottobre, lei era impegnata con il suo spettacolo teatrale, un tour nazionale intitolato &#8220;Intanto ti calmi&#8221;, che ha avuto un <strong>grande successo di critica e di pubblico<\/strong>. \u00abSul palco avevo il terrore che qualcuno si alzasse per insultarmi, ero pronta a rispondere\u00bb, aveva detto intervistata. Una situazione che le aveva provocato <strong>ansia, stress, timore, portandola anche a modificare alcune abitudini<\/strong>.<\/p>\n<p>I fatti <\/p>\n<p><strong>L&#8217;amore con il collega Andrea Pisani, componente del duo comico PanPers insieme a Luca Perancino, era culminato nel 2024 con la nascita della piccola Matilde<\/strong>. Poi, la separazione e l&#8217;inizio della relazione con Raoul Bova, pure lui appena uscito da una storia importante, con Roc\u00edo Mu\u00f1oz Morales, durata 13 anni e dalla quale sono nate due bambine. Quando sono state pubblicate le prime fotografie della Arnera e di Bova insieme, <strong>l&#8217;attrice \u00e8 stata ricoperta da una valanga di insulti<\/strong>. Dopo le minacce, continue, \u00e8 arrivata a temere per la sua incolumit\u00e0 e per quella della figlia, come ha sottolineato nella denuncia depositata agli inquirenti. <strong>Gli accertamenti sono stati delegati alla Polizia postale e il pubblico ministero ha chiesto di procedere con l&#8217;identificazione degli autori dei messaggi di odio<\/strong>. A breve, quindi, potrebbero scattare le prime iscrizioni nel registro degli indagati.<\/p>\n<p>&#13;<br \/>\n                                \u00a9 RIPRODUZIONE RISERVATA&#13;<\/p>\n<p>&#13;<\/p>\n<p>\n                            Il punto serale sulle notizie del giorno<br \/>\n                            <b>Iscriviti<\/b> e ricevi le notizie via email\n                        <\/p>\n","protected":false},"excerpt":{"rendered":"Insulti, minacce, addirittura inviti al suicidio. Parole pesantissime gridate nascosti dietro lo schermo di un computer o di&hellip;\n","protected":false},"author":3,"featured_media":547760,"comment_status":"","ping_status":"","sticky":false,"template":"","format":"standard","meta":{"footnotes":"","_share_on_mastodon":"0"},"categories":[174],"tags":[88644,88645,301711,203,105008,230,204,1537,90,89,376],"class_list":["post-547759","post","type-post","status-publish","format-standard","has-post-thumbnail","category-intrattenimento","tag-andrea-pisani","tag-beatrice-arnera","tag-beatrice-arnera-minacce","tag-entertainment","tag-gazzoli","tag-instagram","tag-intrattenimento","tag-it","tag-italia","tag-italy","tag-raoul-bova"],"share_on_mastodon":{"url":"https:\/\/pubeurope.com\/@it\/116781499478446011","error":""},"_links":{"self":[{"href":"https:\/\/www.europesays.com\/it\/wp-json\/wp\/v2\/posts\/547759","targetHints":{"allow":["GET"]}}],"collection":[{"href":"https:\/\/www.europesays.com\/it\/wp-json\/wp\/v2\/posts"}],"about":[{"href":"https:\/\/www.europesays.com\/it\/wp-json\/wp\/v2\/types\/post"}],"author":[{"embeddable":true,"href":"https:\/\/www.europesays.com\/it\/wp-json\/wp\/v2\/users\/3"}],"replies":[{"embeddable":true,"href":"https:\/\/www.europesays.com\/it\/wp-json\/wp\/v2\/comments?post=547759"}],"version-history":[{"count":0,"href":"https:\/\/www.europesays.com\/it\/wp-json\/wp\/v2\/posts\/547759\/revisions"}],"wp:featuredmedia":[{"embeddable":true,"href":"https:\/\/www.europesays.com\/it\/wp-json\/wp\/v2\/media\/547760"}],"wp:attachment":[{"href":"https:\/\/www.europesays.com\/it\/wp-json\/wp\/v2\/media?parent=547759"}],"wp:term":[{"taxonomy":"category","embeddable":true,"href":"https:\/\/www.europesays.com\/it\/wp-json\/wp\/v2\/categories?post=547759"},{"taxonomy":"post_tag","embeddable":true,"href":"https:\/\/www.europesays.com\/it\/wp-json\/wp\/v2\/tags?post=547759"}],"curies":[{"name":"wp","href":"https:\/\/api.w.org\/{rel}","templated":true}]}}