{"id":547830,"date":"2026-06-20T09:26:15","date_gmt":"2026-06-20T09:26:15","guid":{"rendered":"https:\/\/www.europesays.com\/it\/547830\/"},"modified":"2026-06-20T09:26:15","modified_gmt":"2026-06-20T09:26:15","slug":"trump-presenta-il-nuovo-air-force-one-di-lusso-e-una-casa-bianca-volante","status":"publish","type":"post","link":"https:\/\/www.europesays.com\/it\/547830\/","title":{"rendered":"Trump presenta il nuovo Air Force One di lusso: \u00ab\u00c8 una Casa Bianca volante\u00bb"},"content":{"rendered":"<p>Il nuovo aereo presidenziale \u00e8 un Boeing 747-8 donato dal Qatar e destinato a fungere da soluzione \u00abad interim\u00bb fino all&#8217;entrata in servizio dei nuovi aerei presidenziali prevista per il 2028<\/p>\n<p class=\"chapter-paragraph\">\u00abUna Casa Bianca volante con un livello di lusso che nessuno ha mai visto prima\u00bb. Cos\u00ec il presidente degli Stati Uniti Donald Trump ha presentato il nuovo aereo presidenziale <a href=\"https:\/\/www.corriere.it\/economia\/trasporti\/aerei\/25_maggio_12\/il-nuovo-air-force-one-arriva-dal-qatar-la-famiglia-reale-regala-un-boeing-747-a-trump-che-potra-usarlo-anche-quando-non-sara-38f0dfc1-b6e1-41f9-a93e-0a4ff08d9xlk.shtml\" target=\"_blank\" rel=\"nofollow noopener\">Air Force One, un Boeing 747-8 donato dal Qatar e destinato a fungere da soluzione \u00abad interim\u00bb<\/a> fino all&#8217;entrata in servizio dei nuovi aerei presidenziali prevista per il 2028. Trump ha elogiato il velivolo annunciando che lo utilizzer\u00e0 gi\u00e0 per recarsi al vertice della Nato in programma il mese prossimo in Turchia.\u00a0<\/p>\n<p class=\"chapter-paragraph\">L&#8217;aereo, designato VC-25B, sfoggia una nuova livrea nei colori rosso, bianco, oro e blu scuro, con il sigillo presidenziale e una grande bandiera a stelle e strisce sulla deriva di coda.\u00a0 \u00abOra, quando atterriamo negli aeroporti di Londra, in Germania e in altre localit\u00e0, nessuno pu\u00f2 eguagliare questo velivolo, ed \u00e8 proprio cos\u00ec che deve essere per il nostro Paese\u00bb, ha affermato Trump, sottolineando che i colori e il design erano di suo gradimento. Ha poi aggiunto che il nuovo Air Force One effettuer\u00e0 un sorvolo durante i festeggiamenti del 4 luglio del mese prossimo.    &#13;<br \/>\n&#13;<br \/>\n&#13;<br \/>\n&#13;<br \/>\n&#13;<br \/>\n&#13;<br \/>\n&#13;<br \/>\n&#13;<br \/>\n&#13;<br \/>\n&#13;<br \/>\n&#13;<br \/>\n&#13;<br \/>\n&#13;<br \/>\n&#13;<br \/>\n&#13;<br \/>\n&#13;<br \/>\n&#13;<br \/>\n&#13;<br \/>\n&#13;<br \/>\n&#13;<br \/>\n&#13;<br \/>\n&#13;<br \/>\n&#13;<br \/>\n&#13;<br \/>\n&#13;<br \/>\n&#13;<br \/>\n&#13;<br \/>\n&#13;<br \/>\n&#13;<br \/>\n&#13;<br \/>\n&#13;<br \/>\n&#13;<br \/>\n&#13;<br \/>\n&#13;<br \/>\n&#13;<br \/>\n&#13;<br \/>\n&#13;<br \/>\n&#13;<br \/>\n&#13;<br \/>\n&#13;<br \/>\n&#13;<br \/>\n&#13;<br \/>\n&#13;<br \/>\n&#13;<br \/>\n&#13;<br \/>\n&#13;<br \/>\n&#13;<br \/>\n&#13;<br \/>\n&#13;<br \/>\n&#13;<br \/>\n&#13;<br \/>\n&#13;<br \/>\n&#13;\n<\/p>\n<p class=\"chapter-paragraph\">Come detto, il dono del Qatar funge da <b>velivolo \u201cponte\u201d <\/b>per trasportare il presidente fino all\u2019arrivo dei nuovi <b>aerei ordinati direttamente alla Boeing. La consegna \u00e8 attualmente prevista per il 2028.<\/b> L\u2019amministrazione ha accettato formalmente lo scorso anno il lussuoso jet Boeing 747 dal Qatar da utilizzare come aereo presidenziale, <a href=\"https:\/\/www.corriere.it\/economia\/trasporti\/aerei\/25_agosto_13\/air-force-one-il-mistero-del-boeing-747-del-qatar-donato-a-trump-non-si-sa-chi-sia-davvero-il-proprietario-60cb9445-3974-4714-86ca-2de77e0b4xlk.shtml?refresh_ce\" rel=\"nofollow noopener\" target=\"_blank\">nonostante i dubbi sull\u2019etica e la legalit\u00e0 dell\u2019operazione.<\/a> Trump ha insistito in passato sul fatto che non avrebbe volato a bordo del jet qatariota una volta lasciato l\u2019incarico e ha affermato che sar\u00e0 poi donato alla biblioteca presidenziale.<\/p>\n<p>    Le modifiche all\u2019aereo\u00a0<\/p>\n<p class=\"chapter-paragraph\">L&#8217;Aeronautica Militare ha dichiarato venerd\u00ec in un comunicato stampa che qualsiasi velivolo designato come Air Force One \u00abdeve soddisfare rigorosi requisiti di sicurezza\u00bb e che l&#8217;aereo del Qatar \u00ab\u00e8 stato modificato secondo un approccio ingegneristico rigoroso che ha dato priorit\u00e0 proprio a queste capacit\u00e0 fondamentali sopra ogni altra cosa\u00bb.\u00a0 L\u2019Aeronautica Militare ha inoltre precisato che \u00abgran parte della precedente configurazione interna destinata al capo di Stato\u00bb dell\u2019aereo \u00e8 stata mantenuta intatta.<\/p>\n<p class=\"chapter-paragraph\">L\u2019Aeronautica Militare aveva dichiarato in passato che le modifiche di sicurezza al jet sarebbero costate meno di <b>400 milioni di dollari <a href=\"https:\/\/www.corriere.it\/economia\/trasporti\/aerei\/25_maggio_20\/air-force-one-trump-qatar-1-miliardo-f2b45aec-220d-4d2a-b628-7fe9af44fxlk.shtml?refresh_ce\" target=\"_blank\" rel=\"nofollow noopener\">(anche se la cifra reale potrebbe superare il miliardo).<\/a>\u00a0<\/b><b>Come da protocollo i velivoli presidenziali devono poter volare per settimane e hanno installate<\/b>\u00a0difese anti-missile oltre a sistemi di protezione da impulsi elettromagnetici pensati contro le esplosioni nucleari.<\/p>\n<p class=\"is-last-update\" datetime=\"2026-06-20T10:16:35+02:00\">20 giugno 2026<\/p>\n<p class=\"is-copyright\">\n            \u00a9 RIPRODUZIONE RISERVATA\n        <\/p>\n","protected":false},"excerpt":{"rendered":"Il nuovo aereo presidenziale \u00e8 un Boeing 747-8 donato dal Qatar e destinato a fungere da soluzione \u00abad&hellip;\n","protected":false},"author":3,"featured_media":547831,"comment_status":"","ping_status":"","sticky":false,"template":"","format":"standard","meta":{"footnotes":"","_share_on_mastodon":"0"},"categories":[160],"tags":[4112,42266,301719,1005,144879,13882,13883,301720,797,6208,42447,42448,842,10420,14,164,165,14812,29981,42449,6332,794,166,7,15,4483,301718,30629,38418,55130,41828,8637,379,11,167,12,168,39545,161,162,163],"class_list":["post-547830","post","type-post","status-publish","format-standard","has-post-thumbnail","category-mondo","tag-aerei","tag-aerei-presidenziali","tag-aerei-presidenziali-prevista","tag-aereo","tag-aereo-presidenziale","tag-aeronautica","tag-aeronautica-militare","tag-aeronautica-militare-dichiarato","tag-affermato","tag-air","tag-air-force","tag-air-force-one","tag-bianca","tag-boeing","tag-cronaca","tag-dal-mondo","tag-dalmondo","tag-donato","tag-force","tag-force-one","tag-jet","tag-militare","tag-mondo","tag-news","tag-notizie","tag-nuovi","tag-nuovi-aerei","tag-one","tag-presidenziale","tag-presidenziali","tag-prevista","tag-qatar","tag-trump","tag-ultime-notizie","tag-ultime-notizie-di-mondo","tag-ultimenotizie","tag-ultimenotiziedimondo","tag-velivolo","tag-world","tag-world-news","tag-worldnews"],"share_on_mastodon":{"url":"","error":"Validation failed: Text character limit of 500 exceeded"},"_links":{"self":[{"href":"https:\/\/www.europesays.com\/it\/wp-json\/wp\/v2\/posts\/547830","targetHints":{"allow":["GET"]}}],"collection":[{"href":"https:\/\/www.europesays.com\/it\/wp-json\/wp\/v2\/posts"}],"about":[{"href":"https:\/\/www.europesays.com\/it\/wp-json\/wp\/v2\/types\/post"}],"author":[{"embeddable":true,"href":"https:\/\/www.europesays.com\/it\/wp-json\/wp\/v2\/users\/3"}],"replies":[{"embeddable":true,"href":"https:\/\/www.europesays.com\/it\/wp-json\/wp\/v2\/comments?post=547830"}],"version-history":[{"count":0,"href":"https:\/\/www.europesays.com\/it\/wp-json\/wp\/v2\/posts\/547830\/revisions"}],"wp:featuredmedia":[{"embeddable":true,"href":"https:\/\/www.europesays.com\/it\/wp-json\/wp\/v2\/media\/547831"}],"wp:attachment":[{"href":"https:\/\/www.europesays.com\/it\/wp-json\/wp\/v2\/media?parent=547830"}],"wp:term":[{"taxonomy":"category","embeddable":true,"href":"https:\/\/www.europesays.com\/it\/wp-json\/wp\/v2\/categories?post=547830"},{"taxonomy":"post_tag","embeddable":true,"href":"https:\/\/www.europesays.com\/it\/wp-json\/wp\/v2\/tags?post=547830"}],"curies":[{"name":"wp","href":"https:\/\/api.w.org\/{rel}","templated":true}]}}