{"id":547840,"date":"2026-06-20T09:37:15","date_gmt":"2026-06-20T09:37:15","guid":{"rendered":"https:\/\/www.europesays.com\/it\/547840\/"},"modified":"2026-06-20T09:37:15","modified_gmt":"2026-06-20T09:37:15","slug":"pikes-peak-2026-pole-position-per-simone-faggioli-con-la-np01-atm-bardahl","status":"publish","type":"post","link":"https:\/\/www.europesays.com\/it\/547840\/","title":{"rendered":"Pikes Peak 2026, pole position per Simone Faggioli con la NP01 ATM Bardahl"},"content":{"rendered":"<p>                                Dopo aver scritto la storia con la grande vittoria del 2025, il fuoriclasse toscano torna davanti a tutti nelle qualifiche della cronoscalata pi\u00f9 famosa del mondo con la sua\u00a0Np01 Atm Bardahl<\/p>\n<p>\n                                                                    Adriano Bestetti\n                            <\/p>\n<p>                    19 giugno &#8211; 23:16  &#8211; MILANO<\/p>\n<p class=\"paragraph\" spellcheck=\"true\">Un anno fa scriveva una <a href=\"https:\/\/www.gazzetta.it\/Motori\/23-06-2025\/pikes-peak-2025-storica-vittoria-di-simone-faggioli-classifica-risultati.shtml?refresh_ce&amp;intcmp=hyperlink-articolo-gazit\" title=\"Faggioli, storico successo alla Pikes Peak: \u00e8 il primo italiano a vincerla\" target=\"_blank\" rel=\"nofollow noopener\">pagina storica<\/a> dell&#8217;automobilismo sportivo andando a vincere la classifica assoluta della leggendaria<b> Pikes Peak<\/b> International Hill Climb, primo pilota italiano a riuscirci. Oggi <b>Simone Faggioli<\/b> dimostra di avere tutte le carte in regola per tentare un clamoroso bis sulla montagna pi\u00f9 famosa del motorsport internazionale. Il pluridecorato asso fiorentino, portacolori del team factory Nova Proto, ha infatti conquistato la pole position dell\u2019edizione <b>2026<\/b> facendo segnare il miglior crono complessivo nelle tre giornate di prove e qualifiche, risultato che gli permette di preparare sotto i migliori auspici la difesa del suo titolo di &#8220;King of the Mountain&#8221;.<\/p>\n<p>    Classifica combinata\u2014 \u00a0<\/p>\n<p class=\"paragraph is-inline\" spellcheck=\"true\">Le prime giornate di azione sulla celebre ascesa americana hanno quindi confermato il grande stato di forma del campione italiano. Come da tradizione, i piloti hanno affrontato ogni giorno un settore diverso del percorso, senza poter effettuare una prova completa dei suoi 20 km di cronoscalata. Faggioli \u00e8 risultato il pi\u00f9 veloce nella classifica combinata dei vari settori precedendo due dei suoi rivali pi\u00f9 accreditati: il britannico <b>Robin Shute<\/b> su Sendycar V1 e il francese <b>Romain Dumas<\/b>, pilota ufficiale Ford e cinque volte vincitore della corsa. Ad ogni modo, la pole rappresenta un segnale importante da parte di Faggioli in vista della 104\u00aa edizione della gara, in programma questa domenica 21 giugno.<\/p>\n<p>    LA\u00a0Np01 Atm Bardahl\u2014 \u00a0<\/p>\n<p class=\"paragraph is-inline\" spellcheck=\"true\">Per conservare lo scettro conquistato nel 2025, Faggioli si affida a una versione profondamente evoluta della <b>Nova Proto Np01 Atm Bardahl<\/b>, la vettura con cui firm\u00f2 la strepitosa vittoria dello scorso anno. Il prototipo francese \u00e8 infatti stato aggiornato specificamente per affrontare le condizioni estreme della Pikes Peak e la principale novit\u00e0 \u00e8 rappresentata dall&#8217;arrivo di un nuovo motore V6 biturbo sviluppato da Atm Motori, progettato per garantire la massima efficienza e prestazioni elevate anche alle altitudini proibitive della montagna americana, dove la rarefazione dell&#8217;aria mette a dura prova propulsori e sistemi meccanici. Ricordiamo infatti che il percorso si sviluppa lungo le pendici del Pikes Peak con partenza a 2.862 metri e arrivo a quota 4.300. Nel mezzo si susseguono 156 curve con pendenza media del 7% e punte che superano il 10%.<\/p>\n<p><a class=\"is-partner-link\" href=\"https:\/\/www.wefan.it\/tours?sport=5&amp;utm_source=gazzetta&amp;utm_medium=nd&amp;utm_campaign=all_F1\" rel=\"nofollow noopener\" target=\"_blank\">Viaggia con Gazzetta Motori, vivi da protagonista i circuiti pi\u00f9 attesi dell\u2019estate<\/a><\/p>\n<p>    a caccia del bis\u2014 \u00a0<\/p>\n<p class=\"paragraph is-inline\" spellcheck=\"true\">Alla luce delle particolari condizioni in cui si corre, la Pikes Peak \u00e8 considerata una sfida estrema negli sport motoristici, una battaglia nella quale precisione, coraggio e affidabilit\u00e0 meccanica devono convivere alla perfezione. Con la clamorosa vittoria conseguita l\u2019anno scorso, Faggioli coron\u00f2 una carriera che gi\u00e0 contava 11 titoli europei e 19 nazionali di velocit\u00e0 in salita, ma riuscire a ripetersi quest\u2019anno darebbe ulteriore spessore al gi\u00e0 storico trionfo della scorsa stagione. A sostenerlo ci saranno anche i compagni di squadra <b>Franco Caruso<\/b>, all&#8217;esordio assoluto nella competizione, e <b>Diego Degasperi<\/b>, alla sua seconda esperienza americana.<\/p>\n<p class=\"is-copyright\">\u00a9 RIPRODUZIONE RISERVATA<\/p>\n","protected":false},"excerpt":{"rendered":"Dopo aver scritto la storia con la grande vittoria del 2025, il fuoriclasse toscano torna davanti a tutti&hellip;\n","protected":false},"author":3,"featured_media":547841,"comment_status":"","ping_status":"","sticky":false,"template":"","format":"standard","meta":{"footnotes":"","_share_on_mastodon":"0"},"categories":[1456],"tags":[4717,1262,19029,301734,301735,2195,1953,1824,1932,301736,76981,3858,3344,30336,1825,2239,26771,103920,3368,1911,1537,90,1599,89,14274,77007,301737,20702,491,301732,301733,3333,16590,301738,245,244,2224],"class_list":["post-547840","post","type-post","status-publish","format-standard","has-post-thumbnail","category-ciclismo","tag-americana","tag-arrivo","tag-atm","tag-atm-bardahl","tag-bardahl","tag-bis","tag-campione","tag-ciclismo","tag-classifica","tag-classifica-combinata","tag-combinata","tag-condizioni","tag-conquistato","tag-cronoscalata","tag-cycling","tag-edizione","tag-faggioli","tag-famosa","tag-francese","tag-giornate","tag-it","tag-italia","tag-italiano","tag-italy","tag-montagna","tag-nova","tag-nova-proto","tag-peak","tag-percorso","tag-pikes","tag-pikes-peak","tag-pilota","tag-pole","tag-proto","tag-sport","tag-sports","tag-vittoria"],"share_on_mastodon":{"url":"https:\/\/pubeurope.com\/@it\/116781766801443634","error":""},"_links":{"self":[{"href":"https:\/\/www.europesays.com\/it\/wp-json\/wp\/v2\/posts\/547840","targetHints":{"allow":["GET"]}}],"collection":[{"href":"https:\/\/www.europesays.com\/it\/wp-json\/wp\/v2\/posts"}],"about":[{"href":"https:\/\/www.europesays.com\/it\/wp-json\/wp\/v2\/types\/post"}],"author":[{"embeddable":true,"href":"https:\/\/www.europesays.com\/it\/wp-json\/wp\/v2\/users\/3"}],"replies":[{"embeddable":true,"href":"https:\/\/www.europesays.com\/it\/wp-json\/wp\/v2\/comments?post=547840"}],"version-history":[{"count":0,"href":"https:\/\/www.europesays.com\/it\/wp-json\/wp\/v2\/posts\/547840\/revisions"}],"wp:featuredmedia":[{"embeddable":true,"href":"https:\/\/www.europesays.com\/it\/wp-json\/wp\/v2\/media\/547841"}],"wp:attachment":[{"href":"https:\/\/www.europesays.com\/it\/wp-json\/wp\/v2\/media?parent=547840"}],"wp:term":[{"taxonomy":"category","embeddable":true,"href":"https:\/\/www.europesays.com\/it\/wp-json\/wp\/v2\/categories?post=547840"},{"taxonomy":"post_tag","embeddable":true,"href":"https:\/\/www.europesays.com\/it\/wp-json\/wp\/v2\/tags?post=547840"}],"curies":[{"name":"wp","href":"https:\/\/api.w.org\/{rel}","templated":true}]}}