{"id":548045,"date":"2026-06-20T12:23:18","date_gmt":"2026-06-20T12:23:18","guid":{"rendered":"https:\/\/www.europesays.com\/it\/548045\/"},"modified":"2026-06-20T12:23:18","modified_gmt":"2026-06-20T12:23:18","slug":"milan-effetto-amorim-hjulmand-strizza-locchio-al-diavolo","status":"publish","type":"post","link":"https:\/\/www.europesays.com\/it\/548045\/","title":{"rendered":"Milan, effetto Amorim: Hjulmand strizza l&#8217;occhio al Diavolo"},"content":{"rendered":"<p>                                Il danese ha una promessa dello Sporting per liberarsi in estate a prezzo di favore<\/p>\n<p class=\"paragraph\" spellcheck=\"true\">Il colpo gli \u00e8 gi\u00e0 riuscito nel 2023. <a href=\"https:\/\/www.gazzetta.it\/Calcio\/Serie-A\/Milan\/storie\/17-06-2026\/da-gyokeres-e-palhinha-a-nuno-mendes-e-goncalves-tutti-i-talenti-valorizzati-da-amorim\/\" title=\"Da Gyokeres e Palhinha a Nuno Mendes e Gon\u00e7alves: tutti i talenti valorizzati da Amorim\" target=\"_blank\" rel=\"nofollow noopener\">Morten Hjulmand<\/a> si era messo in luce con un ottimo campionato a Lecce e Ruben Amorim convinse lo Sporting a investire quasi 20 milioni di euro per portare il centrocampista danese a Lisbona. Per la societ\u00e0 lusitana, non proprio bruscolini. Adesso, il nuovo tecnico del Milan ci riprova. La missione stavolta \u00e8 sulla rotta inversa: da Lisbona all\u2019Italia. Meta finale ovviamente Milano, dove Amorim spera di riabbracciare Hjulmand. Non sar\u00e0 facile, perch\u00e9 nel frattempo il prezzo del mediano \u00e8 all\u2019incirca raddoppiato, ma il nome del danese \u00e8 prioritario per l\u2019ex allenatore del Manchester United, quasi quanto l\u2019arrivo di un nuovo centravanti, con Gon\u00e7alo Ramos visto come profilo ideale.\u00a0<\/p>\n<p>        la situazione\u00a0\u2014 \u00a0<\/p>\n<p class=\"paragraph\" spellcheck=\"true\">Amorim aveva provato a mettersi in valigia Hjulmand gi\u00e0 quando lasci\u00f2 lo Sporting per i Red Devils. La scorsa estate, per\u00f2, i biancoverdi non ci vollero proprio sentire e lo United non arriv\u00f2 a pagare la clausola da 80 milioni di euro. Spoiler: non lo far\u00e0 di certo manco il Milan. Un anno fa, per\u00f2, Hjulmand strapp\u00f2 una promessa dal club portoghese. Se avesse accettato di rimanere a Lisbona, nel 2026 sarebbe stato ceduto a un prezzo favorevole, in caso di offerta. Uno scenario simile a quello successo con Gyokeres. Con il bomber svedese, alla fine lo Sporting non mantenne del tutto la parola, perch\u00e9 quando si scaten\u00f2 un\u2019asta mondiale la cifra lievit\u00f2 comunque. Hjulmand non \u00e8 per\u00f2 Gyokeres. Piace a club importanti, Atletico Madrid in testa, ma non ha di certo l\u2019hype dello svedese dell\u2019Arsenal. Cos\u00ec, il centrocampista danese confida di poter essere ceduto a un prezzo che oscilla tra i 35 e i 45 milioni, contando i bonus.\u00a0<\/p>\n<p><a class=\"is-partner-link\" href=\"https:\/\/abbonamenti.gazzetta.it\/de-promo-mondiali\/?pwcmp=cta&amp;forceBrowser=true\" rel=\"nofollow noopener\" target=\"_blank\">Gazzetta Mondiale: ogni notte un\u2019edizione straordinaria esclusiva. Non perdertela, abbonati a 1\u20ac\/mese!<\/a><\/p>\n<p>        rapporto\u2014 \u00a0<\/p>\n<p class=\"paragraph\" spellcheck=\"true\">Ok, la cifra non \u00e8 indifferente per il Milan. Anche perch\u00e9 Hjulmand gioved\u00ec prossimo compir\u00e0 27 anni. Non \u00e8 un giovane che potr\u00e0 essere rivenduto a un prezzo superiore tra qualche anno. In compenso, Amorim lo considera un\u2019aggiunta pazzesca per la squadra. Allo Sporting divenne il perno del suo centrocampo e il rapporto di fiducia divenne cos\u00ec forte che il tecnico gli consegn\u00f2 la fascia di capitano dopo appena un anno dal suo sbarco in Portogallo. La stima \u00e8 comunque reciproca: quando Amorim and\u00f2 a Manchester, Hjulmand fu il primo a rammaricarsi, ma anche a riconoscere le straordinarie capacit\u00e0 dell\u2019allenatore. Adesso, invece, il mediano ha confermato pubblicamente che incontrer\u00e0 la dirigenza per discutere del suo futuro. Tradotto: ricordare allo Sporting della promessa. Mentre Amorim ha iniziato il suo pressing con Gerry Cardinale per il suo primo regalo.<\/p>\n<p class=\"is-copyright\">\u00a9 RIPRODUZIONE RISERVATA<\/p>\n","protected":false},"excerpt":{"rendered":"Il danese ha una promessa dello Sporting per liberarsi in estate a prezzo di favore Il colpo gli&hellip;\n","protected":false},"author":3,"featured_media":548046,"comment_status":"","ping_status":"","sticky":false,"template":"","format":"standard","meta":{"footnotes":"","_share_on_mastodon":"0"},"categories":[1452],"tags":[8398,1960,50020,721,28072,301825,3153,292486,5370,554,2236,2945,1533,724,1740,48338,28083,1537,90,89,21098,5364,8246,553,301826,4734,5240,899,1739,245,4815,244,61366,3375,5361],"class_list":["post-548045","post","type-post","status-publish","format-standard","has-post-thumbnail","category-calcio","tag-accettato","tag-allenatore","tag-amorim","tag-calcio","tag-ceduto","tag-ceduto-prezzo","tag-centrocampista","tag-centrocampista-danese","tag-cifra","tag-club","tag-danese","tag-divenne","tag-estate","tag-euro","tag-football","tag-gyokeres","tag-hjulmand","tag-it","tag-italia","tag-italy","tag-lisbona","tag-manchester","tag-mediano","tag-milan","tag-milan-hjulmand","tag-prezzo","tag-promessa","tag-rapporto","tag-soccer","tag-sport","tag-sporting","tag-sports","tag-svedese","tag-tecnico","tag-united"],"share_on_mastodon":{"url":"https:\/\/pubeurope.com\/@it\/116782419454370136","error":""},"_links":{"self":[{"href":"https:\/\/www.europesays.com\/it\/wp-json\/wp\/v2\/posts\/548045","targetHints":{"allow":["GET"]}}],"collection":[{"href":"https:\/\/www.europesays.com\/it\/wp-json\/wp\/v2\/posts"}],"about":[{"href":"https:\/\/www.europesays.com\/it\/wp-json\/wp\/v2\/types\/post"}],"author":[{"embeddable":true,"href":"https:\/\/www.europesays.com\/it\/wp-json\/wp\/v2\/users\/3"}],"replies":[{"embeddable":true,"href":"https:\/\/www.europesays.com\/it\/wp-json\/wp\/v2\/comments?post=548045"}],"version-history":[{"count":0,"href":"https:\/\/www.europesays.com\/it\/wp-json\/wp\/v2\/posts\/548045\/revisions"}],"wp:featuredmedia":[{"embeddable":true,"href":"https:\/\/www.europesays.com\/it\/wp-json\/wp\/v2\/media\/548046"}],"wp:attachment":[{"href":"https:\/\/www.europesays.com\/it\/wp-json\/wp\/v2\/media?parent=548045"}],"wp:term":[{"taxonomy":"category","embeddable":true,"href":"https:\/\/www.europesays.com\/it\/wp-json\/wp\/v2\/categories?post=548045"},{"taxonomy":"post_tag","embeddable":true,"href":"https:\/\/www.europesays.com\/it\/wp-json\/wp\/v2\/tags?post=548045"}],"curies":[{"name":"wp","href":"https:\/\/api.w.org\/{rel}","templated":true}]}}