{"id":548120,"date":"2026-06-20T13:28:19","date_gmt":"2026-06-20T13:28:19","guid":{"rendered":"https:\/\/www.europesays.com\/it\/548120\/"},"modified":"2026-06-20T13:28:19","modified_gmt":"2026-06-20T13:28:19","slug":"affari-tuoi-torna-in-tv-stasera-quanto-dura","status":"publish","type":"post","link":"https:\/\/www.europesays.com\/it\/548120\/","title":{"rendered":"Affari Tuoi torna in tv stasera: quanto dura"},"content":{"rendered":"<p>Dopo uno stop forzato di due giorni,\u00a0Affari tuoi\u00a0torna in onda stasera, <strong>sabato 20 giugno.\u00a0<\/strong>La programmazione del gioco dei pacchi per\u00f2 subir\u00e0 ancora modifiche nei prossimi giorni: i fan di Stefano De Martino saranno costretti a rinunciare alla trasmissione ancora per qualche settimana a causa delle partite dei Mondiali di calcio 2026, che stanno rivoluzionando il palinsesto di Rai1.\n<\/p>\n<p>Affari tuoi torna in onda stasera: cambia ancora la programmazione Rai<\/p>\n<p>Buone notizie per i fan di <a href=\"https:\/\/dilei.it\/star-e-vip\/stefano-de-martino\/\" rel=\"nofollow noopener\" target=\"_blank\">Stefano De Martino<\/a> e\u00a0Affari tuoi:\u00a0il gioco dei pacchi questa sera, sabato 20 giugno, torner\u00e0 in onda con il consueto appuntamento nella fascia dell\u2019access prime time di Rai1. L\u2019inizio \u00e8 fissato come sempre alle 20.35, ma la puntata avr\u00e0 una durata leggermente inferiore rispetto al solito, con una chiusura prevista intorno alle 21.20, quando la linea passer\u00e0 al prepartita di <strong>Germania-Costa d\u2019Avorio condotto da <a href=\"https:\/\/dilei.it\/star-e-vip\/paola-ferrari\/\" rel=\"nofollow noopener\" target=\"_blank\">Paola Ferrari<\/a><\/strong>.<\/p>\n<p>La trasmissione torner\u00e0 in onda dopo lo stop forzato di <a href=\"https:\/\/dilei.it\/spettacolo\/stefano-de-martino-perche-affari-tuoi-salta-18-giugno-2026\/2446233\/\" rel=\"nofollow noopener\" target=\"_blank\">gioved\u00ec 18<\/a> e <a href=\"https:\/\/dilei.it\/spettacolo\/affari-tuoi-non-in-onda-19-giugno-2026\/2446648\/\" rel=\"nofollow noopener\" target=\"_blank\">venerd\u00ec 19 giugno<\/a>, quando sono andate in onda rispettivamente le partite Canada \u2013 Qatar e Stati Uniti \u2013 Australia. Continua cos\u00ec la programmazione \u201ca singhiozzo\u201d che da poco pi\u00f9 di una settimana sta caratterizzando il palinsesto della rete ammiraglia. Tutta \u201ccolpa\u201d della <strong>Coppa del Mondo 2026,\u00a0<\/strong>che con i suoi match sta penalizzando soprattutto Affari tuoi\u00a0e lasciando spazio alle dirette calcistiche.<\/p>\n<p>La tregua per il gioco dei pacchi per\u00f2 durer\u00e0 poco: Stefano De Martino sar\u00e0 costretto a fermarsi anche nei prossimi giorni, quando il palinsesto di Rai1 torner\u00e0 a subire altre modifiche. Una programmazione tutta a vantaggio di Mediaset e di Gerry Scotti, che anche quest\u2019anno proseguir\u00e0 ad andare in onda per tutta l\u2019estate senza interruzioni.<\/p>\n<p><strong>La Ruota della Fortuna\u00a0infatti continua a presidiare la fascia dell\u2019access prime time<\/strong>, attirando inevitabilmente quel pubblico che, non essendo interessato alle partite dei Mondiali di calcio, vuole continuare a svagarsi con la leggerezza del game show.<\/p>\n<p>Affari tuoi\u00a0si ferma ancora: il calendario dei prossimi giorni<\/p>\n<p>Dopo la messa in onda di questa sera,\u00a0<strong>la programmazione di Affari tuoi torner\u00e0 a subire diverse interruzioni a causa delle partite dei\u00a0Mondiali 2026<\/strong>. La trasmissione non andr\u00e0 in onda domenica 21 giugno, per il match Belgio \u2013 Iran in programma alle 21.00, e luned\u00ec 22 giugno, quando si consumer\u00e0 lo scontro Argentina \u2013 Austria alle 19.00.<\/p>\n<p>Il game show di Rai1 <strong>torner\u00e0 regolarmente in onda marted\u00ec 23 giugno,\u00a0<\/strong>ma durante la settimana continueranno a esserci interruzioni per De Martino e il suo programma. Il 24 e il 26 giugno infatti i Mondiali 2026 vedranno gli ultimi due scontri della <strong>fase a eliminazione diretta, <\/strong>con le partite Svizzera-Canada e Norvegia-Francia.<\/p>\n<p>Si proseguir\u00e0 poi con i match in prima e seconda serata fino al 19 luglio, data della finale, quando poi il gioco dei pacchi si fermer\u00e0 per la pausa estiva.\u00a0Affari tuoi\u00a0infatti lascer\u00e0 spazio a\u00a0<strong>L\u2019Eredit\u00e0 summer Edition, con al timone Marco Liorni, <\/strong>per tornare a come sempre a settembre, quando dovr\u00e0 scontrarsi di nuovo con\u00a0La Ruota della Fortuna,\u00a0che nel frattempo avr\u00e0 continuato a presidiare la fascia dell\u2019access prime time per tutta l\u2019estate.<\/p>\n<p>\t\t\t\tScopri i personaggi in trend, le storie del momento e molto altro.<br \/>Dove? Sul <a href=\"https:\/\/whatsapp.com\/channel\/0029Vb68mVyHVvTWezDm7d0R\" target=\"_blank\" rel=\"noopener nofollow\">canale WhatsApp di DiLei!<\/a><\/p>\n<p>\t\t\t<a class=\"buttonCall\" href=\"https:\/\/whatsapp.com\/channel\/0029Vb68mVyHVvTWezDm7d0R\" target=\"_blank\" rel=\"noopener nofollow\" title=\"Seguici su WhatsApp\"><br \/>\n\t\t\t\tSeguici su WhatsApp<br \/>\n\t\t\t<\/a><\/p>\n","protected":false},"excerpt":{"rendered":"Dopo uno stop forzato di due giorni,\u00a0Affari tuoi\u00a0torna in onda stasera, sabato 20 giugno.\u00a0La programmazione del gioco dei&hellip;\n","protected":false},"author":3,"featured_media":548121,"comment_status":"","ping_status":"","sticky":false,"template":"","format":"standard","meta":{"footnotes":"","_share_on_mastodon":"0"},"categories":[174],"tags":[33428,788,203,109714,204,1537,90,89,214,1766],"class_list":["post-548120","post","type-post","status-publish","format-standard","has-post-thumbnail","category-intrattenimento","tag-affari-tuoi","tag-bambini","tag-entertainment","tag-giochi-e-giocattoli","tag-intrattenimento","tag-it","tag-italia","tag-italy","tag-spettacolo","tag-stefano-de-martino"],"share_on_mastodon":{"url":"https:\/\/pubeurope.com\/@it\/116782675984900071","error":""},"_links":{"self":[{"href":"https:\/\/www.europesays.com\/it\/wp-json\/wp\/v2\/posts\/548120","targetHints":{"allow":["GET"]}}],"collection":[{"href":"https:\/\/www.europesays.com\/it\/wp-json\/wp\/v2\/posts"}],"about":[{"href":"https:\/\/www.europesays.com\/it\/wp-json\/wp\/v2\/types\/post"}],"author":[{"embeddable":true,"href":"https:\/\/www.europesays.com\/it\/wp-json\/wp\/v2\/users\/3"}],"replies":[{"embeddable":true,"href":"https:\/\/www.europesays.com\/it\/wp-json\/wp\/v2\/comments?post=548120"}],"version-history":[{"count":0,"href":"https:\/\/www.europesays.com\/it\/wp-json\/wp\/v2\/posts\/548120\/revisions"}],"wp:featuredmedia":[{"embeddable":true,"href":"https:\/\/www.europesays.com\/it\/wp-json\/wp\/v2\/media\/548121"}],"wp:attachment":[{"href":"https:\/\/www.europesays.com\/it\/wp-json\/wp\/v2\/media?parent=548120"}],"wp:term":[{"taxonomy":"category","embeddable":true,"href":"https:\/\/www.europesays.com\/it\/wp-json\/wp\/v2\/categories?post=548120"},{"taxonomy":"post_tag","embeddable":true,"href":"https:\/\/www.europesays.com\/it\/wp-json\/wp\/v2\/tags?post=548120"}],"curies":[{"name":"wp","href":"https:\/\/api.w.org\/{rel}","templated":true}]}}