{"id":548250,"date":"2026-06-20T15:36:16","date_gmt":"2026-06-20T15:36:16","guid":{"rendered":"https:\/\/www.europesays.com\/it\/548250\/"},"modified":"2026-06-20T15:36:16","modified_gmt":"2026-06-20T15:36:16","slug":"carlo-gussalli-beretta-con-melissa-satta-ho-dei-progetti-seri","status":"publish","type":"post","link":"https:\/\/www.europesays.com\/it\/548250\/","title":{"rendered":"Carlo Gussalli Beretta: con Melissa Satta ho dei progetti seri"},"content":{"rendered":"<p>                                In una recente intervista l&#8217;imprenditore ha parlato del rapporto con la showgirl: &#8220;Porto sempre il suo regalo&#8221;<\/p>\n<p>                    20 giugno &#8211; 14:55  &#8211; MILANO<\/p>\n<p class=\"paragraph\" spellcheck=\"true\"><a href=\"https:\/\/www.gazzetta.it\/gossip\/23-03-2026\/melissa-satta-e-carlo-beretta-festeggiano-due-anni-insieme.shtml?intcmp=hyperlink-articolo-gazit\" title=\"Melissa Satta e Carlo Beretta, che romantici! La foto sui social per i 2 anni insieme\" rel=\"nofollow noopener\" target=\"_blank\">Carlo Gussalli Beretta<\/a> si \u00e8 concesso per una lunga intervista al Corriere della Sera, dove ha parlato ha cuore aperto anche\u00a0della sua relazione con <a href=\"https:\/\/www.gazzetta.it\/spettacolo-tv-gossip\/12-06-2026\/melissa-satta-lo-sfogo-social-dopo-la-finta-intervista-a-boateng.shtml?intcmp=hyperlink-articolo-gazit\" title=\"Melissa Satta, lo sfogo social dopo la finta intervista a Boateng: \" fake=\"\" news=\"\" rel=\"nofollow noopener\" target=\"_blank\">Melissa Satta<\/a>, fugando ogni dubbio di chi pensava si trattasse di un amore passeggero. Tra i due la scintilla \u00e8 scoccata su basi solide, complice una <b>profonda affinit\u00e0 caratteriale<\/b> che va ben oltre gli <b>undici anni di differenza d&#8217;et\u00e0<\/b>. L&#8217;erede della storica dinastia di Gardone Valtrompia descrive la compagna come &#8220;una <b>persona matura<\/b>&#8221; con la quale esiste una sintonia rara, tanto da ammettere: &#8220;In due anni di relazione <b>non ricordo neppure un litigio<\/b>&#8221; Un&#8217;intesa perfetta che sembra aver donato all&#8217;imprenditore una serenit\u00e0 tutta nuova, lontano dai vecchi clamori del gossip.<\/p>\n<p>    carlo beretta parla della relazione con melissa satta\u2014 \u00a0<\/p>\n<p class=\"paragraph is-inline\" spellcheck=\"true\">A conquistare il giovane Beretta \u00e8 stato soprattutto lo <b>stile di vita e l&#8217;indipendenza della showgirl<\/b>, mamma di Maddox. &#8220;Di lei apprezzo i valori e il modo di essere madre &#8211; ha confessato ancora Beretta -. E poi il suo essere flessibile: non \u00e8 attaccata per forza a un certo stile di vita&#8221;. Ma cosa ne pensa la famiglia di lui, e in particolare la <b>madre Umberta Gnutti<\/b>, spesso dipinta dalle riviste patinate come una suocera d&#8217;acciaio? Anche su questo punto l&#8217;imprenditore ha voluto fare chiarezza una volta per tutte, spiegando che l&#8217;immagine di una madre che d\u00e0 i voti alle fidanzate non corrisponde alla realt\u00e0: &#8220;\u00c8 presente, ma <b>non ha mai tentato di condizionarmi<\/b>&#8220;. Nessun problema, quindi, nemmeno per il divario anagrafico, dato che &#8220;una delle sue migliori amiche ha 13 anni in pi\u00f9 del marito&#8221;.<\/p>\n<p><a class=\"is-partner-link\" href=\"https:\/\/abbonamenti.gazzetta.it\/de-promo-mondiali\/?pwcmp=cta&amp;forceBrowser=true\" rel=\"nofollow noopener\" target=\"_blank\">Gazzetta Mondiale: ogni notte un\u2019edizione straordinaria esclusiva. Non perdertela, abbonati a 1\u20ac\/mese!<\/a><\/p>\n<p>    la storia tra melissa e carlo\u2014 \u00a0<\/p>\n<p class=\"paragraph is-inline\" spellcheck=\"true\">Oggi la coppia vive la propria quotidianit\u00e0 all&#8217;<b>insegna della stabilit\u00e0 e della complicit\u00e0<\/b>, condividendo una routine fatta di &#8220;una vita sana, ordinata, <b>con tanto sport<\/b>&#8220;. Un legame che \u00e8 diventato un punto di riferimento talmente importante da spingerli a fare <b>piani a lungo termine<\/b>. Sebbene l&#8217;imprenditore sia al momento focalizzato sui 500 anni dell&#8217;azienda di famiglia, la voglia di <b>fermarsi e costruire qualcosa di grande<\/b> \u00e8 ormai evidente: &#8220;Quella sul futuro insieme \u00e8 una conversazione che abbiamo iniziato in modo serio&#8221;, ha rivelato Carlo, che in passato non ha mai nascosto il desiderio di <b>avere una famiglia numerosa<\/b>. Il simbolo di questo legame? Un prezioso pegno d&#8217;amore che Beretta porta sempre con s\u00e9: &#8220;un anello di Cartier, con le tacchette che <b>ricordano tante piccole munizioni<\/b>&#8220;, regalatogli proprio da Melissa e da cui non si separa mai.<\/p>\n<p class=\"is-above-copyright is-mr-r-10\" spellcheck=\"true\">La Gazzetta dello Sport<\/p>\n<p class=\"is-copyright\">\u00a9 RIPRODUZIONE RISERVATA<\/p>\n","protected":false},"excerpt":{"rendered":"In una recente intervista l&#8217;imprenditore ha parlato del rapporto con la showgirl: &#8220;Porto sempre il suo regalo&#8221; 20&hellip;\n","protected":false},"author":3,"featured_media":548251,"comment_status":"","ping_status":"","sticky":false,"template":"","format":"standard","meta":{"footnotes":"","_share_on_mastodon":"0"},"categories":[1451],"tags":[3810,302002,302003,87,23028,2387,171564,58372,1621,1620,203,1909,171565,171566,5560,1282,204,1537,90,89,5069,4045,23015,19239,66,494,1234,302000,302001,23016,23024,1581],"class_list":["post-548250","post","type-post","status-publish","format-standard","has-post-thumbnail","category-celebrita","tag-acciaio","tag-acciaio-punto","tag-acciaio-punto-imprenditore","tag-amore","tag-beretta","tag-carlo","tag-carlo-gussalli","tag-carlo-gussalli-beretta","tag-celebrita","tag-celebrities","tag-entertainment","tag-famiglia","tag-gussalli","tag-gussalli-beretta","tag-imprenditore","tag-intervista","tag-intrattenimento","tag-it","tag-italia","tag-italy","tag-legame","tag-madre","tag-melissa","tag-melissa-satta","tag-parlato","tag-punto","tag-relazione","tag-relazione-melissa","tag-relazione-melissa-satta","tag-satta","tag-showgirl","tag-stile"],"share_on_mastodon":{"url":"https:\/\/pubeurope.com\/@it\/116783178463568167","error":""},"_links":{"self":[{"href":"https:\/\/www.europesays.com\/it\/wp-json\/wp\/v2\/posts\/548250","targetHints":{"allow":["GET"]}}],"collection":[{"href":"https:\/\/www.europesays.com\/it\/wp-json\/wp\/v2\/posts"}],"about":[{"href":"https:\/\/www.europesays.com\/it\/wp-json\/wp\/v2\/types\/post"}],"author":[{"embeddable":true,"href":"https:\/\/www.europesays.com\/it\/wp-json\/wp\/v2\/users\/3"}],"replies":[{"embeddable":true,"href":"https:\/\/www.europesays.com\/it\/wp-json\/wp\/v2\/comments?post=548250"}],"version-history":[{"count":0,"href":"https:\/\/www.europesays.com\/it\/wp-json\/wp\/v2\/posts\/548250\/revisions"}],"wp:featuredmedia":[{"embeddable":true,"href":"https:\/\/www.europesays.com\/it\/wp-json\/wp\/v2\/media\/548251"}],"wp:attachment":[{"href":"https:\/\/www.europesays.com\/it\/wp-json\/wp\/v2\/media?parent=548250"}],"wp:term":[{"taxonomy":"category","embeddable":true,"href":"https:\/\/www.europesays.com\/it\/wp-json\/wp\/v2\/categories?post=548250"},{"taxonomy":"post_tag","embeddable":true,"href":"https:\/\/www.europesays.com\/it\/wp-json\/wp\/v2\/tags?post=548250"}],"curies":[{"name":"wp","href":"https:\/\/api.w.org\/{rel}","templated":true}]}}