{"id":548361,"date":"2026-06-20T17:25:19","date_gmt":"2026-06-20T17:25:19","guid":{"rendered":"https:\/\/www.europesays.com\/it\/548361\/"},"modified":"2026-06-20T17:25:19","modified_gmt":"2026-06-20T17:25:19","slug":"luisa-corna-mio-marito-stefano-ha-14-anni-meno-di-me-vivo-in-caserma","status":"publish","type":"post","link":"https:\/\/www.europesays.com\/it\/548361\/","title":{"rendered":"Luisa Corna: \u00abMio marito Stefano ha 14 anni meno di me. Vivo in caserma\u00bb"},"content":{"rendered":"<p>\n                            Ogni giorno le notizie pi\u00f9 lette della giornata<br \/>\n                            <b>Iscriviti<\/b> e ricevi le notizie via email\n                        <\/p>\n<p><a href=\"https:\/\/www.ilmattino.it\/t\/luisa-corna\" rel=\"nofollow noopener\" target=\"_blank\">Luisa Corna<\/a> non ha pi\u00f9 solo due occhi per vedere il mondo. Ne ha di pi\u00f9. \u00abDa quando ci sono mio marito\u00a0Stefano Giovino ei suoi figli vedo il mondo attraverso i loro occhi. Due ragazzi sensibili&#8230;\u00bb. Sensibili anche verso il rispetto dell&#8217;ambiente. E nasce da qui la sua favola, appena pubblicata. Si chiama\u00a0Tofu el\u2019isola di plastica (dopo il libro Tofu elamagiadell&#8217;arcobaleno), in cui un tenero extraterrestre blu scopre che il mare \u00e8 pieno, appunto, di plastica. E deve trovare una soluzione.<\/p>\n<p>&#13;<\/p>\n<p>APPROFONDIMENTI<\/p>\n<p>&#13;<\/p>\n<p>&#13;<\/p>\n<p>                <a href=\"https:\/\/www.ilmattino.it\/lifestyle\/persone\/annalisa_minetti_lasciato_mio_ex_marito_perche_non_ero_felice_ora_lo_rimpiango-9604305.html\" title=\"Annalisa Minetti: \u00abHo lasciato il mio ex marito perch\u00e9 non ero felice, ora lo rimpiango\u00bb\" rel=\"nofollow noopener\" target=\"_blank\"><img loading=\"lazy\" decoding=\"async\" src=\"https:\/\/www.europesays.com\/it\/wp-content\/uploads\/2026\/06\/9604305_20125716_mmmmm.jpg\" title=\"Annalisa Minetti: \u00abHo lasciato il mio ex marito perch\u00e9 non ero felice, ora lo rimpiango\u00bb\" width=\"264\" height=\"144\"\/><\/a>            <\/p>\n<p>    &#13;<\/p>\n<p>    &#13;<\/p>\n<p>Cosa fa oggi <\/p>\n<p>Al settimanale Oggi racconta di essersi divertita a scriverla. <\/p>\n<p>Ma soprattutto di adorare questi due bambini. \u00abPoi nel periodo estivo stanno soprattutto con noi. E quindi riesco a viverli ancora di pi\u00f9\u00bb.<\/p>\n<p>Meno palco e pi\u00f9 famiglia ma \u00abdiciamo che se ci fosse una situazione che mi affascina mi piacerebbe rimettermi in gioco. Per\u00f2 non sento tutta questa necessit\u00e0 di esserci, ventiquattr&#8217;ore su ventiquattro. Mi piace ritagliarmi i miei spazi\u00bb.<\/p>\n<p>Ci era riuscita anche nel calcio, a Controcampo. \u00abProbabilmente mi avevano preso per avere una bella donna. Ma io invece conoscevo bene il calcio, il mio ex compagno Aldo Serena era un calciatore. Inizialmente, le domande me le scrivevano gli autori, poi piano piano sono diventata libera di dire quello che volevo emi sono inserita benissimo, tant\u2019\u00e8 che mi\u00a0hannopersino ingaggiato per scrivere articoli per Tuttosport&#8230;\u00bb. Una passione nata dal padre calciatore.\u00a0<\/p>\n<p>Il marito <\/p>\n<p>Un amore, quello per il calcio, condiviso anche con il marito. E cos\u00ec si passa\u00a0all\u2019amore. Suo marito, carabiniere, ha 14 anni meno di lei. \u00abNon \u00e8 che ci pensiamo a questa cosa qua. Funziona, ormai sono quasi 13 anni che stiamo insieme; quindi non mi sono pi\u00f9 posta il problema della differenza d\u2019et\u00e0. Stiamo bene, \u00e8 un dato di fatto\u00bb.<\/p>\n<p>Un amore senza figli loro. Una scelta perch\u00e9 \u00ablui aveva gi\u00e0 figli. Nel momento in cui l&#8217;ho conosciuto, la sua pi\u00f9 piccola aveva circa tre anni e mezzo, \u00e8 venuto spontaneo per me accudire i suoi figli come fossero miei. Non ho mai sentito l\u2019esigenza cos\u00ec indispensabile di avere un figlio io &#8211; confessa ancora al settimanale Oggi &#8211;\u00a0Ho avuto qualche pensiero, per\u00f2 non \u00e8 rimasto. La mia maternit\u00e0 \u00e8 stata appagata da loro, dal loro essere presenti\u00bb.<\/p>\n<p>Due bambini che Stefano le ha fatto conoscere presto.\u00a0\u00abVoleva capire se tra di noi potesse esserci un buon feeling, ecco. Inizialmente ero un\u2019amica, poi sono stati loro, insomma, che hanno capito che non ero solo un&#8217;amica. Sono venuti a mangiare il gelato, \u00e8 stato tutto molto spontaneo\u00bb.<\/p>\n<p>La sua preoccupazione? \u00abChe possa succedergli\u00a0qualcosa\u00bb. Per il resto \u00abho imparato a conoscere un po\u2019 pi\u00f9 da vicino l\u2019Arma dei Carabinieri. Vivo in caserma, assieme a tante altre famiglie. E anche l\u2019Arma \u00e8 una bella famiglia, grande, unita\u00bb<\/p>\n","protected":false},"excerpt":{"rendered":"Ogni giorno le notizie pi\u00f9 lette della giornata Iscriviti e ricevi le notizie via email Luisa Corna non&hellip;\n","protected":false},"author":3,"featured_media":548362,"comment_status":"","ping_status":"","sticky":false,"template":"","format":"standard","meta":{"footnotes":"","_share_on_mastodon":"0"},"categories":[1451],"tags":[1621,1620,203,204,1537,90,89,27816,143054],"class_list":["post-548361","post","type-post","status-publish","format-standard","has-post-thumbnail","category-celebrita","tag-celebrita","tag-celebrities","tag-entertainment","tag-intrattenimento","tag-it","tag-italia","tag-italy","tag-luisa-corna","tag-stefano-giovino"],"share_on_mastodon":{"url":"https:\/\/pubeurope.com\/@it\/116783607924461313","error":""},"_links":{"self":[{"href":"https:\/\/www.europesays.com\/it\/wp-json\/wp\/v2\/posts\/548361","targetHints":{"allow":["GET"]}}],"collection":[{"href":"https:\/\/www.europesays.com\/it\/wp-json\/wp\/v2\/posts"}],"about":[{"href":"https:\/\/www.europesays.com\/it\/wp-json\/wp\/v2\/types\/post"}],"author":[{"embeddable":true,"href":"https:\/\/www.europesays.com\/it\/wp-json\/wp\/v2\/users\/3"}],"replies":[{"embeddable":true,"href":"https:\/\/www.europesays.com\/it\/wp-json\/wp\/v2\/comments?post=548361"}],"version-history":[{"count":0,"href":"https:\/\/www.europesays.com\/it\/wp-json\/wp\/v2\/posts\/548361\/revisions"}],"wp:featuredmedia":[{"embeddable":true,"href":"https:\/\/www.europesays.com\/it\/wp-json\/wp\/v2\/media\/548362"}],"wp:attachment":[{"href":"https:\/\/www.europesays.com\/it\/wp-json\/wp\/v2\/media?parent=548361"}],"wp:term":[{"taxonomy":"category","embeddable":true,"href":"https:\/\/www.europesays.com\/it\/wp-json\/wp\/v2\/categories?post=548361"},{"taxonomy":"post_tag","embeddable":true,"href":"https:\/\/www.europesays.com\/it\/wp-json\/wp\/v2\/tags?post=548361"}],"curies":[{"name":"wp","href":"https:\/\/api.w.org\/{rel}","templated":true}]}}