{"id":548365,"date":"2026-06-20T17:28:43","date_gmt":"2026-06-20T17:28:43","guid":{"rendered":"https:\/\/www.europesays.com\/it\/548365\/"},"modified":"2026-06-20T17:28:43","modified_gmt":"2026-06-20T17:28:43","slug":"un-nuovo-inizio-su-canale-5-anticipazioni-puntate-15-giugno","status":"publish","type":"post","link":"https:\/\/www.europesays.com\/it\/548365\/","title":{"rendered":"Un nuovo inizio su Canale 5, anticipazioni puntate 15 giugno"},"content":{"rendered":"<p>                                Ecco quello che ci aspetta nelle puntate della serie spagnola con Megan Montaner in onda su Canale 5<\/p>\n<p>\n                                                                    Riccardo Cristilli\n                            <\/p>\n<p>                    15 giugno &#8211; 08:28  &#8211; MILANO<\/p>\n<p class=\"paragraph\" spellcheck=\"true\">Andranno in onda luned\u00ec 15 giugno 2026 su Canale 5 in prima serata le nuove puntate di <b>Un Nuovo Inizio<\/b>, la serie tv spagnola con <b>Megan Montaner<\/b>, ispirata alla fiction Rai <b>La Sposa<\/b> con Alessandra Mastronardi. Un anticipo di un giorno rispetto alla trasmissione del marted\u00ec delle precedenti settimane.<\/p>\n<p>        un nuovo inizio la trama\u2014 \u00a0<\/p>\n<p class=\"paragraph\" spellcheck=\"true\">Prima di scoprire quello che ci aspetta nelle puntate di oggi, vediamo dove <b>eravamo rimasti<\/b>. Maria e Manuel hanno deciso di tornare alla Mancia ma lungo la strada hanno avuto un guasto all&#8217;auto e si sono dovuti fermare, accolti da una coppia nella loro tenuta. Per la prima volta i due hanno fatto l&#8217;amore. Una volta rientrati a casa Manuel ha cacciato Justa che ha cercato fin da subito di ostacolare l&#8217;unione con Maria.<\/p>\n<p>        le puntate di oggi\u2014 \u00a0<\/p>\n<p class=\"paragraph\" spellcheck=\"true\">Nelle anticipazioni delle puntate del 15 giugno di<b> Un Nuovo Inizio,<\/b> vediamo che Jos\u00e8 ha un inquietante dubbio insinuato da Justa, che mette in crisi gli equilibri gi\u00e0 fragili. Maria lo respinge ma quella visita gli lascia importanti strascichi. Intanto precipitano le condizioni di Ramon e un vecchio segreto riaffiora. Tra lavoratori e propriet\u00e0 prendono forma nuovi assetti, Manuel prova ad allontanarsi per affermare la sua indipendenza quando una rivendicazione improvvisa minaccia la tenuta, anche le certezze pi\u00f9 intime vacillano.\u00a0Manuel non riesce a perdonare Maria per avergli taciuto i dubbi sulla futura paternit\u00e0 cos\u00ec si allontana per affrontare un&#8217;altra questione aperta, il contenzioso sulle terre rivendicate da Claudia. Guillermo tenta di riavvicinarsi a Custodio, che lo respinge con disprezzo, ma durante la notte, senza dire una parola, si rifugia tra le sue braccia.\u00a0<\/p>\n<p class=\"paragraph\" spellcheck=\"true\">Manuel parte per Madrid in cerca di un avvocato e di un lavoro, nel caso dovesse perdere la tenuta, ricordando a Maria che deve continuare a saldare il suo debito. L&#8217;arrivo improvviso di Luisa, con i suoi modi da attrice, sconvolge la quiete del paese. Claudia perde la causa come erede e decide di andarsene.<\/p>\n<p><a class=\"is-partner-link\" href=\"https:\/\/abbonamenti.gazzetta.it\/de-promo-mondiali\/?pwcmp=cta&amp;forceBrowser=true\" rel=\"nofollow noopener\" target=\"_blank\">Gazzetta Mondiale: ogni notte un\u2019edizione straordinaria esclusiva. Non perdertela, abbonati a 1\u20ac\/mese!<\/a><\/p>\n<p>        su netflix\u2014 \u00a0<\/p>\n<p class=\"paragraph\" spellcheck=\"true\">La prima stagione di <b>Un Nuovo Inizio<\/b>, con il suo titolo originale di Entre Tierras, \u00e8 disponibile su Netflix gi\u00e0 da qualche tempo. In Spagna \u00e8 anche uscita una seconda stagione in cui c&#8217;\u00e8 un salto temporale di vent&#8217;anni che trasforma la storia in una vera e propria saga familiare. La serie tv \u00e8 in onda su Canale 5 in prima serata, alle 22 circa dopo La Ruota della Fortuna.\u00a0<\/p>\n<p class=\"is-copyright\">\u00a9 RIPRODUZIONE RISERVATA<\/p>\n","protected":false},"excerpt":{"rendered":"Ecco quello che ci aspetta nelle puntate della serie spagnola con Megan Montaner in onda su Canale 5&hellip;\n","protected":false},"author":3,"featured_media":548366,"comment_status":"","ping_status":"","sticky":false,"template":"","format":"standard","meta":{"footnotes":"","_share_on_mastodon":"0"},"categories":[1444],"tags":[1518,45530,7196,103806,2773,147212,9084,203,1148,1302,204,1537,90,89,293431,1691,292069,26372,1259,240930,287839,287840,3166,9167,16282,8835,1821,9901,253],"class_list":["post-548365","post","type-post","status-publish","format-standard","has-post-thumbnail","category-tv","tag-anticipazioni","tag-anticipazioni-puntate","tag-aspetta","tag-aspetta-puntate","tag-canale","tag-canale-serata","tag-claudia","tag-entertainment","tag-giugno","tag-inizio","tag-intrattenimento","tag-it","tag-italia","tag-italy","tag-justa","tag-lunedi","tag-lunedi-giugno","tag-manuel","tag-maria","tag-megan","tag-megan-montaner","tag-montaner","tag-netflix","tag-onda","tag-onda-canale","tag-puntate","tag-serie","tag-tenuta","tag-tv"],"share_on_mastodon":{"url":"https:\/\/pubeurope.com\/@it\/116783618815154346","error":""},"_links":{"self":[{"href":"https:\/\/www.europesays.com\/it\/wp-json\/wp\/v2\/posts\/548365","targetHints":{"allow":["GET"]}}],"collection":[{"href":"https:\/\/www.europesays.com\/it\/wp-json\/wp\/v2\/posts"}],"about":[{"href":"https:\/\/www.europesays.com\/it\/wp-json\/wp\/v2\/types\/post"}],"author":[{"embeddable":true,"href":"https:\/\/www.europesays.com\/it\/wp-json\/wp\/v2\/users\/3"}],"replies":[{"embeddable":true,"href":"https:\/\/www.europesays.com\/it\/wp-json\/wp\/v2\/comments?post=548365"}],"version-history":[{"count":0,"href":"https:\/\/www.europesays.com\/it\/wp-json\/wp\/v2\/posts\/548365\/revisions"}],"wp:featuredmedia":[{"embeddable":true,"href":"https:\/\/www.europesays.com\/it\/wp-json\/wp\/v2\/media\/548366"}],"wp:attachment":[{"href":"https:\/\/www.europesays.com\/it\/wp-json\/wp\/v2\/media?parent=548365"}],"wp:term":[{"taxonomy":"category","embeddable":true,"href":"https:\/\/www.europesays.com\/it\/wp-json\/wp\/v2\/categories?post=548365"},{"taxonomy":"post_tag","embeddable":true,"href":"https:\/\/www.europesays.com\/it\/wp-json\/wp\/v2\/tags?post=548365"}],"curies":[{"name":"wp","href":"https:\/\/api.w.org\/{rel}","templated":true}]}}