{"id":548409,"date":"2026-06-20T18:11:17","date_gmt":"2026-06-20T18:11:17","guid":{"rendered":"https:\/\/www.europesays.com\/it\/548409\/"},"modified":"2026-06-20T18:11:17","modified_gmt":"2026-06-20T18:11:17","slug":"ha-vinto-il-campionato-ed-e-la-figlia-di-alberto-brandi-valentina-e-il-nuovo-palleggio-del-puma","status":"publish","type":"post","link":"https:\/\/www.europesays.com\/it\/548409\/","title":{"rendered":"Ha vinto il campionato ed \u00e8 la figlia di Alberto Brandi: Valentina \u00e8 il nuovo palleggio del Puma"},"content":{"rendered":"<p><strong>Mondov\u00ec Volley<\/strong> annuncia con soddisfazione l\u2019arrivo di <strong>Valentina Brandi<\/strong>, <strong>palleggiatrice classe 2004<\/strong>, atleta gi\u00e0 dotata di un\u2019importante esperienza nei principali campionati nazionali. Il suo profilo garantisce <strong>solidit\u00e0<\/strong>, <strong>personalit\u00e0<\/strong> e una gestione del gioco maturata attraverso un percorso tecnico di alto livello all\u2019interno della pallavolo italiana di <strong>Serie A2<\/strong> e <strong>B1<\/strong>.<\/p>\n<p>Valentina \u00e8 &#8220;figlia d&#8217;arte&#8221;, il pap\u00e0 \u00e8 infatti <strong>Alberto Brandi, noto giornalista sportivo e direttore di Sport Mediaset.<\/strong><\/p>\n<p><strong><img loading=\"lazy\" decoding=\"async\" src=\"https:\/\/www.europesays.com\/it\/wp-content\/uploads\/2026\/06\/val2-1781968907432.jpg\" alt=\"\" width=\"1200\" height=\"1612\"\/><\/strong><\/p>\n<p><strong>Nell\u2019ultima stagione<\/strong>\u00a0Valentina\u00a0ha vestito la maglia di <strong>Garlasco<\/strong> in <strong>Serie B1<\/strong>, contribuendo in modo determinante alla <strong>promozione in A3<\/strong> e al raggiungimento delle <strong>Final Four di Coppa Italia<\/strong>. In precedenza ha disputato tre stagioni consecutive in <strong>Serie A2<\/strong>: nel <strong>2022\/23 a Messina<\/strong>, nel <strong>2023\/24 ad Albese<\/strong>, e nel <strong>2024\/25 alla Futura Volley Giovani Busto Arsizio<\/strong>, consolidando un bagaglio di esperienze che la rende una giocatrice gi\u00e0 pronta per guidare il gioco <strong>rossobl\u00f9<\/strong>.<\/p>\n<p>    <a href=\"https:\/\/www.unionemonregalese.it\/news\/sport\/313625\/mondovi-volley-arriva-da-talmassons-il-martello-per-la-b1.html?utm_source=VCMS_correlati\" class=\"vc_cont_image\" rel=\"nofollow noopener\" target=\"_blank\"><img decoding=\"async\" class=\"vc_image\" src=\"https:\/\/www.europesays.com\/it\/wp-content\/uploads\/2026\/06\/cusma1-1780748362385.jpg--mondovi_volley__arriva_da_talmassons_il_martello_per_la_b1.jpg\"\/><\/a><\/p>\n<p>Il direttore sportivo <strong>Max Rubado<\/strong> commenta cos\u00ec il suo arrivo: \u00abDopo alcuni anni di lavoro intenso in <strong>Serie A2<\/strong>, <strong>Valentina<\/strong> \u00e8 stata una delle <strong>artefici della vittoria del girone di B1<\/strong> con <strong>Garlasco<\/strong>. La nostra scelta \u00e8 ricaduta su di lei valutando non solo le qualit\u00e0 tecniche e atletiche, ma anche quelle umane: <strong>un profilo serio, affidabile, con grande voglia di lavorare e migliorare<\/strong>. Siamo convinti che possa dare <strong>equilibrio e continuit\u00e0<\/strong> alla squadra\u00bb.<\/p>\n<p><img loading=\"lazy\" decoding=\"async\" src=\"https:\/\/www.europesays.com\/it\/wp-content\/uploads\/2026\/06\/val3-1781968915817.jpg\" alt=\"\" width=\"1200\" height=\"1800\"\/><\/p>\n<p>Parole di entusiasmo anche da parte della giocatrice, pronta a iniziare la sua nuova avventura in <strong>rossobl\u00f9<\/strong>: \u00abSono entusiasta di iniziare questa nuova avventura. <strong>Mondov\u00ec<\/strong> \u00e8 una realt\u00e0 storica che propone un <strong>progetto serio e ambizioso<\/strong> e io l\u2019ho scelto con convinzione. Arrivo con tanta voglia di mettermi a disposizione della squadra e non vedo l\u2019ora di conoscere le mie nuove compagne. Credo molto nel <strong>valore del collettivo<\/strong> e sono sicura che insieme potremo divertirci e toglierci belle soddisfazioni\u00bb<\/p>\n<p>Con l\u2019arrivo di <strong>Valentina Brandi<\/strong>, <strong>Mondov\u00ec Volley<\/strong> aggiunge al roster una <strong>palleggiatrice di qualit\u00e0<\/strong>, capace di portare <strong>esperienza, ritmo e leadership<\/strong> all\u2019interno del progetto tecnico per la <strong>stagione 2026\/27<\/strong>.<\/p>\n<p>    <a href=\"https:\/\/www.unionemonregalese.it\/news\/sport\/313984\/giovane-e-ambiziosa-il-nuovo-opposto-di-mondovi-arriva-dalla-sicilia.html?utm_source=VCMS_correlati\" class=\"vc_cont_image\" rel=\"nofollow noopener\" target=\"_blank\"><img decoding=\"async\" class=\"vc_image\" src=\"https:\/\/www.unionemonregalese.it\/resizer\/150\/-1\/true\/2026_06_15\/barbaro1-1781508389088.jpg--giovane_e_ambiziosa__il_nuovo_opposto_di_mondovi_arriva_dalla_sicilia.jpg?1781508389112\"\/><\/a><\/p>\n","protected":false},"excerpt":{"rendered":"Mondov\u00ec Volley annuncia con soddisfazione l\u2019arrivo di Valentina Brandi, palleggiatrice classe 2004, atleta gi\u00e0 dotata di un\u2019importante esperienza&hellip;\n","protected":false},"author":3,"featured_media":548410,"comment_status":"","ping_status":"","sticky":false,"template":"","format":"standard","meta":{"footnotes":"","_share_on_mastodon":"0"},"categories":[1474],"tags":[175510,539,5006,302108,6057,1537,90,89,5990,3010,8599,98521,245,244,302107,1869],"class_list":["post-548409","post","type-post","status-publish","format-standard","has-post-thumbnail","category-volley","tag-albese","tag-busto-arsizio","tag-coppa-italia","tag-futura-volley-giovani-busto-arsizio","tag-garlasco","tag-it","tag-italia","tag-italy","tag-messina","tag-mondovi","tag-mondovi-volley","tag-serie-b1","tag-sport","tag-sports","tag-valentina-brandi","tag-volley"],"share_on_mastodon":{"url":"https:\/\/pubeurope.com\/@it\/116783788656107780","error":""},"_links":{"self":[{"href":"https:\/\/www.europesays.com\/it\/wp-json\/wp\/v2\/posts\/548409","targetHints":{"allow":["GET"]}}],"collection":[{"href":"https:\/\/www.europesays.com\/it\/wp-json\/wp\/v2\/posts"}],"about":[{"href":"https:\/\/www.europesays.com\/it\/wp-json\/wp\/v2\/types\/post"}],"author":[{"embeddable":true,"href":"https:\/\/www.europesays.com\/it\/wp-json\/wp\/v2\/users\/3"}],"replies":[{"embeddable":true,"href":"https:\/\/www.europesays.com\/it\/wp-json\/wp\/v2\/comments?post=548409"}],"version-history":[{"count":0,"href":"https:\/\/www.europesays.com\/it\/wp-json\/wp\/v2\/posts\/548409\/revisions"}],"wp:featuredmedia":[{"embeddable":true,"href":"https:\/\/www.europesays.com\/it\/wp-json\/wp\/v2\/media\/548410"}],"wp:attachment":[{"href":"https:\/\/www.europesays.com\/it\/wp-json\/wp\/v2\/media?parent=548409"}],"wp:term":[{"taxonomy":"category","embeddable":true,"href":"https:\/\/www.europesays.com\/it\/wp-json\/wp\/v2\/categories?post=548409"},{"taxonomy":"post_tag","embeddable":true,"href":"https:\/\/www.europesays.com\/it\/wp-json\/wp\/v2\/tags?post=548409"}],"curies":[{"name":"wp","href":"https:\/\/api.w.org\/{rel}","templated":true}]}}