{"id":548472,"date":"2026-06-20T19:18:21","date_gmt":"2026-06-20T19:18:21","guid":{"rendered":"https:\/\/www.europesays.com\/it\/548472\/"},"modified":"2026-06-20T19:18:21","modified_gmt":"2026-06-20T19:18:21","slug":"francesca-michielin-in-concerto-apre-la-rassegna-tra-ville-e-giardini","status":"publish","type":"post","link":"https:\/\/www.europesays.com\/it\/548472\/","title":{"rendered":"Francesca Michielin in concerto apre la rassegna Tra Ville e Giardini"},"content":{"rendered":"<p><a href=\"https:\/\/www.ilgazzettino.it\/t\/rovigo\" rel=\"nofollow noopener\" target=\"_blank\">ROVIGO<\/a> &#8211; Il nuovo percorso di <a href=\"https:\/\/www.ilgazzettino.it\/t\/francesca-michielin\" rel=\"nofollow noopener\" target=\"_blank\">Francesca Michielin<\/a>, che abbraccia il genere fantasy e intreccia alla femminilit\u00e0 le atmosfere medievali, far\u00e0 tappa gioved\u00ec 2 luglio in piazza XX Settembre a Rovigo, come evento di apertura di &#8220;Tra Ville e Giardini&#8221;. La <a href=\"https:\/\/www.ilgazzettino.it\/t\/rassegna\" rel=\"nofollow noopener\" target=\"_blank\">rassegna<\/a> estiva che trasforma ville, luoghi storici e giardini locali in palcoscenici sotto le stelle, \u00e8 alla ventisettesima edizione e torna unendo la bellezza del tempio simbolo del capoluogo polesano, che per una sera diventer\u00e0 quinta teatrale, con la &#8220;Magia bianca&#8221;, secondo il titolo dell&#8217;album pubblicato solo una settimana fa,- che la cantautrice e polistrumentista bassanese ha declinato nel tour estivo &#8220;Strega comanda&#8221;.<br \/>L&#8217;inizio del <a href=\"https:\/\/www.ilgazzettino.it\/t\/concerto\" rel=\"nofollow noopener\" target=\"_blank\">concerto<\/a> sar\u00e0 alle 21.30, con l&#8217;apertura dei cancelli alle 20.40 e della biglietteria alle 20. Le prevendite online sono gi\u00e0 aperte sul sito www.diyticket.it e le prenotazioni sono possibili telefonando al 351.3732657 dell&#8217;Ente Rovigo Festival che organizza la rassegna, sostenuta e promossa dalla Provincia e dalla Regione in ambito RetEventi, e dalla Fondazione Cariparo, con la collaborazione dei Comuni ospitanti per allestire i luoghi degli spettacoli.<br \/>Secondo la tradizione della rassegna, i biglietti d&#8217;ingresso sono a prezzi accessibili: 15 euro gli interi e 12 i ridotti. Per il regolare svolgimento dell&#8217;evento, la zona di piazzale del Soccorso potrebbe subire modifiche alla viabilit\u00e0 e limitazioni al transito, anche pedonale: l&#8217;Ente Rovigo Festival, quindi, invita a verificare le possibili variazioni attraverso gli strumenti del Comune di Rovigo per la consultazione delle ordinanze.<\/p>\n<p>    &#13;<\/p>\n<p>APPROFONDIMENTI<\/p>\n<p>&#13;<\/p>\n<p>                            &#13;<br \/>\n                                            &#13;<br \/>\n                            <a href=\"https:\/\/www.ilgazzettino.it\/nordest\/vicenza_bassano\/francesca_michielin_matrimonio_davide_spigarolo-9577362.html\" rel=\"nofollow noopener\" target=\"_blank\">&#13;<br \/>\n                                                                <img decoding=\"async\" src=\"https:\/\/www.europesays.com\/it\/wp-content\/uploads\/2026\/06\/9577362_06181053_francesca_michielin_matrimonio_davide_spigarolo.jpg\"\/>&#13;<br \/>\n                            <\/a>&#13;<br \/>\n                        &#13;<br \/>\n                                        &#13;<\/p>\n<p>                            &#13;<br \/>\n                                            &#13;<br \/>\n                            <a href=\"https:\/\/www.ilgazzettino.it\/gossip\/francesca_michielin_passa_dal_bsmt_rene_sanremo_cosa_ha_detto-9564319.html\" rel=\"nofollow noopener\" target=\"_blank\">&#13;<br \/>\n                                                                <img decoding=\"async\" src=\"https:\/\/www.europesays.com\/it\/wp-content\/uploads\/2026\/06\/9564319_30190216_francesca_michielin_passa_dal_bsmt_rene_sanremo_cosa_ha_detto.jpg\"\/>&#13;<br \/>\n                            <\/a>&#13;<br \/>\n                        &#13;<br \/>\n                                        &#13;<\/p>\n<p>        &#13;<\/p>\n<p>Il tour della cantante <\/p>\n<p>Nel tour estivo di Francesca Michielin, ogni data ha un colore caratterizzante: nell&#8217;appuntamento rodigino, all&#8217;interno di una rassegna che valorizza l&#8217;identit\u00e0 e la bellezza dei luoghi ospitanti, potrebbe ispirarsi alla storia di prodigi e struggente devozione legata nel tempio della Rotonda all&#8217;immagine della Madonna con Bambino, che nella mano sinistra regge una rosa rossa, e alla leggenda che vuole Rovigo &#8220;citt\u00e0 delle rose&#8221;.<br \/>I concerti di &#8220;Strega comanda&#8221; hanno una band tutta al femminile e sposano il brio e il gusto per il teatro che caratterizzano la cultura camp. Con le canzoni di &#8220;Magia bianca&#8221;, infatti, Michielin fa riflettere sull&#8217;identit\u00e0 e sulla libert\u00e0 di essere diversi. E come avevano anticipato i singoli &#8220;Una donna non pu\u00f2&#8221; e &#8220;Strega comanda&#8221;, l&#8217;artista inquadra l&#8217;ordine (finto) che nel patriarcato subordina la donna, per mostrare la &#8220;vera guerra&#8221; che affronta chi cerca la propria libert\u00e0 e fa viaggiare libero il pensiero. Con la canzone &#8220;1484&#8221;, poi, torna alla bolla papale che port\u00f2 all&#8217;allora caccia fisica alle streghe, per richiamare la caccia alle streghe odierna che si consuma nei social. Tra richiami a sonorit\u00e0 dungeon synth, pop e suggestioni fantasy, le tracce di &#8220;Magia bianca&#8221; si collegano a questi temi in un racconto che nella forma di concept album \u00e8 attraversato da streghe, lune, rituali, leggende popolari e figure femminili fuori dagli schemi.<\/p>\n","protected":false},"excerpt":{"rendered":"ROVIGO &#8211; Il nuovo percorso di Francesca Michielin, che abbraccia il genere fantasy e intreccia alla femminilit\u00e0 le&hellip;\n","protected":false},"author":3,"featured_media":548473,"comment_status":"","ping_status":"","sticky":false,"template":"","format":"standard","meta":{"footnotes":"","_share_on_mastodon":"0"},"categories":[1443],"tags":[1569,203,7505,204,1537,90,89,1538,1539,7682,8516],"class_list":["post-548472","post","type-post","status-publish","format-standard","has-post-thumbnail","category-musica","tag-concerto","tag-entertainment","tag-francesca-michielin","tag-intrattenimento","tag-it","tag-italia","tag-italy","tag-music","tag-musica","tag-rassegna","tag-rovigo"],"share_on_mastodon":{"url":"https:\/\/pubeurope.com\/@it\/116784052137187818","error":""},"_links":{"self":[{"href":"https:\/\/www.europesays.com\/it\/wp-json\/wp\/v2\/posts\/548472","targetHints":{"allow":["GET"]}}],"collection":[{"href":"https:\/\/www.europesays.com\/it\/wp-json\/wp\/v2\/posts"}],"about":[{"href":"https:\/\/www.europesays.com\/it\/wp-json\/wp\/v2\/types\/post"}],"author":[{"embeddable":true,"href":"https:\/\/www.europesays.com\/it\/wp-json\/wp\/v2\/users\/3"}],"replies":[{"embeddable":true,"href":"https:\/\/www.europesays.com\/it\/wp-json\/wp\/v2\/comments?post=548472"}],"version-history":[{"count":0,"href":"https:\/\/www.europesays.com\/it\/wp-json\/wp\/v2\/posts\/548472\/revisions"}],"wp:featuredmedia":[{"embeddable":true,"href":"https:\/\/www.europesays.com\/it\/wp-json\/wp\/v2\/media\/548473"}],"wp:attachment":[{"href":"https:\/\/www.europesays.com\/it\/wp-json\/wp\/v2\/media?parent=548472"}],"wp:term":[{"taxonomy":"category","embeddable":true,"href":"https:\/\/www.europesays.com\/it\/wp-json\/wp\/v2\/categories?post=548472"},{"taxonomy":"post_tag","embeddable":true,"href":"https:\/\/www.europesays.com\/it\/wp-json\/wp\/v2\/tags?post=548472"}],"curies":[{"name":"wp","href":"https:\/\/api.w.org\/{rel}","templated":true}]}}