{"id":548836,"date":"2026-06-21T01:41:15","date_gmt":"2026-06-21T01:41:15","guid":{"rendered":"https:\/\/www.europesays.com\/it\/548836\/"},"modified":"2026-06-21T01:41:15","modified_gmt":"2026-06-21T01:41:15","slug":"belgio-doku-chiede-di-lasciare-il-ritiro-per-la-nascita-del-figlio-in-francia-lo-attaccano-e-inutile","status":"publish","type":"post","link":"https:\/\/www.europesays.com\/it\/548836\/","title":{"rendered":"Belgio, Doku chiede di lasciare il ritiro per la nascita del figlio. In Francia lo attaccano: \u00ab\u00c8 inutile\u00bb"},"content":{"rendered":"<p>    di<br \/>\n    Nicol\u00f2 Franceschin<\/p>\n<p class=\"summary-art is-line-h-12\">Il giocatore del Manchester City pronto a saltare una partita del Mondiale<\/p>\n<p class=\"chapter-paragraph\"><b>Per un calciatore pu\u00f2 esistere una cosa pi\u00f9 importante di una partita di un Mondiale da giocare? S\u00ec, la nascita di un figlio. <\/b>A maggior ragione se \u00e8 il primo.<b> Lo sa bene J\u00e9r\u00e9my Doku. <\/b>L&#8217;ala del Belgio nei prossimi giorni potrebbe diventare pap\u00e0 e si \u00e8 detto <b>pronto a lasciare il ritiro e saltare anche un match con la sua Nazionale per essere vicino alla compagna.<\/b>\u00a0\u00abNessun padre dovrebbe perdersi un evento del genere. So che la federazione sostiene i giocatori e comprende le loro situazioni. Vediamo cosa succeder\u00e0\u00bb, le parole del talento del Manchester City che, proprio in questi giorni, ha trovato l&#8217;accordo con il club inglese per prolungare il contratto fino al 2031.\u00a0<\/p>\n<p class=\"chapter-paragraph\">Una scelta, quella del belga, che ha acceso polemiche in patria e non solo. Hanno fatto discutere, infatti, le dichiarazioni della giornalista dell&#8217;\u00c9quipe\u00a0France Pierron. Duro il suo commento: \u00abQuando hai la possibilit\u00e0 di partecipare a un <a href=\"https:\/\/www.corriere.it\/sport\/calcio\/mondiali\/\" rel=\"nofollow noopener\" target=\"_blank\">Mondiale <\/a>\u00e8 una gioia incredibile. Ci sono centinaia di giocatori che farebbero carte false per stare al tuo posto e potrebbe non capitarti pi\u00f9. E tu lasci tutto questo per andare ad assistere alla nascita di tuo figlio? <b>ll padre \u00e8 inutile, \u00e8 solo una comparsa in quel momento<\/b>\u00bb. Parole che non hanno per\u00f2 trovato d&#8217;accordo i presente in studio durante la trasmissione &#8220;L&#8217;Equipe de choc&#8221;. Tra questi anche il campione olimpico di pugilato Brahim Asloum e il commentatore sportivo Yoann Riou. &#8220;\u00abUn bambino \u00e8 la tua vita e la nascita \u00e8 il momento pi\u00f9 importante per una coppia\u00bb, il pensiero a sostegno di Doku.    &#13;<br \/>\n&#13;<br \/>\n&#13;<br \/>\n&#13;<br \/>\n&#13;<br \/>\n&#13;<br \/>\n&#13;<br \/>\n&#13;<br \/>\n&#13;<br \/>\n&#13;<br \/>\n&#13;<br \/>\n&#13;<br \/>\n&#13;<br \/>\n&#13;<br \/>\n&#13;<br \/>\n&#13;<br \/>\n&#13;<br \/>\n&#13;<br \/>\n&#13;<br \/>\n&#13;<br \/>\n&#13;<br \/>\n&#13;<br \/>\n&#13;<br \/>\n&#13;<br \/>\n&#13;<br \/>\n&#13;<br \/>\n&#13;<br \/>\n&#13;<br \/>\n&#13;<br \/>\n&#13;<br \/>\n&#13;<br \/>\n&#13;<br \/>\n&#13;<br \/>\n&#13;<br \/>\n&#13;<br \/>\n&#13;<br \/>\n&#13;<br \/>\n&#13;<br \/>\n&#13;<br \/>\n&#13;<br \/>\n&#13;<br \/>\n&#13;<br \/>\n&#13;<br \/>\n&#13;<br \/>\n&#13;<br \/>\n&#13;<br \/>\n&#13;<br \/>\n&#13;<br \/>\n&#13;<br \/>\n&#13;<br \/>\n&#13;<br \/>\n&#13;<br \/>\n&#13;\n<\/p>\n<p class=\"chapter-paragraph\">Il calciatore salter\u00e0 comunque la sfida contro l&#8217;Iran a causa di un problema fisico. Rientrer\u00e0 in quella successiva? <b>Dipender\u00e0 dal suo recupero e non solo. Potrebbe diventare pap\u00e0, e non c&#8217;\u00e8 cosa pi\u00f9 bella. J\u00e9r\u00e9my lo sa.\u00a0<\/b><\/p>\n<p class=\"is-last-update\" datetime=\"2026-06-20T22:12:21+02:00\">20 giugno 2026<\/p>\n<p class=\"is-copyright\">\n            \u00a9 RIPRODUZIONE RISERVATA\n        <\/p>\n","protected":false},"excerpt":{"rendered":"di Nicol\u00f2 Franceschin Il giocatore del Manchester City pronto a saltare una partita del Mondiale Per un calciatore&hellip;\n","protected":false},"author":3,"featured_media":548837,"comment_status":"","ping_status":"","sticky":false,"template":"","format":"standard","meta":{"footnotes":"","_share_on_mastodon":"0"},"categories":[176],"tags":[579,291,2281,820,29429,2716,3412,48,1348,1537,90,89,105450,53,292042,5364,13564,1353,272,55529,3608,245,244],"class_list":["post-548836","post","type-post","status-publish","format-standard","has-post-thumbnail","category-sport","tag-accordo","tag-belgio","tag-calciatore","tag-city","tag-doku","tag-figlio","tag-giocatori","tag-importante","tag-inutile","tag-it","tag-italia","tag-italy","tag-jeremy","tag-lasciare","tag-lasciare-ritiro","tag-manchester","tag-manchester-city","tag-mondiale","tag-nascita","tag-nascita-figlio","tag-padre","tag-sport","tag-sports"],"share_on_mastodon":{"url":"https:\/\/pubeurope.com\/@it\/116785557440096370","error":""},"_links":{"self":[{"href":"https:\/\/www.europesays.com\/it\/wp-json\/wp\/v2\/posts\/548836","targetHints":{"allow":["GET"]}}],"collection":[{"href":"https:\/\/www.europesays.com\/it\/wp-json\/wp\/v2\/posts"}],"about":[{"href":"https:\/\/www.europesays.com\/it\/wp-json\/wp\/v2\/types\/post"}],"author":[{"embeddable":true,"href":"https:\/\/www.europesays.com\/it\/wp-json\/wp\/v2\/users\/3"}],"replies":[{"embeddable":true,"href":"https:\/\/www.europesays.com\/it\/wp-json\/wp\/v2\/comments?post=548836"}],"version-history":[{"count":0,"href":"https:\/\/www.europesays.com\/it\/wp-json\/wp\/v2\/posts\/548836\/revisions"}],"wp:featuredmedia":[{"embeddable":true,"href":"https:\/\/www.europesays.com\/it\/wp-json\/wp\/v2\/media\/548837"}],"wp:attachment":[{"href":"https:\/\/www.europesays.com\/it\/wp-json\/wp\/v2\/media?parent=548836"}],"wp:term":[{"taxonomy":"category","embeddable":true,"href":"https:\/\/www.europesays.com\/it\/wp-json\/wp\/v2\/categories?post=548836"},{"taxonomy":"post_tag","embeddable":true,"href":"https:\/\/www.europesays.com\/it\/wp-json\/wp\/v2\/tags?post=548836"}],"curies":[{"name":"wp","href":"https:\/\/api.w.org\/{rel}","templated":true}]}}