{"id":548880,"date":"2026-06-21T02:36:15","date_gmt":"2026-06-21T02:36:15","guid":{"rendered":"https:\/\/www.europesays.com\/it\/548880\/"},"modified":"2026-06-21T02:36:15","modified_gmt":"2026-06-21T02:36:15","slug":"lultimo-saluto-di-livorno-a-igor-protti-sembra-una-festa-in-12-mila-cantano-e-gridano-per-lo-zar","status":"publish","type":"post","link":"https:\/\/www.europesays.com\/it\/548880\/","title":{"rendered":"L&#8217;ultimo saluto di Livorno a Igor Protti sembra una festa: in 12 mila cantano e gridano per lo \u00abZar\u00bb"},"content":{"rendered":"<p>    di<br \/>\n    Jacopo Storni<\/p>\n<p class=\"summary-art is-line-h-12\">Allo stadio Picchi di Livorno l&#8217;omaggio col feretro in campo. Lo striscione sotto la curva: \u00abCiao Igor, oggi salutiamo l\u2019uomo prima ancora del calciatore. Solo chi ti ha vissuto ci pu\u00f2 capire\u00bb<\/p>\n<p class=\"chapter-paragraph\"><b>In lutto eppure in festa. Perch\u00e9 Livorno \u00e8 cos\u00ec: soffre ma col sorriso, senza perderlo mai. In 12mila a salutare <\/b><a href=\"https:\/\/corrierefiorentino.corriere.it\/notizie\/cronaca\/26_giugno_19\/morto-igor-protti-nella-sua-casa-a-livorno-bdcc688b-49a1-4c36-9545-81fdabd47xlk.shtml\" title=\"\u00c8 morto Igor Protti, il mondo del calcio in lutto. L&#039;annuncio con una sua frase: \u00abQuesto splendido viaggio, come ogni partita, \u00e8 arrivato al fischio finale\u00bb\" rel=\"nofollow noopener\" target=\"_blank\">Igor Protti per il suo ultimo giro di campo<\/a>, dentro il feretro nel carro funebre, che viaggia lento sotto gli spalti. E si ferma per quasi un\u2019ora sotto la curva nord. Che urla d\u2019amore per lui. Come fosse una finale, come fosse uno scudetto. Sembra davvero una finale, dalla gente che c\u2019\u00e8.\u00a0<\/p>\n<p class=\"chapter-paragraph\"><b>Il fiume umano all\u2019ingresso, i motorini che sfrecciano verso l\u2019Armando Picchi.<\/b> Aveva detto che avrebbe lottato fino al novantesimo minuto, nel corso della malattia, ma forse la sua partita non \u00e8 mai finita e mai finir\u00e0. Perch\u00e9 Igor Protti continua a vivere nella memoria amaranto che mai dimenticher\u00e0 quello che \u00e8 stato. Il suo estro, il suo fiuto. E la persona, pi\u00f9 di tutto il resto.    &#13;<br \/>\n&#13;<br \/>\n&#13;<br \/>\n&#13;<br \/>\n&#13;<br \/>\n&#13;<br \/>\n&#13;<br \/>\n&#13;<br \/>\n&#13;<br \/>\n&#13;<br \/>\n&#13;<br \/>\n&#13;<br \/>\n&#13;<br \/>\n&#13;<br \/>\n&#13;<br \/>\n&#13;<br \/>\n&#13;<br \/>\n&#13;<br \/>\n&#13;<br \/>\n&#13;<br \/>\n&#13;<br \/>\n&#13;<br \/>\n&#13;<br \/>\n&#13;<br \/>\n&#13;<br \/>\n&#13;<br \/>\n&#13;<br \/>\n&#13;<br \/>\n&#13;<br \/>\n&#13;<br \/>\n&#13;<br \/>\n&#13;<br \/>\n&#13;<br \/>\n&#13;<br \/>\n&#13;<br \/>\n&#13;<br \/>\n&#13;<br \/>\n&#13;<br \/>\n&#13;<br \/>\n&#13;<br \/>\n&#13;<br \/>\n&#13;<br \/>\n&#13;<br \/>\n&#13;<br \/>\n&#13;<br \/>\n&#13;<br \/>\n&#13;<br \/>\n&#13;<br \/>\n&#13;<br \/>\n&#13;<br \/>\n&#13;<br \/>\n&#13;<br \/>\n&#13;\n<\/p>\n<p class=\"chapter-paragraph\"><b>C\u2019\u00e8 una citt\u00e0 che canta per lui. C\u2019\u00e8 perdita, ma c\u2019\u00e8 l\u2019orgoglio di un popolo.<\/b> E l\u2019odore del mare che arriva fin qui, portato dal vento.<\/p>\n<p class=\"chapter-paragraph\">\u00abQuesta \u00e8 Livorno\u00bb dice il sindaco Luca Salvetti. Livorno trema sotto il sole. Bandiere e fumogeni. Lo striscione sotto la curva: <b>\u201cCiao Igor, oggi salutiamo l\u2019uomo prima ancora del calciatore. Solo chi ti ha vissuto ci pu\u00f2 capire\u201d.<\/b><\/p>\n<p class=\"chapter-paragraph\">Marco Amelia, l\u2019ex portiere, quando parla ha la pelle d\u2019oca sulle braccia. Quasi piange:<b> \u00abIgor voleva che oggi fosse una festa. E\u2019 stato il nostro leader, senza l\u2019ambizione di Igor non avremmo raggiunto quei risultati\u00bb.<\/b> I cori: \u201cQuando Igor Protti segner\u00e0 un boato al cielo s&#8217;alzer\u00e0, e sotto la curva correr\u00e0 Igor Protti capo degli ultras\u201d.<\/p>\n<p class=\"chapter-paragraph\"><b>Nato a Rimini ma con un pezzo di cuore a Livorno, un uomo che ha scritto la storia di questi luoghi.<\/b> Capocannoniere nei campionati di A, B e C e nel 2007 cittadino onorario. Tanti amici e tanti calciatori, da Alino Diamanti a Fabio Galante.\u00a0<\/p>\n<p class=\"chapter-paragraph\"><b>E la figlia Noemi, anche lei sotto la curva, il suo ricordo di quando il padre ormai malato l\u2019ha accompagnata claudicante all\u2019altare.<\/b> C\u2019\u00e8 anche la madre di Protti, rimasta in macchina sotto la curva, in lacrime e con la sciarpa del Livorno.<\/p>\n<p class=\"is-mr-t-20 is-mr-b-20\"><b><br \/>\n                    <a href=\"https:\/\/corrierefiorentino.corriere.it\/?intcmp=Notizielocali_nd_010623_corriere_ss_fior\" target=\"_blank\" rel=\"nofollow noopener\">Vai a tutte le notizie di Firenze<\/a><br \/>\n            <\/b><\/p>\n<p class=\"chapter-paragraph\"><b><a href=\"https:\/\/www.corriere.it\/newsletter\/?theme=45&amp;intcmp=NL-artic_nd_050624_corriere_ss_fior\" target=\"_blank\" rel=\"nofollow noopener\">Iscriviti alla newsletter del Corriere Fiorentino<\/a><\/b><\/p>\n<p class=\"is-last-update\" datetime=\"2026-06-20T19:58:26+02:00\">20 giugno 2026 ( modifica il 20 giugno 2026 | 19:58)<\/p>\n<p class=\"is-copyright\">\n            \u00a9 RIPRODUZIONE RISERVATA\n        <\/p>\n","protected":false},"excerpt":{"rendered":"di Jacopo Storni Allo stadio Picchi di Livorno l&#8217;omaggio col feretro in campo. Lo striscione sotto la curva:&hellip;\n","protected":false},"author":3,"featured_media":548881,"comment_status":"","ping_status":"","sticky":false,"template":"","format":"standard","meta":{"footnotes":"","_share_on_mastodon":"0"},"categories":[176],"tags":[2281,302312,302313,921,6880,1684,301071,302314,11507,302315,302316,45315,2217,1426,7628,73536,302317,302318,1537,90,89,8285,92693,59048,302319,302320,302321,245,244,66456,302322],"class_list":["post-548880","post","type-post","status-publish","format-standard","has-post-thumbnail","category-sport","tag-calciatore","tag-calciatore-vissuto","tag-calciatore-vissuto-capire","tag-campo","tag-capire","tag-ciao","tag-ciao-igor","tag-ciao-igor-salutiamo","tag-curva","tag-curva-ciao","tag-curva-ciao-igor","tag-feretro","tag-festa","tag-finale","tag-igor","tag-igor-protti","tag-igor-salutiamo","tag-igor-salutiamo-calciatore","tag-it","tag-italia","tag-italy","tag-livorno","tag-picchi","tag-protti","tag-salutiamo","tag-salutiamo-calciatore","tag-salutiamo-calciatore-vissuto","tag-sport","tag-sports","tag-striscione","tag-striscione-curva"],"share_on_mastodon":{"url":"https:\/\/pubeurope.com\/@it\/116785773581390651","error":""},"_links":{"self":[{"href":"https:\/\/www.europesays.com\/it\/wp-json\/wp\/v2\/posts\/548880","targetHints":{"allow":["GET"]}}],"collection":[{"href":"https:\/\/www.europesays.com\/it\/wp-json\/wp\/v2\/posts"}],"about":[{"href":"https:\/\/www.europesays.com\/it\/wp-json\/wp\/v2\/types\/post"}],"author":[{"embeddable":true,"href":"https:\/\/www.europesays.com\/it\/wp-json\/wp\/v2\/users\/3"}],"replies":[{"embeddable":true,"href":"https:\/\/www.europesays.com\/it\/wp-json\/wp\/v2\/comments?post=548880"}],"version-history":[{"count":0,"href":"https:\/\/www.europesays.com\/it\/wp-json\/wp\/v2\/posts\/548880\/revisions"}],"wp:featuredmedia":[{"embeddable":true,"href":"https:\/\/www.europesays.com\/it\/wp-json\/wp\/v2\/media\/548881"}],"wp:attachment":[{"href":"https:\/\/www.europesays.com\/it\/wp-json\/wp\/v2\/media?parent=548880"}],"wp:term":[{"taxonomy":"category","embeddable":true,"href":"https:\/\/www.europesays.com\/it\/wp-json\/wp\/v2\/categories?post=548880"},{"taxonomy":"post_tag","embeddable":true,"href":"https:\/\/www.europesays.com\/it\/wp-json\/wp\/v2\/tags?post=548880"}],"curies":[{"name":"wp","href":"https:\/\/api.w.org\/{rel}","templated":true}]}}