{"id":548946,"date":"2026-06-21T04:00:42","date_gmt":"2026-06-21T04:00:42","guid":{"rendered":"https:\/\/www.europesays.com\/it\/548946\/"},"modified":"2026-06-21T04:00:42","modified_gmt":"2026-06-21T04:00:42","slug":"jeremy-clarkson-mette-in-vendita-la-sua-ford-gt-spero-abbiano-sistemato-lallarme-news","status":"publish","type":"post","link":"https:\/\/www.europesays.com\/it\/548946\/","title":{"rendered":"Jeremy Clarkson mette in vendita la sua Ford GT: &#8220;Spero abbiano sistemato l&#8217;allarme&#8221; &#8211; News"},"content":{"rendered":"<p>\n            Una delle sole 101 unit\u00e0 arrivate in Europa torna sul mercato con la firma del conduttore pi\u00f9 famoso del mondo dei motori, e il valore promette di volare.\n        <\/p>\n<p>              19 giugno 2026<\/p>\n<p>Quando una <a href=\"http:\/\/https:\/\/www.automoto.it\/news\/aston-martin-valkyrie-a-rischio-incendio-ma-serve-fare-sei-cose-nello-stesso-istante.html\" rel=\"nofollow\"><strong>supercar<\/strong><\/a> cambia proprietario, di solito la notizia resta confinata tra gli appassionati. Ma se il vecchio garage apparteneva a <a href=\"https:\/\/www.automoto.it\/news\/jeremy-clarkson-rivela-ho-un-tumore-aggressivo-come-sta-oggi-l-ex-conduttore-di-top-gear.html\" rel=\"nofollow noopener\" target=\"_blank\"><strong>Jeremy Clarkson<\/strong><\/a>, le cose vanno diversamente. La sua <a href=\"https:\/\/www.automoto.it\/news\/ford-gt-mk-iv-record-al-nurburgring-6-15-che-riscrivono-la-storia.html\" rel=\"nofollow noopener\" target=\"_blank\"><strong>Ford GT<\/strong><\/a> del 2006, custodita oggi dal concessionario britannico <strong>Tom Hartley<\/strong>, specialista in auto sportive e da collezione, sta per tornare disponibile e ha gi\u00e0 acceso il mercato ben prima di ricevere un prezzo ufficiale.<\/p>\n<p>                            <img decoding=\"async\" class=\"img-fluid \" loading=\"lazy\" data-zoomable=\"\" src=\"https:\/\/cdn-img.automoto.it\/images\/50933578\/2000x\/ford-gt-jeremy-clarkson.jpg?quality=75&amp;format=webp&amp;width=800\" data-zoom-src=\"https:\/\/www.europesays.com\/it\/wp-content\/uploads\/2026\/06\/ford-gt-jeremy-clarkson.jpg\" width=\"1818\" height=\"1172\" alt=\"Ford GT\"\/><\/p>\n<p>                    Ford GT<\/p>\n<p>                                            Carl Hartley<\/p>\n<p>            Una delle poche europee, con una storia che pesa<\/p>\n<p>Questo esemplare non \u00e8 un modello qualsiasi. Si tratta infatti di una delle sole <strong>101 Ford GT<\/strong> consegnate in Europa durante la produzione, un dettaglio che da solo basta a renderla rara agli occhi dei <strong>collezionisti<\/strong>. La livrea <strong>blu con le strisce bianche<\/strong> richiama senza mezzi termini la <strong>Ford GT40<\/strong> che domin\u00f2 la <strong>24 Ore di Le Mans<\/strong> negli anni Sessanta, un legame storico che amplifica il fascino della vettura e ne alimenta la quotazione.<\/p>\n<p>A rendere ancora pi\u00f9 riconoscibile questa <strong>Ford GT<\/strong> \u00e8 il suo passato recente. Clarkson non ha mai nascosto la sua passione per il modello, e l&#8217;auto porta con s\u00e9 una manutenzione curata nel dettaglio presso GT101, centro inglese di Colchester dedicato proprio alla cura di queste vetture. Il contachilometri segna circa <strong>45.000 chilometri<\/strong>, una percorrenza contenuta che, unita alle condizioni descritte come eccellenti, la colloca tra le proposte pi\u00f9 interessanti della sua categoria.<\/p>\n<p>                            <img decoding=\"async\" class=\"img-fluid \" loading=\"lazy\" data-zoomable=\"\" src=\"https:\/\/cdn-img.automoto.it\/images\/50933602\/2000x\/ford-gt-jeremy-clarkson.jpg?quality=75&amp;format=webp&amp;width=800\" data-zoom-src=\"https:\/\/www.europesays.com\/it\/wp-content\/uploads\/2026\/06\/1782014438_951_ford-gt-jeremy-clarkson.jpg\" width=\"1736\" height=\"1172\" alt=\"Ford GT posteriore\"\/><\/p>\n<p>                    Ford GT posteriore<\/p>\n<p>                                            Carl Hartley<\/p>\n<p>            La battuta che ha fatto il giro del web<\/p>\n<p>Il tocco finale lo ha messo lo stesso ex proprietario. Sotto l&#8217;annuncio pubblicato dal concessionario, <strong>Jeremy Clarkson<\/strong> \u00e8 intervenuto con un commento ironico, augurandosi che qualcuno avesse finalmente riparato il sistema di allarme che gli aveva dato qualche grattacapo. Una frase scherzosa che ha fatto sorridere il pubblico e che, paradossalmente, ha reso questo esemplare ancora pi\u00f9 identificabile e desiderato.<\/p>\n<p>            Cosa nasconde sotto il cofano<\/p>\n<p>Le prestazioni restano il vero biglietto da visita. Al centro del progetto lavora un <strong>V8 sovralimentato<\/strong> da <strong>5,4 litri<\/strong>, capace di erogare <strong>550 CV<\/strong> e una coppia massima di <strong>678 Nm<\/strong>. La potenza arriva alle ruote posteriori attraverso un <strong>cambio manuale<\/strong> a sei marce, una scelta sempre pi\u00f9 rara che esalta il carattere analogico della vettura.<\/p>\n<p>I numeri parlano chiaro: scatto da <strong>0 a 100 km\/h<\/strong> in poco pi\u00f9 di tre secondi e velocit\u00e0 massima superiore ai <strong>330 km\/h<\/strong>. Cifre che, a quasi vent&#8217;anni dal debutto, mantengono la <strong>Ford GT<\/strong> in piena conversazione con le <strong>supercar<\/strong> pi\u00f9 veloci mai prodotte.<\/p>\n<p>                            <img decoding=\"async\" class=\"img-fluid \" loading=\"lazy\" data-zoomable=\"\" src=\"https:\/\/cdn-img.automoto.it\/images\/50933619\/2000x\/ford-gt-jeremy-clarkson.jpg?quality=75&amp;format=webp&amp;width=800\" data-zoom-src=\"https:\/\/www.europesays.com\/it\/wp-content\/uploads\/2026\/06\/1782014439_996_ford-gt-jeremy-clarkson.jpg\" width=\"1348\" height=\"1392\" alt=\"V8 sovralimentato\"\/><\/p>\n<p>                    V8 sovralimentato<\/p>\n<p>                                            Carl Hartley<\/p>\n<p>            Quanto pu\u00f2 valere oggi<\/p>\n<p>Il prezzo di vendita non \u00e8 ancora stato comunicato, ma il contesto offre indicazioni precise. Gli esemplari analoghi viaggiano mediamente tra i <strong>450.000 e i 700.000 dollari<\/strong>, mentre le unit\u00e0 pi\u00f9 rare o con una provenienza significativa superano con facilit\u00e0 gli <strong>800.000 dollari<\/strong>. I pezzi in condizioni impeccabili e a basso chilometraggio possono spingersi oltre il <strong>milione di dollari<\/strong>. Per dare un riferimento concreto, una <strong>Ford GT Heritage Edition<\/strong> \u00e8 stata battuta all&#8217;asta a 660.000 dollari all&#8217;inizio di quest&#8217;anno.<\/p>\n<p>La firma di <strong>Clarkson<\/strong> aggiunge un valore difficile da quantificare ma molto reale. La provenienza celebre, infatti, \u00e8 da sempre uno dei fattori che fanno lievitare le quotazioni nel mondo del <strong>collezionismo<\/strong>.<\/p>\n<p>                            <img decoding=\"async\" class=\"img-fluid \" loading=\"lazy\" data-zoomable=\"\" src=\"https:\/\/cdn-img.automoto.it\/images\/50933617\/2000x\/ford-gt-jeremy-clarkson.jpg?quality=75&amp;format=webp&amp;width=800\" data-zoom-src=\"https:\/\/www.europesays.com\/it\/wp-content\/uploads\/2026\/06\/1782014440_40_ford-gt-jeremy-clarkson.jpg\" width=\"1756\" height=\"1156\" alt=\"Ford GT di profilo\"\/><\/p>\n<p>                    Ford GT di profilo<\/p>\n<p>                                            Carl Hartley<\/p>\n<p>            Le supercar dei primi anni Duemila valgono oro<\/p>\n<p>La vicenda conferma una tendenza ormai consolidata. Le <strong>supercar<\/strong> iconiche dei primi anni Duemila sono diventate veri e propri investimenti, e la <strong>Ford GT<\/strong> occupa una posizione privilegiata in questo panorama. Il merito \u00e8 proprio della sua anima analogica: il <strong>V8<\/strong> sovralimentato e il <strong>cambio manuale<\/strong> offrono un&#8217;esperienza di guida autentica, lontana dai filtri elettronici delle vetture contemporanee. La messa in vendita dell&#8217;esemplare di <strong>Jeremy Clarkson<\/strong> non fa che ribadire quanto questo modello resti tra i pi\u00f9 ambiti dai <strong>collezionisti<\/strong> di tutto il mondo.<\/p>\n<p>            Jeremy Clarkson mette in vendita la sua Ford GT: &#8220;Spero abbiano sistemato l&#8217;allarme&#8221;<\/p>\n<p>                    <a class=\"aimg-link app-gallery-opener\" data-index=\"0\" href=\"#\" aria-label=\"Apri gallery\"><\/p>\n<p>                        <img decoding=\"async\" class=\"img-fluid\" alt=\"\" loading=\"lazy\" src=\"https:\/\/www.europesays.com\/it\/wp-content\/uploads\/2026\/06\/1782014441_991_ford-gt-jeremy-clarkson.jpg\" width=\"1818\" height=\"1172\"\/><\/p>\n<p>                                            <\/a><\/p>\n<p>                    <a class=\"aimg-link app-gallery-opener\" data-index=\"1\" href=\"#\" aria-label=\"Apri gallery\"><\/p>\n<p>                        <img decoding=\"async\" class=\"img-fluid\" alt=\"\" loading=\"lazy\" src=\"https:\/\/www.europesays.com\/it\/wp-content\/uploads\/2026\/06\/1782014442_507_ford-gt-jeremy-clarkson.jpg\" width=\"1736\" height=\"1172\"\/><\/p>\n<p>                                            <\/a><\/p>\n","protected":false},"excerpt":{"rendered":"Una delle sole 101 unit\u00e0 arrivate in Europa torna sul mercato con la firma del conduttore pi\u00f9 famoso&hellip;\n","protected":false},"author":3,"featured_media":548947,"comment_status":"","ping_status":"","sticky":false,"template":"","format":"standard","meta":{"footnotes":"","_share_on_mastodon":"0"},"categories":[173],"tags":[2765,44000,3452,8303,4037,1537,90,89,299280,7,195,198,199,197,200,201,194,196],"class_list":["post-548946","post","type-post","status-publish","format-standard","has-post-thumbnail","category-scienza-e-tecnologia","tag-auto","tag-classica","tag-epoca","tag-ford","tag-gt","tag-it","tag-italia","tag-italy","tag-jeremy-clarkson","tag-news","tag-science","tag-science-and-technology","tag-scienceandtechnology","tag-scienza","tag-scienza-e-tecnologia","tag-scienzaetecnologia","tag-technology","tag-tecnologia"],"share_on_mastodon":{"url":"https:\/\/pubeurope.com\/@it\/116786104301159081","error":""},"_links":{"self":[{"href":"https:\/\/www.europesays.com\/it\/wp-json\/wp\/v2\/posts\/548946","targetHints":{"allow":["GET"]}}],"collection":[{"href":"https:\/\/www.europesays.com\/it\/wp-json\/wp\/v2\/posts"}],"about":[{"href":"https:\/\/www.europesays.com\/it\/wp-json\/wp\/v2\/types\/post"}],"author":[{"embeddable":true,"href":"https:\/\/www.europesays.com\/it\/wp-json\/wp\/v2\/users\/3"}],"replies":[{"embeddable":true,"href":"https:\/\/www.europesays.com\/it\/wp-json\/wp\/v2\/comments?post=548946"}],"version-history":[{"count":0,"href":"https:\/\/www.europesays.com\/it\/wp-json\/wp\/v2\/posts\/548946\/revisions"}],"wp:featuredmedia":[{"embeddable":true,"href":"https:\/\/www.europesays.com\/it\/wp-json\/wp\/v2\/media\/548947"}],"wp:attachment":[{"href":"https:\/\/www.europesays.com\/it\/wp-json\/wp\/v2\/media?parent=548946"}],"wp:term":[{"taxonomy":"category","embeddable":true,"href":"https:\/\/www.europesays.com\/it\/wp-json\/wp\/v2\/categories?post=548946"},{"taxonomy":"post_tag","embeddable":true,"href":"https:\/\/www.europesays.com\/it\/wp-json\/wp\/v2\/tags?post=548946"}],"curies":[{"name":"wp","href":"https:\/\/api.w.org\/{rel}","templated":true}]}}