{"id":548991,"date":"2026-06-21T04:55:28","date_gmt":"2026-06-21T04:55:28","guid":{"rendered":"https:\/\/www.europesays.com\/it\/548991\/"},"modified":"2026-06-21T04:55:28","modified_gmt":"2026-06-21T04:55:28","slug":"apple-alzera-i-listini-degli-smartphone-chip-piu-scarsi-e-piu-cari-ecco-il-perche-degli-aumenti","status":"publish","type":"post","link":"https:\/\/www.europesays.com\/it\/548991\/","title":{"rendered":"Apple alzer\u00e0 i listini degli smartphone: chip pi\u00f9 scarsi e pi\u00f9 cari, ecco il perch\u00e9 degli aumenti"},"content":{"rendered":"<p>Tim Cook: \u00abAbbiamo decisamente bisogno che i prezzi e l\u2019offerta di memorie tornino a livelli ragionevoli per i prodotti di consumo. Questo \u00e8 il punto fondamentale\u00bb<\/p>\n<p class=\"chapter-paragraph\">Aumenti \u00abinevitabili\u00bb per Apple in arrivo.  In un\u2019intervista al Wall Street Journal, Tim Cook, amministratore delegato della societ\u00e0 di Cupertino, ha annunciato <b>rincari sui prodotti per compensare l\u2019incremento dei costi dei chip di memoria e archiviazione<\/b>  trainata dalla domanda dei data center per l\u2019intelligenza artificiale. \u00abStiamo facendo del nostro meglio per mitigare i forti aumenti che ci vengono addebitati e abbiamo tentato di mettere al riparo i nostri clienti dai rincari, ma la situazione \u00e8 divenuta insostenibile\u00bb ha aggiunto Cook che non ha dato per\u00f2 tempistiche sull\u2019entrata in vigore delle nuove tariffe.<\/p>\n<p>    Le stime<\/p>\n<p class=\"chapter-paragraph\">Intanto \u00e8 attesa l\u2019uscita del prossimo iPhone 18, probabilmente a settembre  che dovrebbe includere un nuovo iPhone pieghevole. Secondo le stime di TechInsights, citate dal quotidiano, per mantenere invariati i margini Apple <b>potrebbe dover aumentare di circa 270 dollari il prezzo del futuro iPhone Pro.<\/b> Dallo scorso anno, i prezzi delle memorie sono quadruplicati con il  boom degli investimenti nell\u2019AI da parte di giganti come Google, Microsoft, Meta e Amazon, ma l\u2019offerta resta insufficiente. <b>\u00abAbbiamo decisamente bisogno che i prezzi e l\u2019offerta di memorie tornino a livelli ragionevoli<\/b> per i prodotti di consumo \u2014 ha aggiunto Cook \u2014. Questo \u00e8 il punto fondamentale\u00bb.    &#13;<br \/>\n&#13;<br \/>\n&#13;<br \/>\n&#13;<br \/>\n&#13;<br \/>\n&#13;<br \/>\n&#13;<br \/>\n&#13;<br \/>\n&#13;<br \/>\n&#13;<br \/>\n&#13;<br \/>\n&#13;<br \/>\n&#13;<br \/>\n&#13;<br \/>\n&#13;<br \/>\n&#13;<br \/>\n&#13;<br \/>\n&#13;<br \/>\n&#13;<br \/>\n&#13;<br \/>\n&#13;<br \/>\n&#13;<br \/>\n&#13;<br \/>\n&#13;<br \/>\n&#13;<br \/>\n&#13;<br \/>\n&#13;<br \/>\n&#13;<br \/>\n&#13;<br \/>\n&#13;<br \/>\n&#13;<br \/>\n&#13;<br \/>\n&#13;<br \/>\n&#13;<br \/>\n&#13;<br \/>\n&#13;<br \/>\n&#13;<br \/>\n&#13;<br \/>\n&#13;<br \/>\n&#13;<br \/>\n&#13;<br \/>\n&#13;<br \/>\n&#13;<br \/>\n&#13;<br \/>\n&#13;<br \/>\n&#13;<br \/>\n&#13;<br \/>\n&#13;<br \/>\n&#13;<br \/>\n&#13;<br \/>\n&#13;<br \/>\n&#13;<br \/>\n&#13;\n<\/p>\n<p class=\"is-last-update\" datetime=\"2026-06-18T21:02:35+02:00\">19 giugno 2026<\/p>\n<p class=\"is-copyright\">\n            \u00a9 RIPRODUZIONE RISERVATA\n        <\/p>\n","protected":false},"excerpt":{"rendered":"Tim Cook: \u00abAbbiamo decisamente bisogno che i prezzi e l\u2019offerta di memorie tornino a livelli ragionevoli per i&hellip;\n","protected":false},"author":3,"featured_media":548992,"comment_status":"","ping_status":"","sticky":false,"template":"","format":"standard","meta":{"footnotes":"","_share_on_mastodon":"0"},"categories":[173],"tags":[772,302381,624,24015,37,302382,302383,14661,9002,49032,16684,95603,15369,1537,90,89,49905,1413,3792,3708,195,198,199,197,200,201,194,196],"class_list":["post-548991","post","type-post","status-publish","format-standard","has-post-thumbnail","category-scienza-e-tecnologia","tag-aggiunto","tag-aggiunto-cook","tag-apple","tag-aumenti","tag-bisogno","tag-bisogno-prezzi","tag-bisogno-prezzi-offerta","tag-chip","tag-consumo","tag-cook","tag-decisamente","tag-decisamente-bisogno","tag-iphone","tag-it","tag-italia","tag-italy","tag-memorie","tag-offerta","tag-prezzi","tag-prodotti","tag-science","tag-science-and-technology","tag-scienceandtechnology","tag-scienza","tag-scienza-e-tecnologia","tag-scienzaetecnologia","tag-technology","tag-tecnologia"],"share_on_mastodon":{"url":"https:\/\/pubeurope.com\/@it\/116786320206958294","error":""},"_links":{"self":[{"href":"https:\/\/www.europesays.com\/it\/wp-json\/wp\/v2\/posts\/548991","targetHints":{"allow":["GET"]}}],"collection":[{"href":"https:\/\/www.europesays.com\/it\/wp-json\/wp\/v2\/posts"}],"about":[{"href":"https:\/\/www.europesays.com\/it\/wp-json\/wp\/v2\/types\/post"}],"author":[{"embeddable":true,"href":"https:\/\/www.europesays.com\/it\/wp-json\/wp\/v2\/users\/3"}],"replies":[{"embeddable":true,"href":"https:\/\/www.europesays.com\/it\/wp-json\/wp\/v2\/comments?post=548991"}],"version-history":[{"count":0,"href":"https:\/\/www.europesays.com\/it\/wp-json\/wp\/v2\/posts\/548991\/revisions"}],"wp:featuredmedia":[{"embeddable":true,"href":"https:\/\/www.europesays.com\/it\/wp-json\/wp\/v2\/media\/548992"}],"wp:attachment":[{"href":"https:\/\/www.europesays.com\/it\/wp-json\/wp\/v2\/media?parent=548991"}],"wp:term":[{"taxonomy":"category","embeddable":true,"href":"https:\/\/www.europesays.com\/it\/wp-json\/wp\/v2\/categories?post=548991"},{"taxonomy":"post_tag","embeddable":true,"href":"https:\/\/www.europesays.com\/it\/wp-json\/wp\/v2\/tags?post=548991"}],"curies":[{"name":"wp","href":"https:\/\/api.w.org\/{rel}","templated":true}]}}