{"id":549122,"date":"2026-06-21T07:32:16","date_gmt":"2026-06-21T07:32:16","guid":{"rendered":"https:\/\/www.europesays.com\/it\/549122\/"},"modified":"2026-06-21T07:32:16","modified_gmt":"2026-06-21T07:32:16","slug":"lana-del-rey-compie-41-anni-perche-si-chiama-cosi-la-lotta-contro-la-dipendenza-da-alcol-chi-e-il-marito-7-segreti","status":"publish","type":"post","link":"https:\/\/www.europesays.com\/it\/549122\/","title":{"rendered":"Lana Del Rey compie 41 anni: perch\u00e9 si chiama cos\u00ec, la lotta contro la dipendenza da alcol, chi \u00e8 il marito, 7 segreti"},"content":{"rendered":"<p class=\"chapter-paragraph\">Elizabeth Woolridge Grant, in arte\u00a0Lana Del Rey, oggi festeggia il suo compleanno. Nata a New York il 21 giugno 1985 \u00e8 cresciuta a Lake Placid, figlia del\u00a0copywriter \u200bRobert England Grant Jr. e della\u00a0account executive Patricia Ann &#8220;Pat&#8221; Hill (entrambi impiegati alla Gray Global Group). Lana ha\u00a0una sorella minore, Caroline &#8220;Chuck&#8221;, e un fratello minore, Charlie. E queste non sono le uniche curiosit\u00e0 su di lei.<\/p>\n","protected":false},"excerpt":{"rendered":"Elizabeth Woolridge Grant, in arte\u00a0Lana Del Rey, oggi festeggia il suo compleanno. Nata a New York il 21&hellip;\n","protected":false},"author":3,"featured_media":549123,"comment_status":"","ping_status":"","sticky":false,"template":"","format":"standard","meta":{"footnotes":"","_share_on_mastodon":"0"},"categories":[1443],"tags":[8133,10041,1615,302521,302522,28014,50874,302523,302524,203,1148,25089,204,1537,90,89,105022,302520,27097,1538,1539,6707,126845,126846,11040,11041,302525,9583],"class_list":["post-549122","post","type-post","status-publish","format-standard","has-post-thumbnail","category-musica","tag-album","tag-alcol","tag-arte","tag-arte-lana","tag-arte-lana-rey","tag-cantautrice","tag-elizabeth","tag-elizabeth-woolridge","tag-elizabeth-woolridge-grant","tag-entertainment","tag-giugno","tag-grant","tag-intrattenimento","tag-it","tag-italia","tag-italy","tag-lana","tag-lana-rey","tag-minore","tag-music","tag-musica","tag-nata","tag-nata-new","tag-nata-new-york","tag-new","tag-new-york","tag-new-york-giugno","tag-rey"],"share_on_mastodon":{"url":"https:\/\/pubeurope.com\/@it\/116786937746156931","error":""},"_links":{"self":[{"href":"https:\/\/www.europesays.com\/it\/wp-json\/wp\/v2\/posts\/549122","targetHints":{"allow":["GET"]}}],"collection":[{"href":"https:\/\/www.europesays.com\/it\/wp-json\/wp\/v2\/posts"}],"about":[{"href":"https:\/\/www.europesays.com\/it\/wp-json\/wp\/v2\/types\/post"}],"author":[{"embeddable":true,"href":"https:\/\/www.europesays.com\/it\/wp-json\/wp\/v2\/users\/3"}],"replies":[{"embeddable":true,"href":"https:\/\/www.europesays.com\/it\/wp-json\/wp\/v2\/comments?post=549122"}],"version-history":[{"count":0,"href":"https:\/\/www.europesays.com\/it\/wp-json\/wp\/v2\/posts\/549122\/revisions"}],"wp:featuredmedia":[{"embeddable":true,"href":"https:\/\/www.europesays.com\/it\/wp-json\/wp\/v2\/media\/549123"}],"wp:attachment":[{"href":"https:\/\/www.europesays.com\/it\/wp-json\/wp\/v2\/media?parent=549122"}],"wp:term":[{"taxonomy":"category","embeddable":true,"href":"https:\/\/www.europesays.com\/it\/wp-json\/wp\/v2\/categories?post=549122"},{"taxonomy":"post_tag","embeddable":true,"href":"https:\/\/www.europesays.com\/it\/wp-json\/wp\/v2\/tags?post=549122"}],"curies":[{"name":"wp","href":"https:\/\/api.w.org\/{rel}","templated":true}]}}