{"id":549162,"date":"2026-06-21T08:04:15","date_gmt":"2026-06-21T08:04:15","guid":{"rendered":"https:\/\/www.europesays.com\/it\/549162\/"},"modified":"2026-06-21T08:04:15","modified_gmt":"2026-06-21T08:04:15","slug":"compatte-premium-usate-sotto-25-000-euro-le-migliori-del-2026","status":"publish","type":"post","link":"https:\/\/www.europesays.com\/it\/549162\/","title":{"rendered":"Compatte premium usate sotto 25.000 euro, le migliori del 2026"},"content":{"rendered":"<p>Le vetture premium hanno raggiunto prezzi elevati. Per risparmiare ma non compromettere la qualit\u00e0 e lo status di vetture moderne, ci sono ottimi usati a basso chilometraggio che permettono di portarsi a casa berline compatte premium a <strong>meno di 25.000 euro<\/strong>. Abbiamo selezionato sei<b> compatte premium <\/b>tra le migliori occasioni del <strong>mercato dell\u2019usato<\/strong> in questa fascia, scegliendo modelli recenti, con chilometraggio contenuto e motorizzazioni aggiornate per combattere la svalutazione e risparmiare.\n<\/p>\n<p>Volkswagen Golf<\/p>\n<p>La <strong>Golf<\/strong> \u00e8 la compatta di riferimento del mercato europeo da quasi cinquant\u2019anni, e non \u00e8 un caso che il mercato dell\u2019usato ne sia sempre saturo: significa che si trovano esemplari recenti, ben tenuti, con chilometraggi bassi e a prezzi competitivi. Cercando con un po\u2019 di pazienza, vetture del <strong>2025<\/strong> con meno di <strong>20.000 chilometri<\/strong> si trovano in una fascia tra i 23.000 e i 25.000 euro, nelle motorizzazioni d\u2019ingresso diesel o benzina, il 1.0 TSI da 110 CV e il 2.0 TDI da 116 CV sono i pi\u00f9 diffusi in questa configurazione. Entrambi sono motori collaudati, con costi di manutenzione prevedibili e una rete Volkswagen capillare su tutto il territorio nazionale.<\/p>\n<p>Ma perch\u00e9 scegliere una Golf usata invece di una compatta nuova di un marchio meno blasonato? La risposta \u00e8 nell\u2019esperienza complessiva. L\u2019ottava generazione della Golf porta in dote un abitacolo completamente digitalizzato, con il cockpit virtuale e il sistema di infotainment Discover Pro da dieci pollici, una qualit\u00e0 costruttiva che guida la categoria e una guidabilit\u00e0 affinata nel corso di decenni.<\/p>\n<p>Mercedes Classe A<\/p>\n<p>La <strong>Mercedes Classe A<\/strong> \u00e8 la porta d\u2019ingresso alla stella e per molti automobilisti rimane il sogno concreto. Con un budget sotto i 25.000 euro, il mercato dell\u2019usato offre vetture del<b> 2023 <\/b>con<b> 60.000 chilometri <\/b>o meno, disponibili sia nella variante diesel da 116 CV (la A 180 d) che nella versione mild hybrid benzina.<\/p>\n<p>La A 180 d \u00e8 la scelta ideale per chi percorre molti chilometri: il quattro cilindri diesel da 116 CV \u00e8 sobrio, copioso ai bassi regimi e vanta costi di percorrenza tra i pi\u00f9 contenuti della categoria. La mild hybrid A 180, invece, porta in dote un motore benzina da 136 CV assistito da un sistema a 48 volt che migliora la fluidit\u00e0 e riduce i consumi nel traffico urbano. Entrambe le versioni montano il cambio a doppia frizione DCT a sette rapporti, quasi sempre di serie in questa fascia di usato.<\/p>\n<p>BMW Serie 1<\/p>\n<p>La <strong>BMW Serie 1<\/strong> nella sua ultima generazione, quella con trazione anteriore e piattaforma UKL condivisa con MINI, ha diviso gli appassionati del marchio bavarese, ma rimane una delle compatte premium pi\u00f9 apprezzate dai meno fondamentalisti.<\/p>\n<p>Con un budget vicino ai 25.000 euro si trovano vetture del<b> 2024 <\/b>con meno di <b>30.000 chilometri<\/b>, nelle versioni 116 da 109 CV e 118 da 140 CV, entrambe con motorizzazione benzina e mild hybrid a 48 volt. La differenza tra le due non \u00e8 solo di potenza: la 118 \u00e8 anche pi\u00f9 rifinita nella risposta ai bassi regimi grazie al maggior supporto del sistema elettrico, e nei percorsi extraurbani si fa apprezzare per una fluidit\u00e0 che il tre cilindri della 116 fatica a replicare.<\/p>\n<p>L\u2019abitacolo \u00e8 il punto dove la BMW Serie 1 guadagna terreno su quasi tutte le rivali: il cockpit curvo con i due schermi da 10,25 pollici \u00e8 di grandissimo effetto, le plastiche sono ovunque di qualit\u00e0 superiore e la seduta posteriore offre un\u2019altezza da terra e un\u2019abitabilit\u00e0 migliori rispetto alla concorrenza diretta.<\/p>\n<p>Audi A3<\/p>\n<p>L\u2019<strong>Audi A3<\/strong> \u00e8, insieme alla Golf di cui condivide la piattaforma, l\u2019usato premium pi\u00f9 diffuso sul mercato italiano. E la disponibilit\u00e0 abbondante di esemplari recenti \u00e8, paradossalmente, uno dei suoi punti di forza: la concorrenza tra privati e dealer spinge i prezzi verso il basso, e a partire dai 23.000 euro si trovano vetture del <strong>2024<\/strong> con meno di<b> 60.000 chilometri<\/b> in motorizzazioni diverse, dal diesel d\u2019ingresso al benzina turbo, spesso in allestimenti gi\u00e0 ben equipaggiati.<\/p>\n<p>La versione 30 TDI da 116 CV \u00e8 la pi\u00f9 cercata da chi percorre molti chilometri su strada: il quattro cilindri diesel \u00e8 tra i pi\u00f9 raffinati della categoria, silenzioso, elastico e con consumi che in percorrenza autostradale scendono facilmente sotto i cinque litri per cento chilometri. Per chi preferisce il benzina, la 30 TFSI da 110 CV con cambio S tronic a sette rapporti \u00e8 una soluzione fluida e moderna, spesso disponibile con il Virtual Cockpit Audi gi\u00e0 di serie in allestimento Advanced.<\/p>\n<p>Cupra Leon<\/p>\n<p>Si abbandona la Germania ma non il Gruppo Volkswagen. La <strong>Cupra Leon<\/strong> \u00e8 la versione pi\u00f9 sportiva e caratterizzata della piattaforma MQB, quella condivisa con Golf e A3, e porta in dota un\u2019identit\u00e0 visiva e dinamica che le sorelle tedesche non hanno.<\/p>\n<p>In questa fascia di prezzo si trovano due configurazioni interessanti: la 1.5 e-Hybrid da 150 CV del 2024, con il sistema mild hybrid che migliora la fluidit\u00e0 nei passaggi di marcia, oppure il diesel con il <a href=\"https:\/\/www.virgilio.it\/motori\/auto\/cupra-formentor-leon-2024\/223576\/\" rel=\"nofollow noopener\" target=\"_blank\">restyling 2025<\/a>, entrambe con meno di 50.000 chilometri. La e-Hybrid \u00e8 la scelta pi\u00f9 coerente con il posizionamento sportivo del marchio: il motore risponde con prontezza e il cambio DSG \u00e8 ben mappato, ma la carrozzeria sportback rimodernata con il restyling \u00e8 tra le pi\u00f9 riuscite esteticamente del segmento.<\/p>\n<p>L\u2019abitacolo della Leon Cupra si distingue per i sedili avvolgenti con logo ricamato, la plancia orientata verso il guidatore e uno schermo da 12 pollici con grafica sportiva. Non \u00e8 un\u2019auto per chi cerca la massima praticit\u00e0, visto il bagagliaio che paga un po\u2019 il profilo ribassato, ma per chi vuole qualcosa di diverso dalla massa e non intende rinunciare alla qualit\u00e0 costruttiva del Gruppo VAG, la Cupra Leon usata sotto i 25.000 euro \u00e8 probabilmente la proposta pi\u00f9 interessante del Gruppo.<\/p>\n<p>Mazda 3<\/p>\n<p>L\u2019unica giapponese della selezione, e probabilmente quella che sorprende di pi\u00f9 chi la scopre per la prima volta. La <strong>Mazda 3<\/strong> non \u00e8 mai stata l\u2019auto pi\u00f9 venduta del segmento, e questo paradossalmente \u00e8 uno dei suoi vantaggi sul mercato dell\u2019usato: la disponibilit\u00e0 \u00e8 inferiore rispetto a Golf e A3, ma chi la sceglie lo fa con cognizione di causa, e gli esemplari che si trovano sono spesso tenuti con particolare cura. Modelli dal <b>2024 al 2025 <\/b>con motorizzazione da 122 a 140 CV mild hybrid si trovano in una fascia tra i 22.000 e i 25.000 euro. Il sistema mild hybrid Skyactiv-G garantisce consumi contenuti e una risposta motore sorprendentemente lineare, grazie anche alla cilindrata non contenuta.<\/p>\n<p>Ma il vero motivo per cui si sceglie una <a href=\"https:\/\/www.virgilio.it\/motori\/auto\/mazda3-aggiorna-novita\/332889\/\" rel=\"nofollow noopener\" target=\"_blank\">Mazda 3<\/a> \u00e8 l\u2019abitacolo. La qualit\u00e0 dei materiali \u00e8 superiore a qualsiasi rivale nella stessa fascia di prezzo: le superfici sono morbide, le plastiche ridotte all\u2019osso e la plancia ha un\u2019impostazione elegante che non insegue la tendenza degli schermi enormi.<\/p>\n","protected":false},"excerpt":{"rendered":"Le vetture premium hanno raggiunto prezzi elevati. Per risparmiare ma non compromettere la qualit\u00e0 e lo status di&hellip;\n","protected":false},"author":3,"featured_media":549163,"comment_status":"","ping_status":"","sticky":false,"template":"","format":"standard","meta":{"footnotes":"","_share_on_mastodon":"0"},"categories":[173],"tags":[2765,12630,1537,90,89,195,198,199,197,200,201,194,196],"class_list":["post-549162","post","type-post","status-publish","format-standard","has-post-thumbnail","category-scienza-e-tecnologia","tag-auto","tag-auto-usate","tag-it","tag-italia","tag-italy","tag-science","tag-science-and-technology","tag-scienceandtechnology","tag-scienza","tag-scienza-e-tecnologia","tag-scienzaetecnologia","tag-technology","tag-tecnologia"],"share_on_mastodon":{"url":"https:\/\/pubeurope.com\/@it\/116787063523328899","error":""},"_links":{"self":[{"href":"https:\/\/www.europesays.com\/it\/wp-json\/wp\/v2\/posts\/549162","targetHints":{"allow":["GET"]}}],"collection":[{"href":"https:\/\/www.europesays.com\/it\/wp-json\/wp\/v2\/posts"}],"about":[{"href":"https:\/\/www.europesays.com\/it\/wp-json\/wp\/v2\/types\/post"}],"author":[{"embeddable":true,"href":"https:\/\/www.europesays.com\/it\/wp-json\/wp\/v2\/users\/3"}],"replies":[{"embeddable":true,"href":"https:\/\/www.europesays.com\/it\/wp-json\/wp\/v2\/comments?post=549162"}],"version-history":[{"count":0,"href":"https:\/\/www.europesays.com\/it\/wp-json\/wp\/v2\/posts\/549162\/revisions"}],"wp:featuredmedia":[{"embeddable":true,"href":"https:\/\/www.europesays.com\/it\/wp-json\/wp\/v2\/media\/549163"}],"wp:attachment":[{"href":"https:\/\/www.europesays.com\/it\/wp-json\/wp\/v2\/media?parent=549162"}],"wp:term":[{"taxonomy":"category","embeddable":true,"href":"https:\/\/www.europesays.com\/it\/wp-json\/wp\/v2\/categories?post=549162"},{"taxonomy":"post_tag","embeddable":true,"href":"https:\/\/www.europesays.com\/it\/wp-json\/wp\/v2\/tags?post=549162"}],"curies":[{"name":"wp","href":"https:\/\/api.w.org\/{rel}","templated":true}]}}