{"id":549212,"date":"2026-06-21T08:49:11","date_gmt":"2026-06-21T08:49:11","guid":{"rendered":"https:\/\/www.europesays.com\/it\/549212\/"},"modified":"2026-06-21T08:49:11","modified_gmt":"2026-06-21T08:49:11","slug":"la-fantina-jessica-springsteeen-la-figlia-del-boss-a-bedizzole-per-la-finalissima-di-salto-ad-ostacoli","status":"publish","type":"post","link":"https:\/\/www.europesays.com\/it\/549212\/","title":{"rendered":"La fantina Jessica Springsteeen (la figlia del Boss) a Bedizzole per la finalissima di salto ad ostacoli"},"content":{"rendered":"<p>    di<br \/>\n    Luca Bertelli<\/p>\n<p class=\"summary-art is-line-h-12\">Il 21 giugno alla scuderia Borgo la Caccia potrebbe arrivare anche la rockstar che \u00e8 stata avvistata nei giorni scorsi sul Garda<\/p>\n<p class=\"chapter-paragraph\">L\u2019equitazione \u00e8 molto pi\u00f9 che uno sport: \u00e8 educazione e rispetto, per la propria disciplina e per i cavalli. Non Formula Uno, ma esseri viventi che per essere performanti devono creare un legame unico con cavalieri e cavallerizze. Le donne in Italia costituiscono la maggioranza assoluta delle praticanti e questo \u00e8 l\u2019unico sport realmente paritario all\u2019Olimpiade: la distinzione per sesso non esiste, si gareggia tutti insieme. <b>Brescia \u00e8 da molti anni tra le province trainanti in Italia<\/b>: maneggi e scuderie pullulano, specie in Franciacorta e sul Garda.<b> In questi giorni, la ribalta se la sono presa due donne diverse tra loro ma con il nostro territorio<\/b>, almeno ora, come denominatore comune. Una ha un (doppio) cognome che negli sport equestri italiani \u00e8 tradizione da oltre cent\u2019anni: Martinengo Marquet. L\u2019altra \u00e8 abituata da tempo a cavalcare con il peso di un cognome ingombrante, leggendario nella musica (Springsteen), sempre anteposto alle pur riconosciute qualit\u00e0 sportive  &#8211; \u00e8 stata anche modella &#8211; che le sono valse una medaglia d\u2019argento  all\u2019Olimpiade a Tokyo.<\/p>\n<p class=\"chapter-paragraph\"><b>\u00a0 Jessica, figlia del Boss, \u00e8 di passaggio a Bedizzole, dove oggi completer\u00e0 la tre giorni alla scuderia Borgo La Caccia con la finale del Grand Prix di salto a ostacoli <\/b>(c\u2019\u00e8 chi sussurra che p<b>otrebbe seguirla in tribuna  pap\u00e0 Bruce, avvistato sul Garda, pur restio a seguire la figlia dal vivo: <\/b>in Italia \u00e8 accaduto solo due volte a Roma). Una finale\u00a0 di valore internazionale dal montepremi di 57500 euro.    &#13;<br \/>\n&#13;<br \/>\n&#13;<br \/>\n&#13;<br \/>\n&#13;<br \/>\n&#13;<br \/>\n&#13;<br \/>\n&#13;<br \/>\n&#13;<br \/>\n&#13;<br \/>\n&#13;<br \/>\n&#13;<br \/>\n&#13;<br \/>\n&#13;<br \/>\n&#13;<br \/>\n&#13;<br \/>\n&#13;<br \/>\n&#13;<br \/>\n&#13;<br \/>\n&#13;<br \/>\n&#13;<br \/>\n&#13;<br \/>\n&#13;<br \/>\n&#13;<br \/>\n&#13;<br \/>\n&#13;<br \/>\n&#13;<br \/>\n&#13;<br \/>\n&#13;<br \/>\n&#13;<br \/>\n&#13;<br \/>\n&#13;<br \/>\n&#13;<br \/>\n&#13;<br \/>\n&#13;<br \/>\n&#13;<br \/>\n&#13;<br \/>\n&#13;<br \/>\n&#13;<br \/>\n&#13;<br \/>\n&#13;<br \/>\n&#13;<br \/>\n&#13;<br \/>\n&#13;<br \/>\n&#13;<br \/>\n&#13;<br \/>\n&#13;<br \/>\n&#13;<br \/>\n&#13;<br \/>\n&#13;<br \/>\n&#13;<br \/>\n&#13;<br \/>\n&#13;\n<\/p>\n<p class=\"chapter-paragraph\">\u00a0<b>Giulia <\/b>ha scelto di vivere nel bresciano e costruire qui il suo progetto di vita. Friulana di Palmanova, classe 1979, aviere capo dell\u2019Areonautica Militare, unica amazzone italiana con tre titoli tricolori, ha ereditato la passione di famiglia costruendone una nuova, insieme al bresciano doc Stefano Cesaretto, cresciuto alla scuola di Graziano Mancinelli, oro olimpico nel 1976, scomparso a 55 anni  nel 1992 a Concesio. <b>Stefano, da quest\u2019anno, \u00e8 commissario tecnico della nazionale di salto a ostacoli<\/b> (quindi anche di sua moglie), specialit\u00e0 nella quale l\u2019ingresso ai Giochi \u00e8 diventato tab\u00f9. Insieme a Giulia (loro figlia, Bianca, ha 13 anni) hanno fondato a Burago di Muscoline la scuderia SGH Tables. In questi giorni, per\u00f2, sono le gare con la nazionale a prendersi la scena: se la squadra ha chiuso quarta nella Coppa delle Nazioni a Rotterdam,<b> Martinengo Marquet nell\u2019individuale si \u00e8 imposta con il suo Calle Deluxe sbaragliando una concorrenza foltissima. <\/b>Il sogno si chiama Los Angeles 2028. Sarebbe la prima volta. Per  tutti e due.\u00a0<\/p>\n<p class=\"is-mr-t-20 is-mr-b-20\"><b><br \/>\n                    <a href=\"https:\/\/brescia.corriere.it\/?intcmp=Notizielocali_nd_010623_corriere_ss_brescia\" target=\"_blank\" rel=\"nofollow noopener\">Vai a tutte le notizie di Brescia<\/a><br \/>\n            <\/b><\/p>\n<p class=\"chapter-paragraph\"><b><a href=\"https:\/\/www.corriere.it\/newsletter\/?theme=62&amp;intcmp=NL-artic_nd_050624_corriere_ss_brescia\" target=\"_blank\" rel=\"nofollow noopener\">Iscriviti alla newsletter di Corriere Brescia<\/a><\/b><\/p>\n<p class=\"is-last-update\" datetime=\"2026-06-21T09:10:36+02:00\">21 giugno 2026<\/p>\n<p class=\"is-copyright\">\n            \u00a9 RIPRODUZIONE RISERVATA\n        <\/p>\n","protected":false},"excerpt":{"rendered":"di Luca Bertelli Il 21 giugno alla scuderia Borgo la Caccia potrebbe arrivare anche la rockstar che \u00e8&hellip;\n","protected":false},"author":3,"featured_media":549213,"comment_status":"","ping_status":"","sticky":false,"template":"","format":"standard","meta":{"footnotes":"","_share_on_mastodon":"0"},"categories":[1451],"tags":[302589,7679,302590,13357,67500,6478,1621,1620,11032,2429,203,3384,302591,1426,16195,2618,204,1537,90,89,19838,221100,228051,302592,28947,10239,4804,10016,302588,9270,302593,302594,245,6845],"class_list":["post-549212","post","type-post","status-publish","format-standard","has-post-thumbnail","category-celebrita","tag-bedizzole","tag-borgo","tag-borgo-caccia","tag-boss","tag-bresciano","tag-caccia","tag-celebrita","tag-celebrities","tag-cognome","tag-donne","tag-entertainment","tag-figlia","tag-figlia-boss","tag-finale","tag-garda","tag-giulia","tag-intrattenimento","tag-it","tag-italia","tag-italy","tag-jessica","tag-marquet","tag-martinengo","tag-martinengo-marquet","tag-olimpiade","tag-ostacoli","tag-pur","tag-salto","tag-salto-ostacoli","tag-scuderia","tag-scuderia-borgo","tag-scuderia-borgo-caccia","tag-sport","tag-stefano"],"share_on_mastodon":{"url":"https:\/\/pubeurope.com\/@it\/116787240409979050","error":""},"_links":{"self":[{"href":"https:\/\/www.europesays.com\/it\/wp-json\/wp\/v2\/posts\/549212","targetHints":{"allow":["GET"]}}],"collection":[{"href":"https:\/\/www.europesays.com\/it\/wp-json\/wp\/v2\/posts"}],"about":[{"href":"https:\/\/www.europesays.com\/it\/wp-json\/wp\/v2\/types\/post"}],"author":[{"embeddable":true,"href":"https:\/\/www.europesays.com\/it\/wp-json\/wp\/v2\/users\/3"}],"replies":[{"embeddable":true,"href":"https:\/\/www.europesays.com\/it\/wp-json\/wp\/v2\/comments?post=549212"}],"version-history":[{"count":0,"href":"https:\/\/www.europesays.com\/it\/wp-json\/wp\/v2\/posts\/549212\/revisions"}],"wp:featuredmedia":[{"embeddable":true,"href":"https:\/\/www.europesays.com\/it\/wp-json\/wp\/v2\/media\/549213"}],"wp:attachment":[{"href":"https:\/\/www.europesays.com\/it\/wp-json\/wp\/v2\/media?parent=549212"}],"wp:term":[{"taxonomy":"category","embeddable":true,"href":"https:\/\/www.europesays.com\/it\/wp-json\/wp\/v2\/categories?post=549212"},{"taxonomy":"post_tag","embeddable":true,"href":"https:\/\/www.europesays.com\/it\/wp-json\/wp\/v2\/tags?post=549212"}],"curies":[{"name":"wp","href":"https:\/\/api.w.org\/{rel}","templated":true}]}}