{"id":549514,"date":"2026-06-21T13:56:16","date_gmt":"2026-06-21T13:56:16","guid":{"rendered":"https:\/\/www.europesays.com\/it\/549514\/"},"modified":"2026-06-21T13:56:16","modified_gmt":"2026-06-21T13:56:16","slug":"tassa-ue-per-i-piccoli-pacchi-in-arrivo-dal-1-luglio-in-italia-il-prelievo-sara-doppio-ecco-perche","status":"publish","type":"post","link":"https:\/\/www.europesays.com\/it\/549514\/","title":{"rendered":"Tassa Ue per i piccoli pacchi in arrivo dal 1\u00b0 luglio, in Italia il prelievo sar\u00e0 doppio: ecco perch\u00e9"},"content":{"rendered":"<p>    di<br \/>\n    Redazione Economia<\/p>\n<p class=\"summary-art is-line-h-12 is-mr-t-20\">La misura riguarda articoli contenuti in pacchi dal valore inferiore a 150 euro del commercio elettronico che provengono da Paesi extra Ue<\/p>\n<p class=\"chapter-paragraph\">Dal 1 luglio, salvo modifiche dell&#8217;ultima ora, scatter\u00e0 la tassa sui piccoli pacchi di valore sotto i 150 euro provenienti da paesi extra Ue. In Italia il prelievo sar\u00e0 doppio, perch\u00e9 nello stesso giorno entreranno in vigore <b>sia il prelievo previsto dalla Ue di 3 euro a pacco sia quello stabilita dal governo<\/b> con l&#8217;ultima legge bilancio da 2 euro. Tra 10 giorni, dunque, per le consegne a domicilio o nei locker di merce che arriva da fuori l&#8217;Europa la tariffa in Italia diventer\u00e0 di 5 euro.\u00a0<\/p>\n<p>    Le imprese chiedono il rinvio<\/p>\n<p class=\"chapter-paragraph\">Da settimane si moltiplicano le voci nel mondo imprenditoriale che chiedono all&#8217;esecutivo di ripensare il provvedimento, temendo una stangata per la filiera del trasporto, che gi\u00e0 lamenta una riduzione dei profitti con il tentativo di aggirare la norma. Ad inizio marzo il Mef aveva disposto il rinvio fino al 30 giugno 2026 dell&#8217;applicazione del contributo parlando della necessit\u00e0 di un adeguamento del sistema informativo dell&#8217;Agenzia delle dogane e dei monopoli. L&#8217;handling fee da 2 euro, incalza Confetra, la Confederazione generale italiana dei trasporti, \u00abprovocher\u00e0 il crollo di almeno il 50% dei traffici merci e far\u00e0 perdere 25 milioni di euro allo Stato\u00bb.\u00a0    &#13;<br \/>\n&#13;<br \/>\n&#13;<br \/>\n&#13;<br \/>\n&#13;<br \/>\n&#13;<br \/>\n&#13;<br \/>\n&#13;<br \/>\n&#13;<br \/>\n&#13;<br \/>\n&#13;<br \/>\n&#13;<br \/>\n&#13;<br \/>\n&#13;<br \/>\n&#13;<br \/>\n&#13;<br \/>\n&#13;<br \/>\n&#13;<br \/>\n&#13;<br \/>\n&#13;<br \/>\n&#13;<br \/>\n&#13;<br \/>\n&#13;<br \/>\n&#13;<br \/>\n&#13;<br \/>\n&#13;<br \/>\n&#13;<br \/>\n&#13;<br \/>\n&#13;<br \/>\n&#13;<br \/>\n&#13;<br \/>\n&#13;<br \/>\n&#13;<br \/>\n&#13;<br \/>\n&#13;<br \/>\n&#13;<br \/>\n&#13;<br \/>\n&#13;<br \/>\n&#13;<br \/>\n&#13;<br \/>\n&#13;<br \/>\n&#13;<br \/>\n&#13;<br \/>\n&#13;<br \/>\n&#13;<br \/>\n&#13;<br \/>\n&#13;<br \/>\n&#13;<br \/>\n&#13;<br \/>\n&#13;<br \/>\n&#13;<br \/>\n&#13;<br \/>\n&#13;\n<\/p>\n<p>    La richiesta<\/p>\n<p class=\"chapter-paragraph\">La richiesta al Governo \u00e8 di \u00abcancellare subito questa tassa per salvaguardare il comparto logistico nazionale\u00bb, ha scritto l&#8217;associazione in una lettera indirizzata nei giorni scorsi al Ministro dell&#8217;Economia Giancarlo Giorgetti. Mentre Aice Confcommercio sostiene che \u00ab\u00e8 necessario che l&#8217;entrata in vigore del contributo nazionale a copertura delle spese collegate alle importazioni di piccole spedizioni, sia ulteriormente prorogata o cancellata in via definitiva, al fine di evitare un effetto daziario \u00ab3+2\u00bb.\u00a0<\/p>\n<p>    La questione Cina<\/p>\n<p class=\"chapter-paragraph\">L\u2019Ue ha applicato la sua norma sui piccoli pacchi, che arrivano per la grande maggioranza dalla Cina, poich\u00e9 le merci contenute possono rappresentare rischi per la salute o violazioni della propriet\u00e0 intellettuale rispetto alle norme comunitarie. L&#8217;Italia ha proposto un ragionamento analogo. Dopo aver cercato di realizzare una stretta per contenere il fast fashion, soprattutto di provenienza cinese, l&#8217;esecutivo ha varato la norma con finalit\u00e0 di supporto alle spese doganali. <b>Nel 2025 su 396 milioni di articoli ordinati dagli italiani con provenienza extra Ue il 98% proveniva dalla Cina.<\/b> Il 25% di queste spedizioni contiene capi di abbigliamento. Ora l&#8217;esecutivo ha poco pi\u00f9 di una settimana per trovare una possibile copertura che consenta di rinviare nuovamente il prelievo nazionale da 2 euro o se invece lasciare che il provvedimento entri in vigore per poi monitorare gli effetti dell&#8217;applicazione<\/p>\n<p>    Le tasse<\/p>\n<p class=\"chapter-paragraph\">La Commissione europea, nelle linee guida pubblicate lo scorso 2 giugno, ha spiegato che il dazio di 3 euro dovr\u00e0 essere pagato sempre, a prescindere dal sistema di riscossione dell\u2019Iva che viene utilizzato, a cui la tassa \u00e8 soggetta dal momento che viene considerato un vero e proprio diritto doganale. Questo significa, ad esempio, che su un prodotto dal valore di 100 euro, si applica innanzitutto <b>il dazio a 3 euro e l\u2019Iva viene applicata sul valore totale finale di 103 euro<\/b>.\u00a0<\/p>\n<p><a class=\"chiedi-esperto-box\" href=\"https:\/\/www.corriere.it\/economia\/chiedi-esperto\/fai-una-domanda\/\" rel=\"nofollow noopener\" target=\"_blank\"><img decoding=\"async\" src=\"https:\/\/www.europesays.com\/it\/wp-content\/uploads\/2026\/02\/box_esperto_dsk.png\" alt=\"Chiedi agli esperti\"\/><\/a><\/p>\n<p class=\"is-last-update\" datetime=\"2026-06-21T11:04:11+02:00\">21 giugno 2026 ( modifica il 21 giugno 2026 | 11:04)<\/p>\n<p class=\"is-copyright\">\n            \u00a9 RIPRODUZIONE RISERVATA\n        <\/p>\n","protected":false},"excerpt":{"rendered":"di Redazione Economia La misura riguarda articoli contenuti in pacchi dal valore inferiore a 150 euro del commercio&hellip;\n","protected":false},"author":3,"featured_media":549515,"comment_status":"","ping_status":"","sticky":false,"template":"","format":"standard","meta":{"footnotes":"","_share_on_mastodon":"0"},"categories":[172],"tags":[178,17261,8114,177,2877,356,7323,4185,3872,302749,1906,2497,724,14197,19777,1148,1537,90,302750,302751,89,29145,302752,426,6555,6878,5710,302753,4719,150603,31402,7370,997,3806,2529,5955],"class_list":["post-549514","post","type-post","status-publish","format-standard","has-post-thumbnail","category-affari","tag-affari","tag-applicazione","tag-articoli","tag-business","tag-chiedono","tag-cina","tag-contributo","tag-copertura","tag-dazio","tag-dazio-euro","tag-doppio","tag-esecutivo","tag-euro","tag-extra","tag-extra-ue","tag-giugno","tag-it","tag-italia","tag-italia-prelievo","tag-italia-prelievo-doppio","tag-italy","tag-iva","tag-iva-viene","tag-luglio","tag-merci","tag-norma","tag-pacchi","tag-pacchi-valore","tag-piccoli","tag-piccoli-pacchi","tag-prelievo","tag-tassa","tag-ue","tag-valore","tag-viene","tag-vigore"],"share_on_mastodon":{"url":"https:\/\/pubeurope.com\/@it\/116788447709738279","error":""},"_links":{"self":[{"href":"https:\/\/www.europesays.com\/it\/wp-json\/wp\/v2\/posts\/549514","targetHints":{"allow":["GET"]}}],"collection":[{"href":"https:\/\/www.europesays.com\/it\/wp-json\/wp\/v2\/posts"}],"about":[{"href":"https:\/\/www.europesays.com\/it\/wp-json\/wp\/v2\/types\/post"}],"author":[{"embeddable":true,"href":"https:\/\/www.europesays.com\/it\/wp-json\/wp\/v2\/users\/3"}],"replies":[{"embeddable":true,"href":"https:\/\/www.europesays.com\/it\/wp-json\/wp\/v2\/comments?post=549514"}],"version-history":[{"count":0,"href":"https:\/\/www.europesays.com\/it\/wp-json\/wp\/v2\/posts\/549514\/revisions"}],"wp:featuredmedia":[{"embeddable":true,"href":"https:\/\/www.europesays.com\/it\/wp-json\/wp\/v2\/media\/549515"}],"wp:attachment":[{"href":"https:\/\/www.europesays.com\/it\/wp-json\/wp\/v2\/media?parent=549514"}],"wp:term":[{"taxonomy":"category","embeddable":true,"href":"https:\/\/www.europesays.com\/it\/wp-json\/wp\/v2\/categories?post=549514"},{"taxonomy":"post_tag","embeddable":true,"href":"https:\/\/www.europesays.com\/it\/wp-json\/wp\/v2\/tags?post=549514"}],"curies":[{"name":"wp","href":"https:\/\/api.w.org\/{rel}","templated":true}]}}