{"id":549523,"date":"2026-06-21T14:07:17","date_gmt":"2026-06-21T14:07:17","guid":{"rendered":"https:\/\/www.europesays.com\/it\/549523\/"},"modified":"2026-06-21T14:07:17","modified_gmt":"2026-06-21T14:07:17","slug":"sabalenka-altro-bagel-al-wta-di-berlino-e-record-negativo","status":"publish","type":"post","link":"https:\/\/www.europesays.com\/it\/549523\/","title":{"rendered":"Sabalenka, altro bagel al Wta di Berlino: \u00e8 record negativo"},"content":{"rendered":"<p>                                La numero uno della classifica Wta prende un altro 6-0 dopo quello subito al Roland Garros e diserta la conferenza stampa. Ora \u00e8 emergenza in vista di Wimbledon<\/p>\n<p>            <a class=\"image is-50x50\" href=\"https:\/\/www.gazzetta.it\/collaboratori\/lorenzo-topello\/\" rel=\"nofollow noopener\" target=\"_blank\"><br \/>\n                <img decoding=\"async\" class=\"is-rounded\" src=\"https:\/\/www.europesays.com\/it\/wp-content\/uploads\/2025\/10\/1761672371_630_omino.png\" alt=\"Lorenzo Topello\"\/><br \/>\n            <\/a><\/p>\n<p>Collaboratore<\/p>\n<p>                    21 giugno &#8211; 15:13  &#8211; MILANO<\/p>\n<p class=\"paragraph\" spellcheck=\"true\">A un certo punto il mazzo propone la carta del cambio colore e giocarla pu\u00f2 risultare utile. Deve averlo pensato anche Aryna Sabalenka, passata dal rosso amaro del Roland Garros al verde dei prati del Nord, quello che condurr\u00e0 tutti verso Wimbledon. Serviva un cambio di marcia e ne \u00e8 scaturito un effetto storico. Ma in negativo: la bielorussa, sui prati di Berlino, \u00e8 diventata la prima numero 1 da quando esiste il ranking femminile a perdere il terzo set 6-0 in due tornei consecutivi.<\/p>\n<p>        record negativo\u2014 \u00a0<\/p>\n<p class=\"paragraph\" spellcheck=\"true\">Il rapporto di Sabalenka col gioco su erba non \u00e8 proprio sinonimo di feeling, se \u00e8 vero che la Tigre sul verde non ha mai vinto un titolo, finendo sconfitta due volte in altrettante finali disputate. Per\u00f2 era difficile aspettarsi un altro bagel dopo quello incassato al Roland Garros da Shnaider. E invece in Germania \u00e8 andato in scena un vero e proprio remake: Sabalenka ha fatto check-out a Berlino in semifinale perdendo 6-0 contro Pegula il parziale decisivo. Quello in cui ci si aspettava di vederle tirar fuori gli artigli, e invece a ruggire \u00e8 stata la statunitense. La conseguenza per Sabalenka \u00e8 l&#8217;amaro primato negativo per una numero 1 Wta, visti i due bagel consecutivi fra Parigi e Berlino che nel circuito femminile, ai danni della pi\u00f9 quotata in classifica, non si erano mai visti in oltre cinquant&#8217;anni di ranking.<\/p>\n<p>        niente conferenza\u2014 \u00a0<\/p>\n<p class=\"paragraph\" spellcheck=\"true\">La crisi di Aryna non nasce ovviamente sui prati tedeschi, e forse proprio per questo la numero 1 non ha voluto presenziare alla conferenza stampa dopo la sconfitta contro Pegula: necessit\u00e0 di riflettere e di riconsiderare il proprio momento di forma verso un appuntamento con Wimbledon che a questo punto diventa ancor pi\u00f9 delicato. Sabalenka per\u00f2 aveva confessato le sue difficolt\u00e0 gi\u00e0 ai quarti di finale, dopo la miracolosa rimonta contro Bartunkova che si era trovata avanti di un set e sul 4-0 nel secondo con la Tigre: &#8220;A un certo punto sentivo che fosse proprio la sua giornata. Non avevo idea di cosa fare&#8221;. La prova di forza fra secondo e terzo parziale pareva aver scacciato le nubi, ma in semifinale riecco il temporale estivo.<\/p>\n<p>        psicologo\u2014 \u00a0<\/p>\n<p class=\"paragraph\" spellcheck=\"true\">Facendo un altro passo indietro, a inizio settimana, Sabalenka aveva aperto la propria campagna su erba con queste dichiarazioni in conferenza stampa, riferite al ko scioccante del Roland Garros: &#8220;Quella contro Shnaider \u00e8 stata una sconfitta molto dura da metabolizzare, perch\u00e9 avevo capito di aver perso una grossa occasione. Ho pensato tanto a quella partita e ho avuto bisogno di tempo per riprendermi. Cos\u00ec dopo Parigi sono andata da uno psicologo: avevo bisogno di aiuto per non restare prigioniera di quel match: mi ha aiutata molto&#8221;. Ora servono nuove certezze, alle porte di Wimbledon.<\/p>\n<p class=\"is-copyright\">\u00a9 RIPRODUZIONE RISERVATA<\/p>\n","protected":false},"excerpt":{"rendered":"La numero uno della classifica Wta prende un altro 6-0 dopo quello subito al Roland Garros e diserta&hellip;\n","protected":false},"author":3,"featured_media":549524,"comment_status":"","ping_status":"","sticky":false,"template":"","format":"standard","meta":{"footnotes":"","_share_on_mastodon":"0"},"categories":[1457],"tags":[3647,61988,259589,302754,302755,6475,37,6099,12721,302756,1932,877,932,56301,1944,3650,1537,90,89,47832,1312,1289,68118,494,32851,14175,48563,12044,245,244,408,1273,1274],"class_list":["post-549523","post","type-post","status-publish","format-standard","has-post-thumbnail","category-tennis","tag-amaro","tag-aryna","tag-bagel","tag-bagel-consecutivi","tag-bagel-consecutivi-parigi","tag-berlino","tag-bisogno","tag-cambio","tag-circuito","tag-circuito-femminile","tag-classifica","tag-conferenza","tag-conferenza-stampa","tag-consecutivi","tag-femminile","tag-garros","tag-it","tag-italia","tag-italy","tag-negativo","tag-numero","tag-parigi","tag-prati","tag-punto","tag-roland","tag-roland-garros","tag-sabalenka","tag-sconfitta","tag-sport","tag-sports","tag-stampa","tag-tennis","tag-wimbledon"],"share_on_mastodon":{"url":"https:\/\/pubeurope.com\/@it\/116788491539323016","error":""},"_links":{"self":[{"href":"https:\/\/www.europesays.com\/it\/wp-json\/wp\/v2\/posts\/549523","targetHints":{"allow":["GET"]}}],"collection":[{"href":"https:\/\/www.europesays.com\/it\/wp-json\/wp\/v2\/posts"}],"about":[{"href":"https:\/\/www.europesays.com\/it\/wp-json\/wp\/v2\/types\/post"}],"author":[{"embeddable":true,"href":"https:\/\/www.europesays.com\/it\/wp-json\/wp\/v2\/users\/3"}],"replies":[{"embeddable":true,"href":"https:\/\/www.europesays.com\/it\/wp-json\/wp\/v2\/comments?post=549523"}],"version-history":[{"count":0,"href":"https:\/\/www.europesays.com\/it\/wp-json\/wp\/v2\/posts\/549523\/revisions"}],"wp:featuredmedia":[{"embeddable":true,"href":"https:\/\/www.europesays.com\/it\/wp-json\/wp\/v2\/media\/549524"}],"wp:attachment":[{"href":"https:\/\/www.europesays.com\/it\/wp-json\/wp\/v2\/media?parent=549523"}],"wp:term":[{"taxonomy":"category","embeddable":true,"href":"https:\/\/www.europesays.com\/it\/wp-json\/wp\/v2\/categories?post=549523"},{"taxonomy":"post_tag","embeddable":true,"href":"https:\/\/www.europesays.com\/it\/wp-json\/wp\/v2\/tags?post=549523"}],"curies":[{"name":"wp","href":"https:\/\/api.w.org\/{rel}","templated":true}]}}