{"id":549548,"date":"2026-06-21T14:26:15","date_gmt":"2026-06-21T14:26:15","guid":{"rendered":"https:\/\/www.europesays.com\/it\/549548\/"},"modified":"2026-06-21T14:26:15","modified_gmt":"2026-06-21T14:26:15","slug":"motogp-brno-marc-marquez-vince-davanti-a-ogura-e-bagnaia-di-giannantonio-4","status":"publish","type":"post","link":"https:\/\/www.europesays.com\/it\/549548\/","title":{"rendered":"MotoGP Brno, Marc Marquez vince davanti a Ogura e Bagnaia, Di Giannantonio 4\u00b0"},"content":{"rendered":"<p>                                        Il campione del mondo si porta davanti a 5 giri dalla fine e resiste al ritorno del giapponese dell&#8217;Aprilia. Sul podio Pecco, a lungo in testa al GP. Di Giannantonio 4\u00b0, Marini 8\u00b0, Martin 9\u00b0 e Bastianini 10\u00b0<\/p>\n<p class=\"paragraph\" spellcheck=\"true\">La MotoGP \u00e8 quello sport in cui si corrono 22 gare in giro per il mondo, con 5 costruttori in pista, 12 team e alla fine vince Marc Marquez. E stavolta \u00e8 un trionfo: la parola \u201cvittoria\u201d rischia di non descrivere esattamente quel che \u00e8 successo. Non tanto e non solo per come Marc se l\u2019\u00e8 costruito, ma perch\u00e9 la sensazione sua e di tutti \u00e8 che le tre ore di oggi al Brno siano destinate a restare molto ben evidenziate nella storia del Mondiale 2026. Per capirci: tre settimane fa, al Mugello, era a 102 punti di distanza dalla vetta e da Marco Bezzecchi, oggi nel suo box, malinconicamente fermo a guardare gli altri, sospeso dai Giudici di Gara per lo sconcertante episodio di sabato.  Ora Marc \u00e8 a -40, con una serie di fortunatissimi \u2013 per lui \u2013 eventi, certamente, ma anche con due vittorie di fila, la 100 e la 101 della sua carriera, che raccontano di una condizione ritrovata, di una ferocia mai sopita e ora nelle condizioni di scatenarsi come l\u2019anno scorso, come negli anni belli della Honda.\u00a0<\/p>\n<p>    i campioni mentono\u2014 \u00a0<\/p>\n<p class=\"paragraph is-inline\" spellcheck=\"true\">Alla faccia di tutte le sue dichiarazioni di queste settimane. \u201cQuesto non \u00e8 il mio circuito, mi va bene un posto tra i primi 5\u2026\u201d. Mirabilmente commentate da Pedro Acosta: \u201cI campioni mentono sempre\u201d.  \u201c\u00c8 una vittoria estremamente importante \u2013 ha detto lui \u2013 perch\u00e9 ottenuta su un circuito con tante curve a destra. Lo sapete, io non mollo mai\u201d. Lo sappiamo perfettamente. Bene. \u201cSono arrivato alla fine vuoto: gli ultimi 5-6 giri sono stati i pi\u00f9 duri dell\u2019anno\u201d.  Pronti via e, alla buon\u2019ora, alla 31\u00aa puntata della serie, abbiamo visto quello che pensavamo di vedere, costantemente, fin dalla prima gara del 2025, ovvero una lunga questione privata tra le due Ducati ufficiali. Un duello solo loro davanti a tutti. Perch\u00e9 Ai Ogura dalla pole era partito in testa, ma poi Bagnaia prima e Marquez poi se lo sono bevuto. Lunga fuga di Pecco, con super tempi, nel tentativo di replicare la gran Sprint di sabato. Fino al giro 16, alla stoccata di Marc. E arrivederci a tutti. Con l\u2019ottimo Ogura risalito fino a ri-superare Bagnaia per andarsi a prendere il secondo posto, suo miglior risultato in MotoGP. Bagnaia terzo, allora, quarto podio di fila, con il terzo posto periodico. In ogni caso: la condizione \u00e8 ritrovata. \u201cPercepivo che il passo non fosse sufficiente \u2013 ha spiegato \u2013 mi mancavano 2-3 decimi rispetto ai primi due\u201d.\u00a0<\/p>\n<p><a class=\"is-partner-link\" href=\"https:\/\/ad.doubleclick.net\/ddm\/trackclk\/N1792338.340088CAIRORCSMEDIAS.P.\/B35025367.439955329;dc_trk_aid=633638278;dc_trk_cid=249314339;dc_dbm_token=%24%7bDC_DBM_TOKEN%7d;dc_lat=;dc_rdid=;tag_for_child_directed_treatment=;tfua=;gdpr=%24%7bGDPR%7d;gdpr_consent=%24%7bGDPR_CONSENT_755%7d;ltd=;dc_tdv=1\" rel=\"nofollow noopener\" target=\"_blank\">Non perderti tutti i Gran Premi di Formula 1\u00ae e MotoGP\u2122 in esclusiva streaming su NOW! Attiva il Pass Sport da 19,99\u20ac al mese.<\/a><\/p>\n<p>    diggia quarto\u2014 \u00a0<\/p>\n<p class=\"paragraph is-inline\" spellcheck=\"true\">Quarto posto per Fabio Di Giannantonio, con una gara difficile da spiegare. Deficitaria nel primo giro, quando ha visto sfrecciare da dietro non solo Marquez, ma anche il sorprendente Diogo Moreira. E poi Pedro Acosta, cos\u00ec da ritrovarsi sesto. Il brasiliano, tuttavia, ha fatto un po\u2019 il gambero, Acosta ha avuto problemi che lo avrebbero poi condotto a ritirarsi all\u2019ultimo giro. Ultimo che \u00e8 stato il miglior giro di giornata, in assoluto, firmato proprio dal Diggia. In questo senso, anche, \u00e8 stato indecifrabile.  E poi c\u2019\u00e8 Jorge Martin. Partito decimo. Si \u00e8 prodotto in una risalita, passando Fernandez e Mir. Per ritrovarsi settimo. Quando ha dovuto allungarsi la strada con i due long lap penalty comminatigli due settimane fa in Ungheria, per l\u2019incidente che aveva causato al via. Dopo i giri lunghi si \u00e8 ritrovato 13\u00b0. E da l\u00ec, al\u00e8, gi\u00f9 in rincorsa. Ha preso Bastianini, ha acchiappato Morbidelli. E poi su, su: fino al 9\u00b0 posto, per 7 bei punti, netti, guadagnati su Bezzecchi. Cos\u00ec che adesso si trova solo a -8 dalla vetta della graduatoria.<\/p>\n<p class=\"is-copyright\">\u00a9 RIPRODUZIONE RISERVATA<\/p>\n","protected":false},"excerpt":{"rendered":"Il campione del mondo si porta davanti a 5 giri dalla fine e resiste al ritorno del giapponese&hellip;\n","protected":false},"author":3,"featured_media":549549,"comment_status":"","ping_status":"","sticky":false,"template":"","format":"standard","meta":{"footnotes":"","_share_on_mastodon":"0"},"categories":[6],"tags":[3656,3654,3659,3655,1833,2037,302757,12721,2490,302758,14,6235,302759,15554,5631,1112,270173,1820,629,231761,231769,15502,6236,231771,302760,3369,1148,3336,8,1537,90,89,1258,3657,2835,3442,3443,151058,2197,1785,302761,302762,7,15,82,9,83,10,15529,29,3660,4695,1836,3351,3673,8910,13,11,80,84,12,81,85],"class_list":["post-549548","post","type-post","status-publish","format-standard","has-post-thumbnail","category-ultime-notizie","tag-acosta","tag-bagnaia","tag-bastianini","tag-bezzecchi","tag-brno","tag-campioni","tag-campioni-mentono","tag-circuito","tag-condizione","tag-condizione-ritrovata","tag-cronaca","tag-differita","tag-differita-motogp","tag-diggia","tag-diretta","tag-domenica","tag-domenica-giugno","tag-fila","tag-gara","tag-gara-giri","tag-gara-giri-differita","tag-giannantonio","tag-giri","tag-giri-differita","tag-giri-differita-motogp","tag-giro","tag-giugno","tag-gran","tag-headlines","tag-it","tag-italia","tag-italy","tag-lunga","tag-marc","tag-marc-marquez","tag-marquez","tag-martin","tag-mentono","tag-miglior","tag-motogp","tag-motogp-gara","tag-motogp-gara-giri","tag-news","tag-notizie","tag-notizie-di-cronaca","tag-notizie-principali","tag-notiziedicronaca","tag-notizieprincipali","tag-ogura","tag-partito","tag-pecco","tag-pedro","tag-pedro-acosta","tag-podio","tag-quarto","tag-settimane","tag-titoli","tag-ultime-notizie","tag-ultime-notizie-di-cronaca","tag-ultime-notizie-e-news-di-oggi","tag-ultimenotizie","tag-ultimenotiziedicronaca","tag-ultimenotizieenewsdioggi"],"share_on_mastodon":{"url":"","error":"Validation failed: Text character limit of 500 exceeded"},"_links":{"self":[{"href":"https:\/\/www.europesays.com\/it\/wp-json\/wp\/v2\/posts\/549548","targetHints":{"allow":["GET"]}}],"collection":[{"href":"https:\/\/www.europesays.com\/it\/wp-json\/wp\/v2\/posts"}],"about":[{"href":"https:\/\/www.europesays.com\/it\/wp-json\/wp\/v2\/types\/post"}],"author":[{"embeddable":true,"href":"https:\/\/www.europesays.com\/it\/wp-json\/wp\/v2\/users\/3"}],"replies":[{"embeddable":true,"href":"https:\/\/www.europesays.com\/it\/wp-json\/wp\/v2\/comments?post=549548"}],"version-history":[{"count":0,"href":"https:\/\/www.europesays.com\/it\/wp-json\/wp\/v2\/posts\/549548\/revisions"}],"wp:featuredmedia":[{"embeddable":true,"href":"https:\/\/www.europesays.com\/it\/wp-json\/wp\/v2\/media\/549549"}],"wp:attachment":[{"href":"https:\/\/www.europesays.com\/it\/wp-json\/wp\/v2\/media?parent=549548"}],"wp:term":[{"taxonomy":"category","embeddable":true,"href":"https:\/\/www.europesays.com\/it\/wp-json\/wp\/v2\/categories?post=549548"},{"taxonomy":"post_tag","embeddable":true,"href":"https:\/\/www.europesays.com\/it\/wp-json\/wp\/v2\/tags?post=549548"}],"curies":[{"name":"wp","href":"https:\/\/api.w.org\/{rel}","templated":true}]}}