{"id":549577,"date":"2026-06-21T14:53:13","date_gmt":"2026-06-21T14:53:13","guid":{"rendered":"https:\/\/www.europesays.com\/it\/549577\/"},"modified":"2026-06-21T14:53:13","modified_gmt":"2026-06-21T14:53:13","slug":"incidente-sulla-a26-tra-predosa-e-ovada-muore-motociclista-di-59-anni-ferita-la-figlia-19enne-traffico-bloccato-per-ore-sotto-il-sole","status":"publish","type":"post","link":"https:\/\/www.europesays.com\/it\/549577\/","title":{"rendered":"Incidente sulla A26 tra Predosa e Ovada: muore motociclista di 59 anni, ferita la figlia 19enne. Traffico bloccato per ore sotto il sole"},"content":{"rendered":"<p>    di<br \/>\n    Floriana Rullo<\/p>\n<p class=\"summary-art is-line-h-12\">Scontro tra auto e moto sulla A26 Genova-Gravellona Toce in direzione Genova Voltri. La 19enne trasportata in elisoccorso. Oltre 7 chilometri di coda e traffico bloccato verso il mare a 35\u00b0<\/p>\n<p class=\"chapter-paragraph\">Grave incidente questa mattina, alle<b> 7.40<\/b>\u00a0del 21 giugno, sulla <b>A26 Genova-Gravellona<\/b> <b>Toce<\/b>. Tra la diramazione <b>Predosa-Bettole<\/b> e <b>Ovada verso Genova Voltri<\/b>\u00a0un&#8217;auto si \u00e8 scontrata con una moto.<b> Il motociclista, un uomo di 59 anni, \u00e8 deceduto. <\/b>La passeggera, la figlia di 19 anni, \u00e8 stata trasportata dall&#8217;elisoccorso ad <b>Alessandria <\/b>in codice giallo. La vittima \u00e8<b> Enzo D\u2019Auria<\/b>, aveva 59 anni, abitava nell\u2019hinterland di Alessandria. La ragazza non \u00e8 in pericolo di vita.\u00a0<\/p>\n<p>    In fila sotto il sole<\/p>\n<p class=\"chapter-paragraph\">L\u2019autostrada \u00e8 rimasta chiusa a lungo per permettere le operazioni di soccorso e i rilievi. Il traffico in direzione mare \u00e8 stato fermo, con pi\u00f9 di 7 chilometri di coda, fino alle 14\u00a0 circa, con ripercussioni sui tanti che stavano andando al mare anche in direzione <b>Genova<\/b>, <b>Savona <\/b>e sulla<b> A12 Genova-Sestri Levante. Autostrade<\/b> consiglia di percorrere l&#8217;<b>A7 Serravalle-Genova<\/b>.\u00a0    &#13;<br \/>\n&#13;<br \/>\n&#13;<br \/>\n&#13;<br \/>\n&#13;<br \/>\n&#13;<br \/>\n&#13;<br \/>\n&#13;<br \/>\n&#13;<br \/>\n&#13;<br \/>\n&#13;<br \/>\n&#13;<br \/>\n&#13;<br \/>\n&#13;<br \/>\n&#13;<br \/>\n&#13;<br \/>\n&#13;<br \/>\n&#13;<br \/>\n&#13;<br \/>\n&#13;<br \/>\n&#13;<br \/>\n&#13;<br \/>\n&#13;<br \/>\n&#13;<br \/>\n&#13;<br \/>\n&#13;<br \/>\n&#13;<br \/>\n&#13;<br \/>\n&#13;<br \/>\n&#13;<br \/>\n&#13;<br \/>\n&#13;<br \/>\n&#13;<br \/>\n&#13;<br \/>\n&#13;<br \/>\n&#13;<br \/>\n&#13;<br \/>\n&#13;<br \/>\n&#13;<br \/>\n&#13;<br \/>\n&#13;<br \/>\n&#13;<br \/>\n&#13;<br \/>\n&#13;<br \/>\n&#13;<br \/>\n&#13;<br \/>\n&#13;<br \/>\n&#13;<br \/>\n&#13;<br \/>\n&#13;<br \/>\n&#13;<br \/>\n&#13;<br \/>\n&#13;\n<\/p>\n<p class=\"chapter-paragraph\">Per aiutare i viaggiatori &#8211; tra cui tante famiglie con bambini &#8211; \u00e8 stata effettuata anche la <b>distribuzione dell&#8217;acqua <\/b>agli utenti in coda. Sul posto presenti il personale di Autostrade per l&#8217;Italia e tutti i mezzi di soccorso. Sul tratto a fine mattinata si registravano temperature fino ai 35 gradi e un forte senso di afa.<\/p>\n<p class=\"is-mr-t-20 is-mr-b-20\"><b><br \/>\n                    <a href=\"https:\/\/torino.corriere.it\/?intcmp=Notizielocali_nd_010623_corriere_ss_nd\" target=\"_blank\" rel=\"nofollow noopener\">Vai a tutte le notizie di Torino<\/a><br \/>\n            <\/b><\/p>\n<p class=\"chapter-paragraph\"><b><a href=\"https:\/\/www.corriere.it\/newsletter\/?theme=35&amp;intcmp=IIIcolonna_NL_CorTorino\" target=\"_blank\" rel=\"nofollow noopener\">Iscriviti alla newsletter di Corriere Torino<\/a><\/b><\/p>\n<p class=\"is-last-update\" datetime=\"2026-06-21T16:09:01+02:00\">21 giugno 2026 ( modifica il 21 giugno 2026 | 16:09)<\/p>\n<p class=\"is-copyright\">\n            \u00a9 RIPRODUZIONE RISERVATA\n        <\/p>\n","protected":false},"excerpt":{"rendered":"di Floriana Rullo Scontro tra auto e moto sulla A26 Genova-Gravellona Toce in direzione Genova Voltri. La 19enne&hellip;\n","protected":false},"author":3,"featured_media":549578,"comment_status":"","ping_status":"","sticky":false,"template":"","format":"standard","meta":{"footnotes":"","_share_on_mastodon":"0"},"categories":[6],"tags":[30427,2765,4101,5196,2225,38138,28025,14,274,302779,4649,3384,14162,8,1537,90,89,2050,7,15,82,9,83,10,13,1780,11,80,84,12,81,85],"class_list":["post-549577","post","type-post","status-publish","format-standard","has-post-thumbnail","category-ultime-notizie","tag-alessandria","tag-auto","tag-autostrade","tag-bloccato","tag-chilometri","tag-chilometri-coda","tag-coda","tag-cronaca","tag-direzione","tag-direzione-genova","tag-elisoccorso","tag-figlia","tag-genova","tag-headlines","tag-it","tag-italia","tag-italy","tag-mare","tag-news","tag-notizie","tag-notizie-di-cronaca","tag-notizie-principali","tag-notiziedicronaca","tag-notizieprincipali","tag-titoli","tag-traffico","tag-ultime-notizie","tag-ultime-notizie-di-cronaca","tag-ultime-notizie-e-news-di-oggi","tag-ultimenotizie","tag-ultimenotiziedicronaca","tag-ultimenotizieenewsdioggi"],"share_on_mastodon":{"url":"","error":"Validation failed: Text character limit of 500 exceeded"},"_links":{"self":[{"href":"https:\/\/www.europesays.com\/it\/wp-json\/wp\/v2\/posts\/549577","targetHints":{"allow":["GET"]}}],"collection":[{"href":"https:\/\/www.europesays.com\/it\/wp-json\/wp\/v2\/posts"}],"about":[{"href":"https:\/\/www.europesays.com\/it\/wp-json\/wp\/v2\/types\/post"}],"author":[{"embeddable":true,"href":"https:\/\/www.europesays.com\/it\/wp-json\/wp\/v2\/users\/3"}],"replies":[{"embeddable":true,"href":"https:\/\/www.europesays.com\/it\/wp-json\/wp\/v2\/comments?post=549577"}],"version-history":[{"count":0,"href":"https:\/\/www.europesays.com\/it\/wp-json\/wp\/v2\/posts\/549577\/revisions"}],"wp:featuredmedia":[{"embeddable":true,"href":"https:\/\/www.europesays.com\/it\/wp-json\/wp\/v2\/media\/549578"}],"wp:attachment":[{"href":"https:\/\/www.europesays.com\/it\/wp-json\/wp\/v2\/media?parent=549577"}],"wp:term":[{"taxonomy":"category","embeddable":true,"href":"https:\/\/www.europesays.com\/it\/wp-json\/wp\/v2\/categories?post=549577"},{"taxonomy":"post_tag","embeddable":true,"href":"https:\/\/www.europesays.com\/it\/wp-json\/wp\/v2\/tags?post=549577"}],"curies":[{"name":"wp","href":"https:\/\/api.w.org\/{rel}","templated":true}]}}