{"id":549739,"date":"2026-06-21T17:30:14","date_gmt":"2026-06-21T17:30:14","guid":{"rendered":"https:\/\/www.europesays.com\/it\/549739\/"},"modified":"2026-06-21T17:30:14","modified_gmt":"2026-06-21T17:30:14","slug":"zverev-guasto-al-sensore-del-glucosio-ad-halle-contro-fritz-valori-sballati-mi-sono-iniettato-troppa-insulina-come-bere-tre-litri-e-mezzo-di-coca-cola","status":"publish","type":"post","link":"https:\/\/www.europesays.com\/it\/549739\/","title":{"rendered":"Zverev, guasto al sensore del glucosio ad Halle contro Fritz: \u00abValori sballati, mi sono iniettato troppa insulina: come bere tre litri e mezzo di Coca-Cola\u00bb"},"content":{"rendered":"<p>    di<br \/>\n    Redazione Sport<\/p>\n<p class=\"summary-art is-line-h-12\">Il tedesco ha spiegato le difficolt\u00e0 avute durante la semifinale sull&#8217;erba in Germania: \u00ab Uso questo sensore dal 2016, e non era mai capitato un errore cos\u00ec grave\u00bb. \u00c8 lo strumento utilizzato da Sinner in allenamento<\/p>\n<p class=\"chapter-paragraph\">Il<b> sensore per il glucosio<\/b>, <a href=\"https:\/\/www.corriere.it\/sport\/tennis\/26_giugno_17\/jannik-sinner-allenamento-montecarlo-dispositivo-glicemia-34c099df-3c82-40fd-9e49-a59195438xlk.shtml\" title=\"Jannik Sinner si allena a Montecarlo con un dispositivo che monitora la glicemia: pu\u00f2 dare risposte dopo il crollo al Roland Garros\" target=\"_blank\" rel=\"nofollow noopener\">utilizzato in allenamento da Jannik Sinner in vista di Wimbledon<\/a>, per <b>Alexander Zverev<\/b> non \u00e8 un&#8217;opzione.\u00a0\u00c8 uno strumento fondamentale, dal momento che il tedesco convive con il diabete di tipo 1. Durante le partite deve iniettarsi insulina e nella vita di tutti i giorni ha la necessit\u00e0 di monitorare il livello di glucosio.\u00a0<\/p>\n<p class=\"chapter-paragraph\">Nella semifinale di Halle contro Taylor Fritz &#8211; persa in tre set con il punteggio di 6-7, 6-4, 7-5 &#8211; c&#8217;\u00e8 per\u00f2 stato un imprevisto legato al sensore. Lo ha raccontato lo stesso Zverev:\u00a0\u00abC\u2019\u00e8 stato un guasto al sensore che indica i miei livelli di glucosio,<b> ha segnato valori completamente sballati: altissimi, mentre io li sentivo molto bassi<\/b>. <b>Non avevo scelta se non iniettare molta pi\u00f9 insulina del dovuto<\/b>\u00bb. Un guasto che ha inevitabilmente complicato la partita del tedesco, che ha cos\u00ec interrotto la striscia di 10 vittorie consecutive considerando il titolo al Roland Garros.    &#13;<br \/>\n&#13;<br \/>\n&#13;<br \/>\n&#13;<br \/>\n&#13;<br \/>\n&#13;<br \/>\n&#13;<br \/>\n&#13;<br \/>\n&#13;<br \/>\n&#13;<br \/>\n&#13;<br \/>\n&#13;<br \/>\n&#13;<br \/>\n&#13;<br \/>\n&#13;<br \/>\n&#13;<br \/>\n&#13;<br \/>\n&#13;<br \/>\n&#13;<br \/>\n&#13;<br \/>\n&#13;<br \/>\n&#13;<br \/>\n&#13;<br \/>\n&#13;<br \/>\n&#13;<br \/>\n&#13;<br \/>\n&#13;<br \/>\n&#13;<br \/>\n&#13;<br \/>\n&#13;<br \/>\n&#13;<br \/>\n&#13;<br \/>\n&#13;<br \/>\n&#13;<br \/>\n&#13;<br \/>\n&#13;<br \/>\n&#13;<br \/>\n&#13;<br \/>\n&#13;<br \/>\n&#13;<br \/>\n&#13;<br \/>\n&#13;<br \/>\n&#13;<br \/>\n&#13;<br \/>\n&#13;<br \/>\n&#13;<br \/>\n&#13;<br \/>\n&#13;<br \/>\n&#13;<br \/>\n&#13;<br \/>\n&#13;<br \/>\n&#13;<br \/>\n&#13;\n<\/p>\n<p class=\"chapter-paragraph\">Zverev ha inoltre spiegato:\u00a0\u00abDurante i primi 45 minuti di partita, ho dovuto consumare circa 350 grammi di zucchero. Mi sentivo malissimo ed \u00e8 stato il motivo per cui non ho reso al meglio negli ultimi due set. Uso questo sensore dal 2016, e non era mai capitato un errore cos\u00ec grave. Rivedendo la partita, si nota che <b>ho bevuto una bevanda al glucosio dietro l\u2019altra. \u00c8 come bere tre litri e mezzo di Coca-Cola<\/b> durante una partita. \u00c8 difficile sentirsi bene dovendo gestire tutti questi zuccheri\u00bb. La convivenza con il diabete \u00e8 la normalit\u00e0 nella vita di Zverev, ma l&#8217;eccezionalit\u00e0 di Sascha \u00e8 riuscire a essere tra i migliori giocatori del mondo nonostante questa patologia.\u00a0<\/p>\n<p class=\"is-last-update\" datetime=\"2026-06-21T18:06:16+02:00\">21 giugno 2026<\/p>\n<p class=\"is-copyright\">\n            \u00a9 RIPRODUZIONE RISERVATA\n        <\/p>\n","protected":false},"excerpt":{"rendered":"di Redazione Sport Il tedesco ha spiegato le difficolt\u00e0 avute durante la semifinale sull&#8217;erba in Germania: \u00ab Uso&hellip;\n","protected":false},"author":3,"featured_media":549740,"comment_status":"","ping_status":"","sticky":false,"template":"","format":"standard","meta":{"footnotes":"","_share_on_mastodon":"0"},"categories":[176],"tags":[1548,27777,302877,302878,60976,302879,302880,14228,14229,14230,9548,1907,57812,60586,26439,1537,90,89,1290,57079,245,244,8233,29523],"class_list":["post-549739","post","type-post","status-publish","format-standard","has-post-thumbnail","category-sport","tag-allenamento","tag-bere","tag-bere-litri","tag-bere-litri-coca","tag-capitato","tag-capitato-errore","tag-capitato-errore-grave","tag-coca","tag-coca-cola","tag-cola","tag-diabete","tag-dovuto","tag-glucosio","tag-guasto","tag-insulina","tag-it","tag-italia","tag-italy","tag-partita","tag-sensore","tag-sport","tag-sports","tag-tedesco","tag-zverev"],"share_on_mastodon":{"url":"https:\/\/pubeurope.com\/@it\/116789289186409728","error":""},"_links":{"self":[{"href":"https:\/\/www.europesays.com\/it\/wp-json\/wp\/v2\/posts\/549739","targetHints":{"allow":["GET"]}}],"collection":[{"href":"https:\/\/www.europesays.com\/it\/wp-json\/wp\/v2\/posts"}],"about":[{"href":"https:\/\/www.europesays.com\/it\/wp-json\/wp\/v2\/types\/post"}],"author":[{"embeddable":true,"href":"https:\/\/www.europesays.com\/it\/wp-json\/wp\/v2\/users\/3"}],"replies":[{"embeddable":true,"href":"https:\/\/www.europesays.com\/it\/wp-json\/wp\/v2\/comments?post=549739"}],"version-history":[{"count":0,"href":"https:\/\/www.europesays.com\/it\/wp-json\/wp\/v2\/posts\/549739\/revisions"}],"wp:featuredmedia":[{"embeddable":true,"href":"https:\/\/www.europesays.com\/it\/wp-json\/wp\/v2\/media\/549740"}],"wp:attachment":[{"href":"https:\/\/www.europesays.com\/it\/wp-json\/wp\/v2\/media?parent=549739"}],"wp:term":[{"taxonomy":"category","embeddable":true,"href":"https:\/\/www.europesays.com\/it\/wp-json\/wp\/v2\/categories?post=549739"},{"taxonomy":"post_tag","embeddable":true,"href":"https:\/\/www.europesays.com\/it\/wp-json\/wp\/v2\/tags?post=549739"}],"curies":[{"name":"wp","href":"https:\/\/api.w.org\/{rel}","templated":true}]}}