{"id":549834,"date":"2026-06-21T19:07:17","date_gmt":"2026-06-21T19:07:17","guid":{"rendered":"https:\/\/www.europesays.com\/it\/549834\/"},"modified":"2026-06-21T19:07:17","modified_gmt":"2026-06-21T19:07:17","slug":"sinner-al-giorgio-armani-tennis-classic-esibizione-prima-di-wimbledon-in-campo-anche-cobolli-e-darderi","status":"publish","type":"post","link":"https:\/\/www.europesays.com\/it\/549834\/","title":{"rendered":"Sinner al Giorgio Armani Tennis Classic: esibizione prima di Wimbledon. In campo anche Cobolli e Darderi"},"content":{"rendered":"<p><img decoding=\"async\" data-lazyloaded=\"1\" loading=\"lazy\" alt=\"\" src=\"\/wp-content\/themes\/yootheme\/cache\/e4\/Screenshot_20260621_192452_Instagram-e1782062903495-e4847f34.jpeg\" width=\"610\" height=\"366\"\/><br \/>\n<img loading=\"lazy\" data-lazyloaded=\"1\" decoding=\"async\" src=\"https:\/\/www.europesays.com\/it\/wp-content\/uploads\/2026\/06\/Screenshot_20260621_192452_Instagram-604x502.jpg\" alt=\"\" class=\"wp-image-569327\" width=\"604\" height=\"502\"\/>Jannik Sinner (foto dai social del Giorgio Armani Tennis Classic)<\/p>\n<p>LONDRA \u2013 Jannik Sinner far\u00e0 il suo esordio ufficiale sui prati di Wimbledon luned\u00ec 29 giugno 2026, inaugurando il programma sul leggendario Campo Centrale. Ma prima di tuffarsi nello Slam parteciper\u00e0 al Giorgio Armani Tennis Classic, prestigioso torneo sull\u2019erba dell\u2019Hurlingham Club di Londra. Tra i protagonisti, oltre al numero uno del mondo, anche Flavio Cobolli e l\u2019altro azzurro Luciano Darderi.<\/p>\n<p>L\u2019evento si svolger\u00e0 dal 23 al 27 giugno 2026, nella tradizionale settimana che precede Wimbledon, e rappresenta uno degli appuntamenti pi\u00f9 esclusivi e affascinanti della stagione sull\u2019erba. Per gli appassionati italiani sar\u00e0 un\u2019occasione unica per seguire da vicino la preparazione dei migliori protagonisti del tennis azzurro verso i Championships, con particolare attenzione a Sinner, chiamato a rifinire la propria condizione in vista della difesa del titolo a Wimbledon.<\/p>\n<p>Il Giorgio Armani Tennis Classic 2026 sar\u00e0 trasmesso in diretta tv e in chiaro, in Italia, su Supertennis, oltre che in streaming sulla piattaforma SuperTenniX.<\/p>\n<p>\n  2.532<\/p>\n<p><img loading=\"lazy\" data-lazyloaded=\"1\" alt=\"\" src=\"https:\/\/www.europesays.com\/it\/wp-content\/uploads\/2026\/01\/Soares-Avatar.jpg\" class=\"avatar avatar-96 photo\" height=\"96\" width=\"96\" decoding=\"async\"\/>Paulo Soares<\/p>\n<p>redazione@firenzepost.it<\/p>\n","protected":false},"excerpt":{"rendered":"Jannik Sinner (foto dai social del Giorgio Armani Tennis Classic) LONDRA \u2013 Jannik Sinner far\u00e0 il suo esordio&hellip;\n","protected":false},"author":3,"featured_media":549835,"comment_status":"","ping_status":"","sticky":false,"template":"","format":"standard","meta":{"footnotes":"","_share_on_mastodon":"0"},"categories":[1457],"tags":[3415,7340,302913,1537,90,89,1717,245,244,1273],"class_list":["post-549834","post","type-post","status-publish","format-standard","has-post-thumbnail","category-tennis","tag-darderi","tag-flavio-cobolli","tag-giorgio-armani-tennis-calssic","tag-it","tag-italia","tag-italy","tag-jannik-sinner","tag-sport","tag-sports","tag-tennis"],"share_on_mastodon":{"url":"https:\/\/pubeurope.com\/@it\/116789671292566345","error":""},"_links":{"self":[{"href":"https:\/\/www.europesays.com\/it\/wp-json\/wp\/v2\/posts\/549834","targetHints":{"allow":["GET"]}}],"collection":[{"href":"https:\/\/www.europesays.com\/it\/wp-json\/wp\/v2\/posts"}],"about":[{"href":"https:\/\/www.europesays.com\/it\/wp-json\/wp\/v2\/types\/post"}],"author":[{"embeddable":true,"href":"https:\/\/www.europesays.com\/it\/wp-json\/wp\/v2\/users\/3"}],"replies":[{"embeddable":true,"href":"https:\/\/www.europesays.com\/it\/wp-json\/wp\/v2\/comments?post=549834"}],"version-history":[{"count":0,"href":"https:\/\/www.europesays.com\/it\/wp-json\/wp\/v2\/posts\/549834\/revisions"}],"wp:featuredmedia":[{"embeddable":true,"href":"https:\/\/www.europesays.com\/it\/wp-json\/wp\/v2\/media\/549835"}],"wp:attachment":[{"href":"https:\/\/www.europesays.com\/it\/wp-json\/wp\/v2\/media?parent=549834"}],"wp:term":[{"taxonomy":"category","embeddable":true,"href":"https:\/\/www.europesays.com\/it\/wp-json\/wp\/v2\/categories?post=549834"},{"taxonomy":"post_tag","embeddable":true,"href":"https:\/\/www.europesays.com\/it\/wp-json\/wp\/v2\/tags?post=549834"}],"curies":[{"name":"wp","href":"https:\/\/api.w.org\/{rel}","templated":true}]}}