{"id":549920,"date":"2026-06-21T20:34:15","date_gmt":"2026-06-21T20:34:15","guid":{"rendered":"https:\/\/www.europesays.com\/it\/549920\/"},"modified":"2026-06-21T20:34:15","modified_gmt":"2026-06-21T20:34:15","slug":"portogallo-georgina-contro-la-fidanzata-di-joao-neves-per-una-fake-news-e-caos","status":"publish","type":"post","link":"https:\/\/www.europesays.com\/it\/549920\/","title":{"rendered":"Portogallo, Georgina contro la fidanzata di Joao Neves per una fake news: \u00e8 caos"},"content":{"rendered":"<p>    di<br \/>\n    Redazione Sport<\/p>\n<p class=\"summary-art is-line-h-12\">Non sono finite le polemiche in casa portoghese: cosa sta succedendo<\/p>\n<p class=\"chapter-paragraph\"><b><a href=\"https:\/\/www.corriere.it\/sport\/calcio\/mondiali\/26_giugno_18\/in-portogallo-tutti-contro-cristiano-ronaldo-in-campo-cammina-e-i-numeri-preoccupano-deeb3673-3911-4b33-9520-d5c40bcc7xlk.shtml\" rel=\"nofollow noopener\" target=\"_blank\">Le polemiche in casa Portogallo <\/a>non sembrano voler finire. <\/b>Dopo il pareggio all&#8217;esordio contro il Congo, le critiche a Cristiano Ronaldo prima e ad alcuni suoi compagni poi, i commenti delle testate nazionali, ora \u00e8 il turno delle fidanzate. Due in particolare. Anzi, una in modo diretto, l&#8217;altra per un errore. <b>Le persone coinvolte sono Georgina, compagna di CR7, e la ragazza di Joao Neves<\/b>.\u00a0\u00c8 per\u00f2 necessario fare un passo indietro e chiarire le premesse.<\/p>\n<p class=\"chapter-paragraph\">Tutto nasce dalle <b>dichiarazioni del centrocampista del Psg<\/b> al termine della partita di esordio della Nazionale portoghese: \u00abSappiamo cosa rappresenta per il Portogallo, ma oggi tra lui e il resto della squadra non c&#8217;\u00e8 differenza. Cristiano \u00e8 qui per aiutare e dare il suo contributo, proprio come tutti noi. Non \u00e8 diverso dagli altri\u00bb. Parole che non sono piaciute ai sostenitori di Cristiano che hanno sommerso di insulti e critiche i social del giovane: \u00abDevi portare rispetto\u00bb,\u00a0\u00abDevi passargli la palla\u00bb. Ed \u00e8 proprio nel terreno dei social che \u00e8 nata e ha preso forma la nuova polemica.\u00a0<br \/>&#13;<br \/>\n&#13;<br \/>\n&#13;<br \/>\n&#13;<br \/>\n&#13;<br \/>\n&#13;<br \/>\n&#13;<br \/>\n&#13;<br \/>\n&#13;<br \/>\n&#13;<br \/>\n&#13;<br \/>\n&#13;<br \/>\n&#13;<br \/>\n&#13;<br \/>\n&#13;<br \/>\n&#13;<br \/>\n&#13;<br \/>\n&#13;<br \/>\n&#13;<br \/>\n&#13;<br \/>\n&#13;<br \/>\n&#13;<br \/>\n&#13;<br \/>\n&#13;<br \/>\n&#13;<br \/>\n&#13;<br \/>\n&#13;<br \/>\n&#13;<br \/>\n&#13;<br \/>\n&#13;<br \/>\n&#13;<br \/>\n&#13;<br \/>\n&#13;<br \/>\n&#13;<br \/>\n&#13;<br \/>\n&#13;<br \/>\n&#13;<br \/>\n&#13;<br \/>\n&#13;<br \/>\n&#13;<br \/>\n&#13;<br \/>\n&#13;<br \/>\n&#13;<br \/>\n&#13;<br \/>\n&#13;<br \/>\n&#13;<br \/>\n&#13;<br \/>\n&#13;<br \/>\n&#13;<br \/>\n&#13;<br \/>\n&#13;<br \/>\n&#13;<br \/>\n&#13;\n<\/p>\n<p>\n    &#13;<br \/>\n&#13;<br \/>\n&#13;<br \/>\n&#13;<br \/>\n&#13;<br \/>\n&#13;<br \/>\n&#13;<br \/>\n&#13;<br \/>\n&#13;<br \/>\n&#13;<br \/>\n&#13;<br \/>\n&#13;<br \/>\n&#13;<br \/>\n&#13;<br \/>\n&#13;<br \/>\n&#13;<br \/>\n&#13;<br \/>\n&#13;<br \/>\n&#13;<br \/>\n&#13;<br \/>\n&#13;<br \/>\n&#13;<br \/>\n&#13;<br \/>\n&#13;<br \/>\n&#13;<br \/>\n&#13;<br \/>\n&#13;<br \/>\n&#13;<br \/>\n&#13;<br \/>\n&#13;<br \/>\n&#13;<br \/>\n&#13;<br \/>\n&#13;<br \/>\n&#13;<br \/>\n&#13;<br \/>\n&#13;<br \/>\n&#13;<br \/>\n&#13;<br \/>\n&#13;<br \/>\n&#13;<br \/>\n&#13;<br \/>\n&#13;<br \/>\n&#13;<br \/>\n&#13;<br \/>\n&#13;<br \/>\n&#13;<br \/>\n&#13;<br \/>\n&#13;<br \/>\n&#13;<br \/>\n&#13;<br \/>\n&#13;<br \/>\n&#13;<br \/>\n&#13;<br \/>\n[an error occurred while processing this directive]\n<\/p>\n<p class=\"chapter-paragraph\">Il via lo d\u00e0 un post di\u00a0Record Mexico che riportava un commento attribuito a Madalena Aragao, fidanzata di Joao Neves, che difendeva il suo ragazzo dalle critiche ricevute:\u00a0\u00ab<b>D\u00ec al tuo Goat di ritirarsi, \u00e8 molto egoista<\/b>\u00bb. Piccolo dettaglio, il commento era fake. Un particolare sfuggito a Georgina, che a sua volta ha voluto prendere le parti di Cristiano Ronaldo:\u00a0\u00ab<b>Wow! Questa generazione sta venendo fuori alla grande!<\/b>\u00bb. La compagna di CR7 ha poi cancellato le parole, ma ormai era troppo tardi: i social non lasciano scampo a nessuno. Nuovo giorno, nuove polemiche. Non un buon inizio di <a href=\"https:\/\/www.corriere.it\/sport\/calcio\/mondiali\/\" rel=\"nofollow noopener\" target=\"_blank\">Mondiale <\/a>per il Portogallo.\u00a0<\/p>\n<p class=\"is-last-update\" datetime=\"2026-06-21T17:14:41+02:00\">21 giugno 2026<\/p>\n<p class=\"is-copyright\">\n            \u00a9 RIPRODUZIONE RISERVATA\n        <\/p>\n","protected":false},"excerpt":{"rendered":"di Redazione Sport Non sono finite le polemiche in casa portoghese: cosa sta succedendo Le polemiche in casa&hellip;\n","protected":false},"author":3,"featured_media":549921,"comment_status":"","ping_status":"","sticky":false,"template":"","format":"standard","meta":{"footnotes":"","_share_on_mastodon":"0"},"categories":[1451],"tags":[1621,1620,8914,6982,6101,6140,9182,7882,203,11125,10243,10453,303005,303006,37513,204,1537,90,89,5381,32202,157336,4979,15266,17294,1686],"class_list":["post-549920","post","type-post","status-publish","format-standard","has-post-thumbnail","category-celebrita","tag-celebrita","tag-celebrities","tag-commento","tag-compagna","tag-cristiano","tag-cristiano-ronaldo","tag-critiche","tag-devi","tag-entertainment","tag-esordio","tag-fake","tag-fidanzata","tag-fidanzata-joao","tag-fidanzata-joao-neves","tag-georgina","tag-intrattenimento","tag-it","tag-italia","tag-italy","tag-joao","tag-joao-neves","tag-neves","tag-parole","tag-polemiche","tag-portogallo","tag-social"],"share_on_mastodon":{"url":"https:\/\/pubeurope.com\/@it\/116790012380565226","error":""},"_links":{"self":[{"href":"https:\/\/www.europesays.com\/it\/wp-json\/wp\/v2\/posts\/549920","targetHints":{"allow":["GET"]}}],"collection":[{"href":"https:\/\/www.europesays.com\/it\/wp-json\/wp\/v2\/posts"}],"about":[{"href":"https:\/\/www.europesays.com\/it\/wp-json\/wp\/v2\/types\/post"}],"author":[{"embeddable":true,"href":"https:\/\/www.europesays.com\/it\/wp-json\/wp\/v2\/users\/3"}],"replies":[{"embeddable":true,"href":"https:\/\/www.europesays.com\/it\/wp-json\/wp\/v2\/comments?post=549920"}],"version-history":[{"count":0,"href":"https:\/\/www.europesays.com\/it\/wp-json\/wp\/v2\/posts\/549920\/revisions"}],"wp:featuredmedia":[{"embeddable":true,"href":"https:\/\/www.europesays.com\/it\/wp-json\/wp\/v2\/media\/549921"}],"wp:attachment":[{"href":"https:\/\/www.europesays.com\/it\/wp-json\/wp\/v2\/media?parent=549920"}],"wp:term":[{"taxonomy":"category","embeddable":true,"href":"https:\/\/www.europesays.com\/it\/wp-json\/wp\/v2\/categories?post=549920"},{"taxonomy":"post_tag","embeddable":true,"href":"https:\/\/www.europesays.com\/it\/wp-json\/wp\/v2\/tags?post=549920"}],"curies":[{"name":"wp","href":"https:\/\/api.w.org\/{rel}","templated":true}]}}