{"id":549938,"date":"2026-06-21T20:47:16","date_gmt":"2026-06-21T20:47:16","guid":{"rendered":"https:\/\/www.europesays.com\/it\/549938\/"},"modified":"2026-06-21T20:47:16","modified_gmt":"2026-06-21T20:47:16","slug":"napoli-spento-lincendio-allospedale-del-mare-il-rogo-ha-danneggiato-lesterno-di-un-padiglione-pazienti-evacuati","status":"publish","type":"post","link":"https:\/\/www.europesays.com\/it\/549938\/","title":{"rendered":"Napoli, spento l&#8217;incendio all&#8217;ospedale del Mare: il rogo ha danneggiato l&#8217;esterno di un padiglione. Pazienti evacuati"},"content":{"rendered":"<p>    di<br \/>\n    Piero Rossano e Gennaro Scala<\/p>\n<p class=\"summary-art is-line-h-12\">Vigili del fuoco sul posto oggi pomeriggio per fronteggiare le fiamme, evacuata una parte dei degenti della stuttura di Ponticelli. Indagini della polizia sulla natura. Fratelli d&#8217;Italia attacca<\/p>\n<p class=\"chapter-paragraph\"><b>Un incendio<\/b> si \u00e8 sviluppato tra le 16.30 e le 17 di oggi pomeriggio, domenica 21 giugno, all&#8217;<b>ospedale del Mare<\/b>, l&#8217;ultimo grande ospedale pubblico realizzato a Napoli, nel quartiere di <b>Ponticelli<\/b>\u00a0alla periferia orientale del capoluogo.\u00a0<br \/><b>Non ci sono stati feriti\u00a0ma una parte dei degenti, in particolare della Medicina d&#8217;urgenza e del Pronto Soccorso, \u00e8 stata evacuata<\/b> per precauzione e trasferita presso altri reparti del grande nosocomio o raccolta, come testimoniano le nostre foto, all&#8217;esterno della struttura nonostante le temperature bollenti.\u00a0<br \/>Si \u00e8 trattato di<b> \u00abuna misura precauzionale e necessaria\u00bb<\/b>, \u00e8 stato spiegato dai vertici aziendali.<\/p>\n<p class=\"chapter-paragraph\"><b>Le fiamme sono state domate <\/b>nel giro di un&#8217;ora dai vigili del fuoco.\u00a0    &#13;<br \/>\n&#13;<br \/>\n&#13;<br \/>\n&#13;<br \/>\n&#13;<br \/>\n&#13;<br \/>\n&#13;<br \/>\n&#13;<br \/>\n&#13;<br \/>\n&#13;<br \/>\n&#13;<br \/>\n&#13;<br \/>\n&#13;<br \/>\n&#13;<br \/>\n&#13;<br \/>\n&#13;<br \/>\n&#13;<br \/>\n&#13;<br \/>\n&#13;<br \/>\n&#13;<br \/>\n&#13;<br \/>\n&#13;<br \/>\n&#13;<br \/>\n&#13;<br \/>\n&#13;<br \/>\n&#13;<br \/>\n&#13;<br \/>\n&#13;<br \/>\n&#13;<br \/>\n&#13;<br \/>\n&#13;<br \/>\n&#13;<br \/>\n&#13;<br \/>\n&#13;<br \/>\n&#13;<br \/>\n&#13;<br \/>\n&#13;<br \/>\n&#13;<br \/>\n&#13;<br \/>\n&#13;<br \/>\n&#13;<br \/>\n&#13;<br \/>\n&#13;<br \/>\n&#13;<br \/>\n&#13;<br \/>\n&#13;<br \/>\n&#13;<br \/>\n&#13;<br \/>\n&#13;<br \/>\n&#13;<br \/>\n&#13;<br \/>\n&#13;<br \/>\n&#13;\n<\/p>\n<p class=\"chapter-paragraph\"><b>La notizia del rogo \u00e8 arrivata anche all&#8217;attenzione del governo<\/b>.\u00a0\u00abSeguo con preoccupazione gli sviluppi dell&#8217;incendio scoppiato nel pomeriggio in un&#8217;ala dell&#8217;Ospedale Del Mare di Napoli. Fortunatamente al momento non risultano feriti. <b>Ringrazio di cuore i Vigili del Fuoco<\/b> che sono in azione per domare le fiamme <b>e tutto il personale medico sanitario<\/b> che si sta prendendo cura dei pazienti ricoverati\u00bb, \u00e8 stato il commento su X del vicepremier e ministro degli Esteri, <b>Antonio Tajani<\/b>.<\/p>\n<p class=\"chapter-paragraph\"><b>Il rogo ha attaccato l&#8217;esterno di padiglione<\/b> della struttura ospedaliera. <b>S<\/b><b>i \u00e8 sviluppato lungo<\/b> <b>la pannellatura esterna<\/b> che \u00e8 bruciata in pochi minuti.\u00a0<br \/>Sul posto sono state al lavoro<b> diverse squadre dei vigili del fuoco<\/b> del capoluogo. <b>La polizia ha subito avviato le indagini sulle cause<\/b>.\u00a0<\/p>\n<p class=\"chapter-paragraph\">Le fiamme sarebbero partite da\u00a0<b>pedane in legno accatastate all&#8217;esterno del padiglione<\/b>, avvolgendo subito la facciata esterna dell&#8217;ala la cui pannellatura si \u00e8 bruciata velocemente.\u00a0<br \/>Sul posto <b>sono arrivati 40 vigili del fuoco<\/b> con diversi mezzi tra cui una autobotte da 14 mila litri. \u00abLe fiamme sono state estinte e nessuna persona \u00e8 rimasta coinvolta\u00bb, hanno fatto sapere i pompieri su X.<\/p>\n<p class=\"chapter-paragraph\">\u00c8 subito\u00a0cominciato un altro tipo di lavoro per i vigili del fuoco, chiamati a verificare le capacit\u00e0 statiche dell&#8217;ala interessata dal rogo oltre che a risalire all&#8217;origine dello stesso, mentre non sono mancate le<b> prime polemiche politiche. Ad inaugurarle \u00e8 stato il gruppo regionale di Fratelli d&#8217;Italia<\/b>.\u00a0<br \/>\u00ab\u00c8 impensabile che un ospedale cos\u00ec rilevante come l&#8217;Ospedale del Mare finisca in fiamme. <b>Non sappiamo cosa \u00e8 accaduto, lo accerteranno le autorit\u00e0 preposte, resta il fatto che la sanit\u00e0 campana non trova pace e stenta a conseguire normalit\u00e0<\/b>\u00bb, hanno commentato i consiglieri regionali Sangiuliano, Fabbricatore, Fele, Pisacane, Romano, Santangelo e Zecchino. \u00abLa Campania a fronte di una classe medica e paramedica di elevato livello non ha una sanit\u00e0 capace di soddisfare i diritti dei cittadini\u00bb, hanno concluso.<\/p>\n<p class=\"chapter-paragraph\">E sul ruolo del personale dell&#8217;ospedale del Mare \u00e8 intervenuto anche il sindacato. \u00ab<b>Mentre attendiamo che vengano accertate tutte le responsabilit\u00e0 e le cause<\/b> che hanno determinato un episodio cos\u00ec grave \u2013 ha dichiarato <b>Antimo Morlando, segretario della Sanit\u00e0 Pubblica della FP CGIL Campania<\/b>\u00a0\u2013 riteniamo doveroso sottolineare <b>il comportamento esemplare dei professionisti della sanit\u00e0<\/b> che oggi hanno dimostrato, ancora una volta, cosa significhi lavorare al servizio della collettivit\u00e0. <b>Hanno affrontato l&#8217;emergenza con lucidit\u00e0, coraggio e straordinaria competenza, mettendo al primo posto la sicurezza dei pazienti<\/b>. \u00c8 questa l&#8217;immagine della sanit\u00e0 pubblica che deve essere ricordata e valorizzata\u00bb.<br \/>\u00abTroppo spesso \u2013 ha proseguito Morlando \u2013 gli operatori sanitari finiscono al centro dell&#8217;attenzione soltanto quando emergono criticit\u00e0 del sistema. Oggi, invece, <b>abbiamo visto donne e uomini che, nel momento del bisogno, hanno fatto ci\u00f2 che sono chiamati a fare ogni giorno: prendersi cura delle persone<\/b>. Il loro impegno merita il rispetto e la riconoscenza di tutti i cittadini\u00bb.<\/p>\n<p class=\"is-mr-t-20 is-mr-b-20\"><b><br \/>\n                    <a href=\"https:\/\/napoli.corriere.it\/?intcmp=Notizielocali_nd_010623_corriere_ss_mezzogior\" target=\"_blank\" rel=\"nofollow noopener\">Vai a tutte le notizie di Napoli<\/a><br \/>\n            <\/b><\/p>\n<p class=\"chapter-paragraph\"><b><a href=\"https:\/\/www.corriere.it\/newsletter\/?theme=50&amp;intcmp=NL-artic_nd_050624_corriere_ss_mezzogior\" target=\"_blank\" rel=\"nofollow noopener\">Iscriviti alla newsletter del Corriere del Mezzogiorno Campania<\/a><\/b><\/p>\n<p class=\"is-last-update\" datetime=\"2026-06-21T21:32:14+02:00\">21 giugno 2026 ( modifica il 21 giugno 2026 | 21:32)<\/p>\n<p class=\"is-copyright\">\n            \u00a9 RIPRODUZIONE RISERVATA\n        <\/p>\n","protected":false},"excerpt":{"rendered":"di Piero Rossano e Gennaro Scala Vigili del fuoco sul posto oggi pomeriggio per fronteggiare le fiamme, evacuata&hellip;\n","protected":false},"author":3,"featured_media":549939,"comment_status":"","ping_status":"","sticky":false,"template":"","format":"standard","meta":{"footnotes":"","_share_on_mastodon":"0"},"categories":[6],"tags":[5594,2109,50317,8818,14785,8936,28127,1064,14,2664,303009,40807,3073,303008,115191,826,10736,322,323,783,8,3411,486,1537,90,89,2050,110338,248,7,15,82,9,83,10,812,303007,21532,303010,10225,858,531,427,151944,31241,301,13,11,80,84,12,81,85,6162,6163],"class_list":["post-549938","post","type-post","status-publish","format-standard","has-post-thumbnail","category-ultime-notizie","tag-ala","tag-attenzione","tag-bruciata","tag-campania","tag-capoluogo","tag-cause","tag-chiamati","tag-cittadini","tag-cronaca","tag-cura","tag-degenti","tag-esterna","tag-esterno","tag-esterno-padiglione","tag-evacuata","tag-feriti","tag-fiamme","tag-fratelli","tag-fratelli-italia","tag-fuoco","tag-headlines","tag-incendio","tag-indagini","tag-it","tag-italia","tag-italy","tag-mare","tag-morlando","tag-napoli","tag-news","tag-notizie","tag-notizie-di-cronaca","tag-notizie-principali","tag-notiziedicronaca","tag-notizieprincipali","tag-ospedale","tag-ospedale-mare","tag-padiglione","tag-pannellatura","tag-pazienti","tag-personale","tag-polizia","tag-pomeriggio","tag-ponticelli","tag-rogo","tag-sanita","tag-titoli","tag-ultime-notizie","tag-ultime-notizie-di-cronaca","tag-ultime-notizie-e-news-di-oggi","tag-ultimenotizie","tag-ultimenotiziedicronaca","tag-ultimenotizieenewsdioggi","tag-vigili","tag-vigili-fuoco"],"share_on_mastodon":{"url":"","error":"Validation failed: Text character limit of 500 exceeded"},"_links":{"self":[{"href":"https:\/\/www.europesays.com\/it\/wp-json\/wp\/v2\/posts\/549938","targetHints":{"allow":["GET"]}}],"collection":[{"href":"https:\/\/www.europesays.com\/it\/wp-json\/wp\/v2\/posts"}],"about":[{"href":"https:\/\/www.europesays.com\/it\/wp-json\/wp\/v2\/types\/post"}],"author":[{"embeddable":true,"href":"https:\/\/www.europesays.com\/it\/wp-json\/wp\/v2\/users\/3"}],"replies":[{"embeddable":true,"href":"https:\/\/www.europesays.com\/it\/wp-json\/wp\/v2\/comments?post=549938"}],"version-history":[{"count":0,"href":"https:\/\/www.europesays.com\/it\/wp-json\/wp\/v2\/posts\/549938\/revisions"}],"wp:featuredmedia":[{"embeddable":true,"href":"https:\/\/www.europesays.com\/it\/wp-json\/wp\/v2\/media\/549939"}],"wp:attachment":[{"href":"https:\/\/www.europesays.com\/it\/wp-json\/wp\/v2\/media?parent=549938"}],"wp:term":[{"taxonomy":"category","embeddable":true,"href":"https:\/\/www.europesays.com\/it\/wp-json\/wp\/v2\/categories?post=549938"},{"taxonomy":"post_tag","embeddable":true,"href":"https:\/\/www.europesays.com\/it\/wp-json\/wp\/v2\/tags?post=549938"}],"curies":[{"name":"wp","href":"https:\/\/api.w.org\/{rel}","templated":true}]}}