{"id":550114,"date":"2026-06-21T23:53:30","date_gmt":"2026-06-21T23:53:30","guid":{"rendered":"https:\/\/www.europesays.com\/it\/550114\/"},"modified":"2026-06-21T23:53:30","modified_gmt":"2026-06-21T23:53:30","slug":"demi-moore-il-toccante-abbraccio-a-bruce-willis-per-la-festa-del-papa-la-dolce-dedica","status":"publish","type":"post","link":"https:\/\/www.europesays.com\/it\/550114\/","title":{"rendered":"Demi Moore, il toccante abbraccio a Bruce Willis per la festa del pap\u00e0: la dolce dedica"},"content":{"rendered":"<p>Ci sono amori che, quando finiscono, lasciano dietro di s\u00e9 soltanto rancore o silenzio. O peggio, come \u00e8 successo ad Amber Heard e Johnny Depp. E poi ce ne sono altri che si trasformano in una famiglia che resta, moderna. <strong>Demi Moore<\/strong> ha scelto la festa del pap\u00e0 per tornare a parlare di <strong>Bruce Willis<\/strong>.<\/p>\n<p>Sul suo profilo Instagram l\u2019attrice ha pubblicato un carosello dedicato all\u2019ex marito, padre delle loro tre figlie <strong>Rumer, Scout e Tallulah<\/strong>, con poche parole ad accompagnarlo:\n<\/p>\n<blockquote>\n<p>\u201cGenerations of love. Today we celebrate our incredible BW. Sending love to all the fathers, today and always\u201d.<\/p>\n<\/blockquote>\n<p>Tradotto: \u201cGenerazioni d\u2019amore. Oggi celebriamo il nostro incredibile BW. Un abbraccio a tutti i pap\u00e0, oggi e sempre\u201d.<\/p>\n<p>BW, per chi guarda la famiglia da fuori, non \u00e8 un marchio di un\u2019utilitaria tedesca, ma \u00e8 semplicemente <a href=\"https:\/\/dilei.it\/star-e-vip\/bruce-willis\/\" rel=\"nofollow noopener\" target=\"_blank\">Bruce Willis<\/a>. Non solo l\u2019attore di <strong>Die Hard<\/strong>, non solo la star: una sigla privata, che negli anni la famiglia Willis-Moore ha reso comprensibile anche a noi che li seguiamo da lontano.<\/p>\n<p>Demi Moore, la dedica a Bruce Willis per la festa del pap\u00e0<\/p>\n<p>\u201cGenerations of love\u201d racconta una famiglia vista attraverso il tempo: le figlie nate con Bruce Willis, i nipoti, i ricordi condivisi, la vita che continua a tenere insieme stagioni diverse, nonostante tutto. Il tono non \u00e8 la nostalgia pesante. \u00c8 qualcosa di pi\u00f9 domestico, oseremmo dire \u201c<strong>normale<\/strong>\u201d. Poche parole, poca poesia per fortuna, nessuna emozione forzata. Tanto basta per collocare Bruce Willis nel ruolo che la famiglia continua a riconoscergli: padre, nonno, figura amata.<\/p>\n<blockquote class=\"instagram-media\" data-instgrm-captioned=\"\" data-instgrm-permalink=\"https:\/\/www.instagram.com\/p\/DZ2eqn3DkJN\/?utm_source=ig_embed&amp;utm_campaign=loading\" data-instgrm-version=\"14\" style=\" background:#FFF; border:0; border-radius:3px; box-shadow:0 0 1px 0 rgba(0,0,0,0.5),0 1px 10px 0 rgba(0,0,0,0.15); margin: 1px; max-width:100%; min-width:326px; padding:0; width:99.375%; width:-webkit-calc(100% - 2px); width:calc(100% - 2px);\"\/>\n<p>Una famiglia allargata che ha imparato a restare<\/p>\n<p><a href=\"https:\/\/dilei.it\/star-e-vip\/demi-moore\/\" rel=\"nofollow noopener\" target=\"_blank\">Demi Moore<\/a> e Bruce Willis sono stati sposati dal 1987 al 2000. Tre figlie, e poi un <strong>divorzio<\/strong> che non ha seguito il copione abituale di Hollywood. Nessuna guerra esibita, nessuno spettacolo su YouTube in diretta dal tribunale. Piuttosto una presenza costante, che torna puntuale nei momenti che contano.<\/p>\n<p>Era <strong>gi\u00e0 successo nel giugno 2024<\/strong>: per la festa del pap\u00e0 Demi Moore aveva condiviso alcune immagini d\u2019archivio di Bruce Willis, e lo aveva fatto insieme a <a href=\"https:\/\/dilei.it\/vip\/bruce-willis-dedica-moglie-emma-anniversario\/1606234\/\" rel=\"nofollow noopener\" target=\"_blank\">Emma Heming Willis<\/a>, attuale moglie dell\u2019attore. Negli scatti, Bruce con le figlie pi\u00f9 grandi e con le due bambine avute da Emma, Mabel Ray ed Evelyn Penn.<\/p>\n<blockquote class=\"instagram-media\" data-instgrm-captioned=\"\" data-instgrm-permalink=\"https:\/\/www.instagram.com\/p\/C8SMdUduUbn\/?utm_source=ig_embed&amp;utm_campaign=loading\" data-instgrm-version=\"14\" style=\" background:#FFF; border:0; border-radius:3px; box-shadow:0 0 1px 0 rgba(0,0,0,0.5),0 1px 10px 0 rgba(0,0,0,0.15); margin: 1px; max-width:100%; min-width:326px; padding:0; width:99.375%; width:-webkit-calc(100% - 2px); width:calc(100% - 2px);\"\/>\n<p>Bruce Willis nonno, e le generazioni che si allargano<\/p>\n<p>Il riferimento alle \u201cgenerazioni\u201d, poi, porta dritto a <a href=\"https:\/\/dilei.it\/star-e-vip\/rumer-willis\/\" rel=\"nofollow noopener\" target=\"_blank\">Rumer Willis<\/a>, diventata <strong>mamma di Louetta nel 2023<\/strong>. La figlia maggiore ha spesso raccontato il legame speciale tra il padre e la nipotina: piccoli momenti tra nonno e nipote, frammenti di quotidianit\u00e0. Sono dettagli minuscoli, certo. Ma aiutano a capire perch\u00e9 questo post pesi pi\u00f9 di una semplice dedica social.<\/p>\n<p>Perch\u00e9 <strong>non si tratta soltanto della festa del pap\u00e0<\/strong>. \u00c8 il ritratto di una famiglia che, davanti al tempo e alla malattia, continua a custodire la memoria dei gesti quotidiani.<\/p>\n<p>La malattia e il riserbo: parlare poco, senza sparire<\/p>\n<p>Nel 2022 la famiglia aveva annunciato il ritiro di Bruce Willis dalle scene, dopo la diagnosi di <a href=\"https:\/\/dilei.it\/vip\/bruce-willis-ritiro-malattia-addio-scene\/1131141\/\" rel=\"nofollow noopener\" target=\"_blank\">afasia<\/a>, un disturbo che pu\u00f2 compromettere la capacit\u00e0 di comunicare. L\u2019anno dopo, nel 2023, \u00e8 arrivata la comunicazione di una <strong>demenza frontotemporale<\/strong>.<\/p>\n<p>Da allora Demi Moore, Emma Heming Willis e le figlie hanno scelto una linea molto riconoscibile, quasi una postura: <strong>parlare poco, ma non sparire<\/strong>. Aggiornamenti centellinati, compleanni, immagini familiari, momenti privati selezionati con cura. Una differenza non da poco, rispetto al rumore a cui certe storie ci hanno abituati.<\/p>\n<p>Generations of love, o l\u2019arte di restare famiglia<\/p>\n<p>Nell\u2019epoca delle Kardashians dove fa brand soprattutto una lite accesa tra due sorelle, \u201cGenerations of love\u201d \u00e8 il contrario. Il passato con Bruce Willis, le figlie cresciute, i nipoti, Emma e le due bambine nate dal secondo matrimonio. Un mosaico che non ha bisogno di essere spiegato pezzo per pezzo. E in quel post <strong>Demi Moore sembra voler restituire all\u2019ex marito un\u2019immagine intera<\/strong>, non ridotta alla diagnosi n\u00e9 alla fragilit\u00e0 di questi anni: un padre celebrato dalle donne della sua vita, un uomo circondato da chi continua ad amarlo.<\/p>\n<p>Alla fine, forse, non dovremmo essere cos\u00ec sorpresi, quando non vediamo uno scandalo. C\u2019\u00e8 semplicemente una famiglia che non coincide pi\u00f9 con il matrimonio, ma continua a esistere altrove: nella cura, nella memoria e nelle fotografie che si scelgono di condividere.<\/p>\n<p>\t<script async src=\"\/\/www.instagram.com\/embed.js\"><\/script><\/p>\n","protected":false},"excerpt":{"rendered":"Ci sono amori che, quando finiscono, lasciano dietro di s\u00e9 soltanto rancore o silenzio. O peggio, come \u00e8&hellip;\n","protected":false},"author":3,"featured_media":550115,"comment_status":"","ping_status":"","sticky":false,"template":"","format":"standard","meta":{"footnotes":"","_share_on_mastodon":"0"},"categories":[174],"tags":[1622,62836,203,230435,204,1537,90,89,86],"class_list":["post-550114","post","type-post","status-publish","format-standard","has-post-thumbnail","category-intrattenimento","tag-bruce-willis","tag-demi-moore","tag-entertainment","tag-festa-del-papa","tag-intrattenimento","tag-it","tag-italia","tag-italy","tag-vip"],"share_on_mastodon":{"url":"","error":""},"_links":{"self":[{"href":"https:\/\/www.europesays.com\/it\/wp-json\/wp\/v2\/posts\/550114","targetHints":{"allow":["GET"]}}],"collection":[{"href":"https:\/\/www.europesays.com\/it\/wp-json\/wp\/v2\/posts"}],"about":[{"href":"https:\/\/www.europesays.com\/it\/wp-json\/wp\/v2\/types\/post"}],"author":[{"embeddable":true,"href":"https:\/\/www.europesays.com\/it\/wp-json\/wp\/v2\/users\/3"}],"replies":[{"embeddable":true,"href":"https:\/\/www.europesays.com\/it\/wp-json\/wp\/v2\/comments?post=550114"}],"version-history":[{"count":0,"href":"https:\/\/www.europesays.com\/it\/wp-json\/wp\/v2\/posts\/550114\/revisions"}],"wp:featuredmedia":[{"embeddable":true,"href":"https:\/\/www.europesays.com\/it\/wp-json\/wp\/v2\/media\/550115"}],"wp:attachment":[{"href":"https:\/\/www.europesays.com\/it\/wp-json\/wp\/v2\/media?parent=550114"}],"wp:term":[{"taxonomy":"category","embeddable":true,"href":"https:\/\/www.europesays.com\/it\/wp-json\/wp\/v2\/categories?post=550114"},{"taxonomy":"post_tag","embeddable":true,"href":"https:\/\/www.europesays.com\/it\/wp-json\/wp\/v2\/tags?post=550114"}],"curies":[{"name":"wp","href":"https:\/\/api.w.org\/{rel}","templated":true}]}}