{"id":550155,"date":"2026-06-22T00:47:20","date_gmt":"2026-06-22T00:47:20","guid":{"rendered":"https:\/\/www.europesays.com\/it\/550155\/"},"modified":"2026-06-22T00:47:20","modified_gmt":"2026-06-22T00:47:20","slug":"arisa-le-foto-in-lingerie-scatenano-i-commenti-sul-fisico-svuotata-dentro-e-fuori","status":"publish","type":"post","link":"https:\/\/www.europesays.com\/it\/550155\/","title":{"rendered":"Arisa, le foto in lingerie scatenano i commenti sul fisico: \u00abSvuotata dentro e fuori\u00bb"},"content":{"rendered":"<p>Nuovo scatto, vecchia storia. <strong><a href=\"https:\/\/www.ilgazzettino.it\/t\/arisa\" rel=\"nofollow noopener\" target=\"_blank\">Arisa<\/a><\/strong> torna a far parlare di s\u00e9 e, come accade ormai regolarmente a ogni sua apparizione, il web si spacca istantaneamente in due. Non \u00e8 una novit\u00e0: la <strong>radicale trasformazione dell&#8217;artista <\/strong>\u00e8 un percorso evidente iniziato gi\u00e0 da tempo, una vera e propria svolta nell&#8217;immagine che il pubblico ha imparato a seguire passo dopo passo a partire dall&#8217;ultimo Sanremo.<\/p>\n<p>    &#13;<\/p>\n<p>APPROFONDIMENTI<\/p>\n<p>&#13;<br \/>\n        &#13;<\/p>\n<p><img decoding=\"async\" alt=\"\" src=\"https:\/\/www.europesays.com\/it\/wp-content\/uploads\/2026\/06\/arisa_instagram_21173342.jpg\"\/><\/p>\n<p>Arisa (foto dal profilo Instagram)<\/p>\n<p>Eppure, le ultime foto pubblicate sul suo profilo Instagram,\u00a0sono riuscite a infiammare nuovamente la rete. <\/p>\n<p>Posando in lingerie color cipria, con lunghi capelli scuri e uno sguardo magnetico, Arisa ha mostrato ancora una volta quella silhouette fortemente sfinata e ultra-light che continua a dividere i follower, trasformando un&#8217;evoluzione personale nell&#8217;ennesimo capitolo di un acceso dibattito social.<strong>La reazione,\u00a0tra accuse e solidariet\u00e0<\/strong> <\/p>\n<p><img decoding=\"async\" alt=\"\" src=\"https:\/\/www.europesays.com\/it\/wp-content\/uploads\/2026\/06\/whatsapp_image_2026_06_21_at_17.08.23_21173428.jpg\"\/><\/p>\n<p>In pochissimo tempo la sezione commenti \u00e8 diventata un terreno di scontro tra detrattori e sostenitori. Da un lato c&#8217;\u00e8 chi l&#8217;attacca duramente, arrivando a definire la sua nuova immagine come <strong>\u00absvuotata dentro e fuori<\/strong>\u00bb o puntando il dito contro la rapidit\u00e0 del cambiamento: \u00ab\u00c8 evidente che non sta bene\u00bb, \u00abTroppo magra in poco tempo, non \u00e8 un buon messaggio per le ragazze\u00bb. Tra le insinuazioni pi\u00f9 ricorrenti tra gli haters spicca quella legata all&#8217;uso dell&#8217;Ozempic, il farmaco per diabetici diventato famosissimo a Hollywood per le sue propriet\u00e0 dimagranti.<\/p>\n<p>Dall&#8217;altro lato della barricata, per\u00f2, tantissimi fan sono scesi in campo per difenderla strenuamente, stanchi del continuo giudizio sul corpo delle donne: <strong>\u00abMagra non va bene, grassa nemmeno&#8230; ma i fatti vostri?\u00bb<\/strong>. Per il momento la cantante ha scelto la via del silenzio e dell&#8217;indifferenza, evitando di replicare alle provocazioni. Gi\u00e0 circa un mese fa, di fronte a un&#8217;analoga ondata di indiscrezioni, Arisa aveva smentito categoricamente le voci sul suo conto, dichiarando con fermezza di non essere nemmeno a conoscenza di tali farmaci per la perdita di peso.\u00a0<\/p>\n<p>Al di l\u00e0 delle smentite, questa vicenda solleva un tema culturale immenso e purtroppo ancora attuale nel 2026: l&#8217;ossessione collettiva per le forme femminili. Quello che molti dimenticano \u00e8 che lo status di personaggio pubblico non cancella<strong> il diritto fondamentale alla propria individualit\u00e0. Una pretesa tossica<\/strong>. Che si tratti di un&#8217;artista da copertina o della vicina di casa, la libert\u00e0 di abitare e modificare la propria pelle a proprio piacimento dovrebbe essere un diritto sacro e indiscutibile. Essere esposti mediaticamente non significa cedere i diritti sul proprio corpo al tribunale dei social, dove l&#8217;unica regola sembra essere quella di dover commentare per forza.<\/p>\n<p><strong>Il ritorno del &#8220;filiforme&#8221;: una tendenza globale<\/strong> <\/p>\n<p>Al di l\u00e0 del caso specifico, la metamorfosi di Arisa si inserisce in un contesto culturale e di costume molto pi\u00f9 ampio che stiamo osservando a livello internazionale. Dopo anni dominati dalla celebrazione della body positivity e delle forme morbide, i red carpet d&#8217;oltreoceano \u2014 dagli Oscar fino all&#8217;ultimo Met Gala \u2014 stanno decretando il prepotente ritorno sulle passerelle di fisici estremamente filiformi e linee minimali.<\/p>\n<p>Una tendenza globale che ciclicamente si riaffaccia nel mondo dello spettacolo e della moda, influenzando inevitabilmente l&#8217;estetica delle celebrity. Nel caso di Arisa, l&#8217;unica certezza \u00e8 la sua straordinaria capacit\u00e0 di sapersi reinventare continuamente, giocando con il proprio stile e la propria immagine con assoluta libert\u00e0 e senza curarsi dei giudizi altrui.<\/p>\n","protected":false},"excerpt":{"rendered":"Nuovo scatto, vecchia storia. Arisa torna a far parlare di s\u00e9 e, come accade ormai regolarmente a ogni&hellip;\n","protected":false},"author":3,"featured_media":550156,"comment_status":"","ping_status":"","sticky":false,"template":"","format":"standard","meta":{"footnotes":"","_share_on_mastodon":"0"},"categories":[174],"tags":[53721,303214,203,204,1537,90,89,34355],"class_list":["post-550155","post","type-post","status-publish","format-standard","has-post-thumbnail","category-intrattenimento","tag-arisa","tag-dimagrita","tag-entertainment","tag-intrattenimento","tag-it","tag-italia","tag-italy","tag-ozempic"],"share_on_mastodon":{"url":"https:\/\/pubeurope.com\/@it\/116791008079020782","error":""},"_links":{"self":[{"href":"https:\/\/www.europesays.com\/it\/wp-json\/wp\/v2\/posts\/550155","targetHints":{"allow":["GET"]}}],"collection":[{"href":"https:\/\/www.europesays.com\/it\/wp-json\/wp\/v2\/posts"}],"about":[{"href":"https:\/\/www.europesays.com\/it\/wp-json\/wp\/v2\/types\/post"}],"author":[{"embeddable":true,"href":"https:\/\/www.europesays.com\/it\/wp-json\/wp\/v2\/users\/3"}],"replies":[{"embeddable":true,"href":"https:\/\/www.europesays.com\/it\/wp-json\/wp\/v2\/comments?post=550155"}],"version-history":[{"count":0,"href":"https:\/\/www.europesays.com\/it\/wp-json\/wp\/v2\/posts\/550155\/revisions"}],"wp:featuredmedia":[{"embeddable":true,"href":"https:\/\/www.europesays.com\/it\/wp-json\/wp\/v2\/media\/550156"}],"wp:attachment":[{"href":"https:\/\/www.europesays.com\/it\/wp-json\/wp\/v2\/media?parent=550155"}],"wp:term":[{"taxonomy":"category","embeddable":true,"href":"https:\/\/www.europesays.com\/it\/wp-json\/wp\/v2\/categories?post=550155"},{"taxonomy":"post_tag","embeddable":true,"href":"https:\/\/www.europesays.com\/it\/wp-json\/wp\/v2\/tags?post=550155"}],"curies":[{"name":"wp","href":"https:\/\/api.w.org\/{rel}","templated":true}]}}