{"id":550258,"date":"2026-06-22T02:52:13","date_gmt":"2026-06-22T02:52:13","guid":{"rendered":"https:\/\/www.europesays.com\/it\/550258\/"},"modified":"2026-06-22T02:52:13","modified_gmt":"2026-06-22T02:52:13","slug":"basket-serie-b-ladamant-si-muove-sul-play-seguiti-saladini-e-cappelletti","status":"publish","type":"post","link":"https:\/\/www.europesays.com\/it\/550258\/","title":{"rendered":"Basket serie B. L\u2019Adamant si muove sul play: seguiti Saladini e Cappelletti"},"content":{"rendered":"<p>L\u2019Adamant comincia a muoversi seriamente sul <strong>mercato<\/strong> e dopo aver chiuso per l\u2019arrivo dell\u2019ala Ianuale, si concentra ora su un ruolo delicatissimo come quello del <strong>playmaker titolare<\/strong>.<\/p>\n<p>Al momento sono due i profili su cui la societ\u00e0 estense ha preso informazioni: il primo \u00e8 <strong>Manuel Saladini<\/strong>, classe 2002, autentico trascinatore nella salvezza di Nocera, vicina per\u00f2 a non iscriversi al prossimo campionato a causa della mancanza di risorse sul piano economico. 180 cm per 87 kg, Saladini \u00e8 un vero e proprio folletto, non solo metronomo ma anche buon tiratore dall\u2019arco, dove viaggia oltre il 37%.<\/p>\n<p>Ferrara lo ricorda nella clamorosa d\u00e9bacle del marzo scorso, quando Saladini firm\u00f2 19 punti in 22 minuti tirando col 63% da tre. In passato, da giovanissimo, gioc\u00f2 anche a Cento, ma in A2 trov\u00f2 pochissimo spazio e minutaggio.<\/p>\n<p>Il suo \u00e8 un nome che piace e non poco, ma al momento le parti sembrano ancora distanti e non \u00e8 escluso che al ragazzo possa arrivare qualche proposta da una big del campionato. Il secondo profilo attenzionato \u00e8 quello di <strong>Carlo Cappelletti<\/strong>, che nell\u2019ultima stagione si \u00e8 diviso tra Nocera e Orzinuovi.<\/p>\n<p>Anche lui 24enne come Saladini, 183 cm per 73 kg, dopo una buonissima prima parte di stagione in Campania, chiusa con oltre 11 punti di media in 24 minuti di utilizzo, si \u00e8 meritato la chiamata di Orzinuovi nel girone A, formazione che si \u00e8 giocata i playoff fino alla fine.<\/p>\n<p>Minutaggio diminuito e con esso anche le cifre, poco pi\u00f9 di 4 punti in 12 minuti nella regular season saliti poi a 8 in 15 minuti nei playoff.<\/p>\n<p>L\u2019Adamant si \u00e8 mossa fin qui su questi due nomi per lo spot del play titolare, anche se le occasioni non mancano e nei prossimi giorni potrebbe saltare fuori anche qualche ulteriore profilo. Nel frattempo nei prossimi giorni verr\u00e0 presentato anche il nuovo general manager <strong>Gianluca Mannucchi<\/strong>.<\/p>\n<p>j.c.<\/p>\n","protected":false},"excerpt":{"rendered":"L\u2019Adamant comincia a muoversi seriamente sul mercato e dopo aver chiuso per l\u2019arrivo dell\u2019ala Ianuale, si concentra ora&hellip;\n","protected":false},"author":3,"featured_media":550259,"comment_status":"","ping_status":"","sticky":false,"template":"","format":"standard","meta":{"footnotes":"","_share_on_mastodon":"0"},"categories":[1453],"tags":[129521,1756,1757,12124,1537,90,89,22754,3521,302509,117710,1821,245,244],"class_list":["post-550258","post","type-post","status-publish","format-standard","has-post-thumbnail","category-basket","tag-adamant","tag-basket","tag-basketball","tag-cappelletti","tag-it","tag-italia","tag-italy","tag-muove","tag-play","tag-saladini","tag-seguiti","tag-serie","tag-sport","tag-sports"],"share_on_mastodon":{"url":"https:\/\/pubeurope.com\/@it\/116791498949887678","error":""},"_links":{"self":[{"href":"https:\/\/www.europesays.com\/it\/wp-json\/wp\/v2\/posts\/550258","targetHints":{"allow":["GET"]}}],"collection":[{"href":"https:\/\/www.europesays.com\/it\/wp-json\/wp\/v2\/posts"}],"about":[{"href":"https:\/\/www.europesays.com\/it\/wp-json\/wp\/v2\/types\/post"}],"author":[{"embeddable":true,"href":"https:\/\/www.europesays.com\/it\/wp-json\/wp\/v2\/users\/3"}],"replies":[{"embeddable":true,"href":"https:\/\/www.europesays.com\/it\/wp-json\/wp\/v2\/comments?post=550258"}],"version-history":[{"count":0,"href":"https:\/\/www.europesays.com\/it\/wp-json\/wp\/v2\/posts\/550258\/revisions"}],"wp:featuredmedia":[{"embeddable":true,"href":"https:\/\/www.europesays.com\/it\/wp-json\/wp\/v2\/media\/550259"}],"wp:attachment":[{"href":"https:\/\/www.europesays.com\/it\/wp-json\/wp\/v2\/media?parent=550258"}],"wp:term":[{"taxonomy":"category","embeddable":true,"href":"https:\/\/www.europesays.com\/it\/wp-json\/wp\/v2\/categories?post=550258"},{"taxonomy":"post_tag","embeddable":true,"href":"https:\/\/www.europesays.com\/it\/wp-json\/wp\/v2\/tags?post=550258"}],"curies":[{"name":"wp","href":"https:\/\/api.w.org\/{rel}","templated":true}]}}